{"id":44851,"date":"2023-09-27T18:05:06","date_gmt":"2023-09-27T21:05:06","guid":{"rendered":"https:\/\/temucotelevision.cl\/web\/?p=44851"},"modified":"2023-09-27T18:06:22","modified_gmt":"2023-09-27T21:06:22","slug":"en-queule-se-realizo-simulacro-de-evacuacion-de-tsunami","status":"publish","type":"post","link":"https:\/\/temucotelevision.cl\/web\/2023\/09\/27\/en-queule-se-realizo-simulacro-de-evacuacion-de-tsunami\/","title":{"rendered":"En Queule se realiz\u00f3 simulacro de evacuaci\u00f3n de Tsunami"},"content":{"rendered":"<div class=\"pvc_clear\"><\/div><p id=\"pvc_stats_44851\" class=\"pvc_stats total_only  \" data-element-id=\"44851\" style=\"\"><i class=\"pvc-stats-icon large\" aria-hidden=\"true\"><svg aria-hidden=\"true\" focusable=\"false\" data-prefix=\"far\" data-icon=\"chart-bar\" role=\"img\" xmlns=\"http:\/\/www.w3.org\/2000\/svg\" viewBox=\"0 0 512 512\" class=\"svg-inline--fa fa-chart-bar fa-w-16 fa-2x\"><path fill=\"currentColor\" d=\"M396.8 352h22.4c6.4 0 12.8-6.4 12.8-12.8V108.8c0-6.4-6.4-12.8-12.8-12.8h-22.4c-6.4 0-12.8 6.4-12.8 12.8v230.4c0 6.4 6.4 12.8 12.8 12.8zm-192 0h22.4c6.4 0 12.8-6.4 12.8-12.8V140.8c0-6.4-6.4-12.8-12.8-12.8h-22.4c-6.4 0-12.8 6.4-12.8 12.8v198.4c0 6.4 6.4 12.8 12.8 12.8zm96 0h22.4c6.4 0 12.8-6.4 12.8-12.8V204.8c0-6.4-6.4-12.8-12.8-12.8h-22.4c-6.4 0-12.8 6.4-12.8 12.8v134.4c0 6.4 6.4 12.8 12.8 12.8zM496 400H48V80c0-8.84-7.16-16-16-16H16C7.16 64 0 71.16 0 80v336c0 17.67 14.33 32 32 32h464c8.84 0 16-7.16 16-16v-16c0-8.84-7.16-16-16-16zm-387.2-48h22.4c6.4 0 12.8-6.4 12.8-12.8v-70.4c0-6.4-6.4-12.8-12.8-12.8h-22.4c-6.4 0-12.8 6.4-12.8 12.8v70.4c0 6.4 6.4 12.8 12.8 12.8z\" class=\"\"><\/path><\/svg><\/i> <img loading=\"lazy\" decoding=\"async\" width=\"16\" height=\"16\" alt=\"Loading\" src=\"https:\/\/temucotelevision.cl\/web\/wp-content\/plugins\/page-views-count\/ajax-loader-2x.gif\" border=0 \/><\/p><div class=\"pvc_clear\"><\/div>\n<p>Hoy se realiz\u00f3 un simulacro de evacuaci\u00f3n por &nbsp;tsunami, en la localidad de Queule comuna de Tolt\u00e9n, con el objetivo de evaluar los planes de emergencia que existen en esta localidad costera de la regi\u00f3n de la Araucan\u00eda. Esta iniciativa est\u00e1 programada junto al Servicio Regional de Prevenci\u00f3n y Respuesta ante Desastres (SENAPRED) e instituciones educativas de la zona.<\/p>\n\n\n\n<p>Guillermo Mart\u00ednez Soto, alcalde de Tolt\u00e9n, expres\u00f3 que \u201cnuestra historia nos lleva a estar siempre preparados y que mejor que realizar estos simulacros de manera coordinada para evaluar nuestras falencias y fortalezas en Queule\u201d.<\/p>\n\n\n\n<p>La localidad de Queule se encuentra en la comuna de Tolt\u00e9n y tiene demarcadas sus zonas de seguridad sobre la cota 30 de altura sobre el nivel del mar. Durante el simulacro en el que participaron personal municipal, carabineros, armada e instituciones educativas se aplicaron los protocolos que se deben ocupar cuando ocurren estas emergencias.<\/p>\n\n\n\n<figure class=\"wp-block-image size-large\"><img loading=\"lazy\" decoding=\"async\" width=\"1024\" height=\"771\" src=\"https:\/\/temucotelevision.cl\/web\/wp-content\/uploads\/2023\/09\/Tsunami3-1024x771.jpeg\" alt=\"\" class=\"wp-image-44857\" srcset=\"https:\/\/temucotelevision.cl\/web\/wp-content\/uploads\/2023\/09\/Tsunami3-1024x771.jpeg 1024w, https:\/\/temucotelevision.cl\/web\/wp-content\/uploads\/2023\/09\/Tsunami3-768x578.jpeg 768w, https:\/\/temucotelevision.cl\/web\/wp-content\/uploads\/2023\/09\/Tsunami3-1536x1156.jpeg 1536w, https:\/\/temucotelevision.cl\/web\/wp-content\/uploads\/2023\/09\/Tsunami3.jpeg 1600w\" sizes=\"auto, (max-width: 1024px) 100vw, 1024px\" \/><\/figure>\n","protected":false},"excerpt":{"rendered":"<div class=\"pvc_clear\"><\/div>\n<p id=\"pvc_stats_44851\" class=\"pvc_stats total_only  \" data-element-id=\"44851\" style=\"\"><i class=\"pvc-stats-icon large\" aria-hidden=\"true\"><svg aria-hidden=\"true\" focusable=\"false\" data-prefix=\"far\" data-icon=\"chart-bar\" role=\"img\" xmlns=\"http:\/\/www.w3.org\/2000\/svg\" viewBox=\"0 0 512 512\" class=\"svg-inline--fa fa-chart-bar fa-w-16 fa-2x\"><path fill=\"currentColor\" d=\"M396.8 352h22.4c6.4 0 12.8-6.4 12.8-12.8V108.8c0-6.4-6.4-12.8-12.8-12.8h-22.4c-6.4 0-12.8 6.4-12.8 12.8v230.4c0 6.4 6.4 12.8 12.8 12.8zm-192 0h22.4c6.4 0 12.8-6.4 12.8-12.8V140.8c0-6.4-6.4-12.8-12.8-12.8h-22.4c-6.4 0-12.8 6.4-12.8 12.8v198.4c0 6.4 6.4 12.8 12.8 12.8zm96 0h22.4c6.4 0 12.8-6.4 12.8-12.8V204.8c0-6.4-6.4-12.8-12.8-12.8h-22.4c-6.4 0-12.8 6.4-12.8 12.8v134.4c0 6.4 6.4 12.8 12.8 12.8zM496 400H48V80c0-8.84-7.16-16-16-16H16C7.16 64 0 71.16 0 80v336c0 17.67 14.33 32 32 32h464c8.84 0 16-7.16 16-16v-16c0-8.84-7.16-16-16-16zm-387.2-48h22.4c6.4 0 12.8-6.4 12.8-12.8v-70.4c0-6.4-6.4-12.8-12.8-12.8h-22.4c-6.4 0-12.8 6.4-12.8 12.8v70.4c0 6.4 6.4 12.8 12.8 12.8z\" class=\"\"><\/path><\/svg><\/i> <img loading=\"lazy\" decoding=\"async\" width=\"16\" height=\"16\" alt=\"Loading\" src=\"https:\/\/temucotelevision.cl\/web\/wp-content\/plugins\/page-views-count\/ajax-loader-2x.gif\" border=0 \/><\/p>\n<div class=\"pvc_clear\"><\/div>\n<p>Hoy se realiz\u00f3 un simulacro de evacuaci\u00f3n por &nbsp;tsunami, en la localidad de Queule comuna de Tolt\u00e9n, con el objetivo<\/p>\n","protected":false},"author":1,"featured_media":44854,"comment_status":"open","ping_status":"open","sticky":false,"template":"","format":"standard","meta":{"colormag_page_container_layout":"default_layout","colormag_page_sidebar_layout":"default_layout","footnotes":""},"categories":[15],"tags":[1489,2238,2517],"class_list":["post-44851","post","type-post","status-publish","format-standard","has-post-thumbnail","hentry","category-la-araucania","tag-queule","tag-simulacro","tag-tsunami"],"a3_pvc":{"activated":true,"total_views":2319,"today_views":0},"_links":{"self":[{"href":"https:\/\/temucotelevision.cl\/web\/wp-json\/wp\/v2\/posts\/44851","targetHints":{"allow":["GET"]}}],"collection":[{"href":"https:\/\/temucotelevision.cl\/web\/wp-json\/wp\/v2\/posts"}],"about":[{"href":"https:\/\/temucotelevision.cl\/web\/wp-json\/wp\/v2\/types\/post"}],"author":[{"embeddable":true,"href":"https:\/\/temucotelevision.cl\/web\/wp-json\/wp\/v2\/users\/1"}],"replies":[{"embeddable":true,"href":"https:\/\/temucotelevision.cl\/web\/wp-json\/wp\/v2\/comments?post=44851"}],"version-history":[{"count":2,"href":"https:\/\/temucotelevision.cl\/web\/wp-json\/wp\/v2\/posts\/44851\/revisions"}],"predecessor-version":[{"id":44859,"href":"https:\/\/temucotelevision.cl\/web\/wp-json\/wp\/v2\/posts\/44851\/revisions\/44859"}],"wp:featuredmedia":[{"embeddable":true,"href":"https:\/\/temucotelevision.cl\/web\/wp-json\/wp\/v2\/media\/44854"}],"wp:attachment":[{"href":"https:\/\/temucotelevision.cl\/web\/wp-json\/wp\/v2\/media?parent=44851"}],"wp:term":[{"taxonomy":"category","embeddable":true,"href":"https:\/\/temucotelevision.cl\/web\/wp-json\/wp\/v2\/categories?post=44851"},{"taxonomy":"post_tag","embeddable":true,"href":"https:\/\/temucotelevision.cl\/web\/wp-json\/wp\/v2\/tags?post=44851"}],"curies":[{"name":"wp","href":"https:\/\/api.w.org\/{rel}","templated":true}]}}