{"id":44847,"date":"2023-09-27T18:02:51","date_gmt":"2023-09-27T21:02:51","guid":{"rendered":"https:\/\/temucotelevision.cl\/web\/?p=44847"},"modified":"2023-09-27T18:02:52","modified_gmt":"2023-09-27T21:02:52","slug":"copa-downhill-lastarria-reunio-a-cientos-de-ciclistas-y-sus-familias","status":"publish","type":"post","link":"https:\/\/temucotelevision.cl\/web\/2023\/09\/27\/copa-downhill-lastarria-reunio-a-cientos-de-ciclistas-y-sus-familias\/","title":{"rendered":"Copa Downhill Lastarria reuni\u00f3 a cientos de ciclistas y sus familias"},"content":{"rendered":"<div class=\"pvc_clear\"><\/div><p id=\"pvc_stats_44847\" class=\"pvc_stats total_only  \" data-element-id=\"44847\" style=\"\"><i class=\"pvc-stats-icon large\" aria-hidden=\"true\"><svg aria-hidden=\"true\" focusable=\"false\" data-prefix=\"far\" data-icon=\"chart-bar\" role=\"img\" xmlns=\"http:\/\/www.w3.org\/2000\/svg\" viewBox=\"0 0 512 512\" class=\"svg-inline--fa fa-chart-bar fa-w-16 fa-2x\"><path fill=\"currentColor\" d=\"M396.8 352h22.4c6.4 0 12.8-6.4 12.8-12.8V108.8c0-6.4-6.4-12.8-12.8-12.8h-22.4c-6.4 0-12.8 6.4-12.8 12.8v230.4c0 6.4 6.4 12.8 12.8 12.8zm-192 0h22.4c6.4 0 12.8-6.4 12.8-12.8V140.8c0-6.4-6.4-12.8-12.8-12.8h-22.4c-6.4 0-12.8 6.4-12.8 12.8v198.4c0 6.4 6.4 12.8 12.8 12.8zm96 0h22.4c6.4 0 12.8-6.4 12.8-12.8V204.8c0-6.4-6.4-12.8-12.8-12.8h-22.4c-6.4 0-12.8 6.4-12.8 12.8v134.4c0 6.4 6.4 12.8 12.8 12.8zM496 400H48V80c0-8.84-7.16-16-16-16H16C7.16 64 0 71.16 0 80v336c0 17.67 14.33 32 32 32h464c8.84 0 16-7.16 16-16v-16c0-8.84-7.16-16-16-16zm-387.2-48h22.4c6.4 0 12.8-6.4 12.8-12.8v-70.4c0-6.4-6.4-12.8-12.8-12.8h-22.4c-6.4 0-12.8 6.4-12.8 12.8v70.4c0 6.4 6.4 12.8 12.8 12.8z\" class=\"\"><\/path><\/svg><\/i> <img loading=\"lazy\" decoding=\"async\" width=\"16\" height=\"16\" alt=\"Loading\" src=\"https:\/\/temucotelevision.cl\/web\/wp-content\/plugins\/page-views-count\/ajax-loader-2x.gif\" border=0 \/><\/p><div class=\"pvc_clear\"><\/div>\n<ul class=\"wp-block-list\">\n<li><em>La jornada, llevada a cabo en el Parque CMPC Lastarria de Loncoche, fue organizada por Pinkmud Team y patrocinada por la empresa y la municipalidad. <\/em><em><\/em><\/li>\n<\/ul>\n\n\n\n<p>La actividad se desarroll\u00f3 en dos etapas. En la primera, realizada el s\u00e1bado 23, los participantes se acreditaron, recibieron una charla t\u00e9cnica y entrenaron para la competencia del domingo, que comenz\u00f3 a las 9.30 horas con la Qualy y cuya gran final comenz\u00f3 a eso de las 14.00 horas. Luego de una jornada de emoci\u00f3n y velocidad se pas\u00f3 a la premiaci\u00f3n, donde quienes encabezaron cada categor\u00eda recibieron su merecida recompensa.<\/p>\n\n\n\n<p>As\u00ed, los vencedores por la esperada Copa Downhill Lastarria resultaron ser, en categor\u00eda general varones, Hans Pulgar, Alejandro Moncada y Nicol\u00e1s Espejo con tiempos 2:35, 2:37 y 2:39 minutos; mientras que, en la general mujeres, el primer lugar lo obtuvo Catalina Acu\u00f1a, el segundo Gabriela Vera y cerr\u00f3 el podio Sof\u00eda Silva, con tiempos de 3:18, 3:22, 3:35 respectivamente.<\/p>\n\n\n\n<p>Con la organizaci\u00f3n del Pinkmud Team, y el patrocinio de CMPC y su Red de Parques, y la Municipalidad de Loncoche, se cerr\u00f3 un nuevo hito deportivo que dej\u00f3 felices a los participantes. Hans Pulgar, corredor de Novena Racing, quien obtuvo el primer lugar general varones, indic\u00f3 que \u201cayer comenzamos con un d\u00eda de entrenamientos nublado, pero al final del d\u00eda se mejor\u00f3 el clima, as\u00ed que pudimos hacer unas buenas bajadas. Hoy me voy con el primer lugar de la clasificaci\u00f3n. Llevo meses entrenando en un gimnasio de Los \u00c1ngeles, donde preparamos mi f\u00edsico semanalmente. Loncoche siempre se ha destacado por su pista que es bien bike park, rutas bien amplias, as\u00ed que el suelo siempre es exquisito ac\u00e1, as\u00ed que solo hay que venir, agarrarle el ritmo y soltar\u201d.<\/p>\n\n\n\n<p>Por su parte, Gabriela Vera, de Pinkmud Team de Loncoche y corredora del equipo Spotbike de Valdivia, precis\u00f3 que \u201csoy parte de la organizaci\u00f3n, le pusimos harto empe\u00f1o y coraz\u00f3n, estuvimos trabajando mucho para que este evento saliera bien. Estamos muy contentos de la convocatoria, as\u00ed que agradecemos la participaci\u00f3n\u201d.&nbsp;<\/p>\n\n\n\n<p>Enzo Giusti, gestor de relacionamiento territorial de CMPC comuna de Loncoche, sostuvo que \u201ceste parque ha sido muy bien acogido por Loncoche, es una comunidad que vive del ciclismo y siempre han tratado de mantener relaciones con nosotros en el uso de los bosques cercanos que tenemos y adem\u00e1s el cuidado y protecci\u00f3n de ellos mismos. Mucha gente no sabe d\u00f3nde poder salir y esto es ancla para ellos, es ideal para poder brindar un poco de aire libre. Ha sido un muy buen aporte y un acierto que CMPC haya tomado Parque Lastarria como proyecto Bosque Vivo\u201d.<\/p>\n\n\n\n<p>Por su parte, Carolina Campos, presidenta del club de ciclismo Pinkmud Team, se\u00f1al\u00f3 que hoy \u201cvivimos la primera versi\u00f3n de la Copa Downhill Lastarria a\u00f1o 2023, donde nos encontramos con m\u00e1s de 150 corredores con sus familias, quienes nos han venido a apoyar, por lo que agradecer tambi\u00e9n a nuestros auspiciadores. Esta copa naci\u00f3 de la intenci\u00f3n de un grupo de ciclistas y de su equipo directivo, que est\u00e1 en su mayor\u00eda compuesto por mujeres, donde hemos visto la necesidad de este deporte extremo de poder explayarse a trav\u00e9s de este tipo de competencias\u201d, puntualiz\u00f3.<\/p>\n\n\n\n<p><strong>Lo que viene<\/strong><\/p>\n\n\n\n<p>Pero el deporte no se detiene. El 1 de octubre, tambi\u00e9n en el Parque CMPC Lastarria, se vivir\u00e1 la primera fecha de inauguraci\u00f3n del campeonato regional Araucan\u00eda Mountainbike Tour 2023, modalidad Cross Country. Con un circuito de 33 kil\u00f3metros y 1.100 metros de desnivel, participantes de diversas comunas de la regi\u00f3n y tambi\u00e9n de regiones vecinas como Los Lagos, Los R\u00edos, Biob\u00edo y Maule compartir\u00e1n esta fiesta del deporte en dos ruedas en un campeonato apoyado CMPC y por la Federaci\u00f3n de Ciclismo de Chile y que permite acumular puntajes para el ranking nacional.<\/p>\n\n\n\n<p><strong>Parque Lastarria: centro familiar y del deporte<\/strong><\/p>\n\n\n\n<p>Bosque Vivo, Red de Parques de CMPC, es un proyecto que busca que los predios de la empresa sean espacios para el desarrollo del deporte y de la vida al aire libre. Adem\u00e1s, busca potenciar la actividad econ\u00f3mica de la comuna, trabajando de manera conjunta con los vecinos del sector.<\/p>\n\n\n\n<p>El subgerente de Relacionamiento Territorial Sur en CMPC, Juan Pablo Fuentes, jefe de Relacionamiento Comunitario de CMPC, destac\u00f3 el gran aporte al deporte y a la vida familiar en medio de la naturaleza que ofrece el Parque. \u201cEste tipo de iniciativas son ideales para que la comunidad vecina al parque, como tambi\u00e9n aquellas de otras comunas, puedan disfrutar de la naturaleza, con seguridad y en familia. El proyecto Bosque Vivo y en particular el Parque CMPC Lastarria, se pens\u00f3 con esos objetivos y estamos muy conformes con lo logrado hasta ahora\u201d, enfatiz\u00f3.<\/p>\n\n\n\n<figure class=\"wp-block-image size-large\"><img loading=\"lazy\" decoding=\"async\" width=\"1024\" height=\"683\" src=\"https:\/\/temucotelevision.cl\/web\/wp-content\/uploads\/2023\/09\/Premiacion-Downhill-Loncoche-5-1-1024x683.jpg\" alt=\"\" class=\"wp-image-44849\" srcset=\"https:\/\/temucotelevision.cl\/web\/wp-content\/uploads\/2023\/09\/Premiacion-Downhill-Loncoche-5-1-1024x683.jpg 1024w, https:\/\/temucotelevision.cl\/web\/wp-content\/uploads\/2023\/09\/Premiacion-Downhill-Loncoche-5-1-768x512.jpg 768w, https:\/\/temucotelevision.cl\/web\/wp-content\/uploads\/2023\/09\/Premiacion-Downhill-Loncoche-5-1.jpg 1080w\" sizes=\"auto, (max-width: 1024px) 100vw, 1024px\" \/><\/figure>\n","protected":false},"excerpt":{"rendered":"<div class=\"pvc_clear\"><\/div>\n<p id=\"pvc_stats_44847\" class=\"pvc_stats total_only  \" data-element-id=\"44847\" style=\"\"><i class=\"pvc-stats-icon large\" aria-hidden=\"true\"><svg aria-hidden=\"true\" focusable=\"false\" data-prefix=\"far\" data-icon=\"chart-bar\" role=\"img\" xmlns=\"http:\/\/www.w3.org\/2000\/svg\" viewBox=\"0 0 512 512\" class=\"svg-inline--fa fa-chart-bar fa-w-16 fa-2x\"><path fill=\"currentColor\" d=\"M396.8 352h22.4c6.4 0 12.8-6.4 12.8-12.8V108.8c0-6.4-6.4-12.8-12.8-12.8h-22.4c-6.4 0-12.8 6.4-12.8 12.8v230.4c0 6.4 6.4 12.8 12.8 12.8zm-192 0h22.4c6.4 0 12.8-6.4 12.8-12.8V140.8c0-6.4-6.4-12.8-12.8-12.8h-22.4c-6.4 0-12.8 6.4-12.8 12.8v198.4c0 6.4 6.4 12.8 12.8 12.8zm96 0h22.4c6.4 0 12.8-6.4 12.8-12.8V204.8c0-6.4-6.4-12.8-12.8-12.8h-22.4c-6.4 0-12.8 6.4-12.8 12.8v134.4c0 6.4 6.4 12.8 12.8 12.8zM496 400H48V80c0-8.84-7.16-16-16-16H16C7.16 64 0 71.16 0 80v336c0 17.67 14.33 32 32 32h464c8.84 0 16-7.16 16-16v-16c0-8.84-7.16-16-16-16zm-387.2-48h22.4c6.4 0 12.8-6.4 12.8-12.8v-70.4c0-6.4-6.4-12.8-12.8-12.8h-22.4c-6.4 0-12.8 6.4-12.8 12.8v70.4c0 6.4 6.4 12.8 12.8 12.8z\" class=\"\"><\/path><\/svg><\/i> <img loading=\"lazy\" decoding=\"async\" width=\"16\" height=\"16\" alt=\"Loading\" src=\"https:\/\/temucotelevision.cl\/web\/wp-content\/plugins\/page-views-count\/ajax-loader-2x.gif\" border=0 \/><\/p>\n<div class=\"pvc_clear\"><\/div>\n<p>La actividad se desarroll\u00f3 en dos etapas. En la primera, realizada el s\u00e1bado 23, los participantes se acreditaron, recibieron una<\/p>\n","protected":false},"author":1,"featured_media":44848,"comment_status":"open","ping_status":"open","sticky":false,"template":"","format":"standard","meta":{"colormag_page_container_layout":"default_layout","colormag_page_sidebar_layout":"default_layout","footnotes":""},"categories":[14],"tags":[4054,2365,863],"class_list":["post-44847","post","type-post","status-publish","format-standard","has-post-thumbnail","hentry","category-temuco","tag-ciclistas","tag-cmpc","tag-copa"],"a3_pvc":{"activated":true,"total_views":1970,"today_views":0},"_links":{"self":[{"href":"https:\/\/temucotelevision.cl\/web\/wp-json\/wp\/v2\/posts\/44847","targetHints":{"allow":["GET"]}}],"collection":[{"href":"https:\/\/temucotelevision.cl\/web\/wp-json\/wp\/v2\/posts"}],"about":[{"href":"https:\/\/temucotelevision.cl\/web\/wp-json\/wp\/v2\/types\/post"}],"author":[{"embeddable":true,"href":"https:\/\/temucotelevision.cl\/web\/wp-json\/wp\/v2\/users\/1"}],"replies":[{"embeddable":true,"href":"https:\/\/temucotelevision.cl\/web\/wp-json\/wp\/v2\/comments?post=44847"}],"version-history":[{"count":1,"href":"https:\/\/temucotelevision.cl\/web\/wp-json\/wp\/v2\/posts\/44847\/revisions"}],"predecessor-version":[{"id":44850,"href":"https:\/\/temucotelevision.cl\/web\/wp-json\/wp\/v2\/posts\/44847\/revisions\/44850"}],"wp:featuredmedia":[{"embeddable":true,"href":"https:\/\/temucotelevision.cl\/web\/wp-json\/wp\/v2\/media\/44848"}],"wp:attachment":[{"href":"https:\/\/temucotelevision.cl\/web\/wp-json\/wp\/v2\/media?parent=44847"}],"wp:term":[{"taxonomy":"category","embeddable":true,"href":"https:\/\/temucotelevision.cl\/web\/wp-json\/wp\/v2\/categories?post=44847"},{"taxonomy":"post_tag","embeddable":true,"href":"https:\/\/temucotelevision.cl\/web\/wp-json\/wp\/v2\/tags?post=44847"}],"curies":[{"name":"wp","href":"https:\/\/api.w.org\/{rel}","templated":true}]}}