{"id":44845,"date":"2023-09-27T17:57:51","date_gmt":"2023-09-27T20:57:51","guid":{"rendered":"https:\/\/temucotelevision.cl\/web\/?p=44845"},"modified":"2023-09-27T17:57:52","modified_gmt":"2023-09-27T20:57:52","slug":"en-el-dia-mundial-del-turismo-diputado-jorge-rathgeb-solicita-al-gobierno-implementar-planes-para-reactivar-al-gremio","status":"publish","type":"post","link":"https:\/\/temucotelevision.cl\/web\/2023\/09\/27\/en-el-dia-mundial-del-turismo-diputado-jorge-rathgeb-solicita-al-gobierno-implementar-planes-para-reactivar-al-gremio\/","title":{"rendered":"En el d\u00eda mundial del turismo diputado Jorge Rathgeb solicita al Gobierno implementar planes para reactivar al gremio"},"content":{"rendered":"<div class=\"pvc_clear\"><\/div><p id=\"pvc_stats_44845\" class=\"pvc_stats total_only  \" data-element-id=\"44845\" style=\"\"><i class=\"pvc-stats-icon large\" aria-hidden=\"true\"><svg aria-hidden=\"true\" focusable=\"false\" data-prefix=\"far\" data-icon=\"chart-bar\" role=\"img\" xmlns=\"http:\/\/www.w3.org\/2000\/svg\" viewBox=\"0 0 512 512\" class=\"svg-inline--fa fa-chart-bar fa-w-16 fa-2x\"><path fill=\"currentColor\" d=\"M396.8 352h22.4c6.4 0 12.8-6.4 12.8-12.8V108.8c0-6.4-6.4-12.8-12.8-12.8h-22.4c-6.4 0-12.8 6.4-12.8 12.8v230.4c0 6.4 6.4 12.8 12.8 12.8zm-192 0h22.4c6.4 0 12.8-6.4 12.8-12.8V140.8c0-6.4-6.4-12.8-12.8-12.8h-22.4c-6.4 0-12.8 6.4-12.8 12.8v198.4c0 6.4 6.4 12.8 12.8 12.8zm96 0h22.4c6.4 0 12.8-6.4 12.8-12.8V204.8c0-6.4-6.4-12.8-12.8-12.8h-22.4c-6.4 0-12.8 6.4-12.8 12.8v134.4c0 6.4 6.4 12.8 12.8 12.8zM496 400H48V80c0-8.84-7.16-16-16-16H16C7.16 64 0 71.16 0 80v336c0 17.67 14.33 32 32 32h464c8.84 0 16-7.16 16-16v-16c0-8.84-7.16-16-16-16zm-387.2-48h22.4c6.4 0 12.8-6.4 12.8-12.8v-70.4c0-6.4-6.4-12.8-12.8-12.8h-22.4c-6.4 0-12.8 6.4-12.8 12.8v70.4c0 6.4 6.4 12.8 12.8 12.8z\" class=\"\"><\/path><\/svg><\/i> <img loading=\"lazy\" decoding=\"async\" width=\"16\" height=\"16\" alt=\"Loading\" src=\"https:\/\/temucotelevision.cl\/web\/wp-content\/plugins\/page-views-count\/ajax-loader-2x.gif\" border=0 \/><\/p><div class=\"pvc_clear\"><\/div>\n<p><strong>El parlamentario se\u00f1al\u00f3 que debido a la situaci\u00f3n que se vive en la Regi\u00f3n, los eventos naturales que se ha debido enfrentar, el turismo no est\u00e1 pasando por un buen momento por lo cual es necesario mayor apoyo desde el Ejecutivo.<\/strong><\/p>\n\n\n\n<p>La Araucan\u00eda es una Regi\u00f3n que destaca por sus bellezas naturales y encantos, que hacen de esta, uno de los destinos obligados para visitar tanto por turistas nacionales como del extranjeros.<\/p>\n\n\n\n<p>En el marco del D\u00eda Internacional del Turismo, el diputado de Renovaci\u00f3n Nacional y presidente regional de la colectividad, Jorge Rathgeb Schifferli, solicit\u00f3 al Gobierno, implementar acciones que vayan en pos de la reactivaci\u00f3n de este gremio.<\/p>\n\n\n\n<p>Los hechos de violencia que se han registrado, los eventos naturales que se est\u00e1n viviendo, han sido factores para que la actividad haya bajado y es por eso que ahora el apoyo de las autoridades es trascendental.<\/p>\n\n\n\n<p>Rathgeb espera que el Ejecutivo pueda plantear una agenda que de seguridad y as\u00ed nuevamente poner el turismo regional en primera escena, con un respaldo concreto para quienes viven de este sector.<\/p>\n\n\n\n<p>&#8220;Tenemos una Regi\u00f3n llena de atractivos y debido a las contingencias que vivimos a diario, se ha provocado una merma en la actividad tur\u00edstica. Mi llamado al Gobierno es a implementar medidas para darle un empuj\u00f3n a la actividad y La Araucan\u00eda siga siendo un referente para todos quienes la visitan y esto permita mejorar la econom\u00eda, m\u00e1s fuentes laborales y todas las ventajas que esto trae consigo&#8221;, indic\u00f3 el diputado Rathgeb.<\/p>\n\n\n\n<p>El congresista indic\u00f3 que se ha reunido con distintas agrupaciones dedicadas al tema, que ven con preocupaci\u00f3n el escenario que se est\u00e1 dando actualmente y en el futuro, raz\u00f3n por la cual apela al Gobierno para que pueda brindar apoyo al sector.<\/p>\n","protected":false},"excerpt":{"rendered":"<div class=\"pvc_clear\"><\/div>\n<p id=\"pvc_stats_44845\" class=\"pvc_stats total_only  \" data-element-id=\"44845\" style=\"\"><i class=\"pvc-stats-icon large\" aria-hidden=\"true\"><svg aria-hidden=\"true\" focusable=\"false\" data-prefix=\"far\" data-icon=\"chart-bar\" role=\"img\" xmlns=\"http:\/\/www.w3.org\/2000\/svg\" viewBox=\"0 0 512 512\" class=\"svg-inline--fa fa-chart-bar fa-w-16 fa-2x\"><path fill=\"currentColor\" d=\"M396.8 352h22.4c6.4 0 12.8-6.4 12.8-12.8V108.8c0-6.4-6.4-12.8-12.8-12.8h-22.4c-6.4 0-12.8 6.4-12.8 12.8v230.4c0 6.4 6.4 12.8 12.8 12.8zm-192 0h22.4c6.4 0 12.8-6.4 12.8-12.8V140.8c0-6.4-6.4-12.8-12.8-12.8h-22.4c-6.4 0-12.8 6.4-12.8 12.8v198.4c0 6.4 6.4 12.8 12.8 12.8zm96 0h22.4c6.4 0 12.8-6.4 12.8-12.8V204.8c0-6.4-6.4-12.8-12.8-12.8h-22.4c-6.4 0-12.8 6.4-12.8 12.8v134.4c0 6.4 6.4 12.8 12.8 12.8zM496 400H48V80c0-8.84-7.16-16-16-16H16C7.16 64 0 71.16 0 80v336c0 17.67 14.33 32 32 32h464c8.84 0 16-7.16 16-16v-16c0-8.84-7.16-16-16-16zm-387.2-48h22.4c6.4 0 12.8-6.4 12.8-12.8v-70.4c0-6.4-6.4-12.8-12.8-12.8h-22.4c-6.4 0-12.8 6.4-12.8 12.8v70.4c0 6.4 6.4 12.8 12.8 12.8z\" class=\"\"><\/path><\/svg><\/i> <img loading=\"lazy\" decoding=\"async\" width=\"16\" height=\"16\" alt=\"Loading\" src=\"https:\/\/temucotelevision.cl\/web\/wp-content\/plugins\/page-views-count\/ajax-loader-2x.gif\" border=0 \/><\/p>\n<div class=\"pvc_clear\"><\/div>\n<p>El parlamentario se\u00f1al\u00f3 que debido a la situaci\u00f3n que se vive en la Regi\u00f3n, los eventos naturales que se ha<\/p>\n","protected":false},"author":1,"featured_media":24392,"comment_status":"open","ping_status":"open","sticky":false,"template":"","format":"standard","meta":{"colormag_page_container_layout":"default_layout","colormag_page_sidebar_layout":"default_layout","footnotes":""},"categories":[84],"tags":[154,206,2818,94],"class_list":["post-44845","post","type-post","status-publish","format-standard","has-post-thumbnail","hentry","category-politica","tag-diputado","tag-gobierno","tag-gremio","tag-turismo"],"a3_pvc":{"activated":true,"total_views":2473,"today_views":0},"_links":{"self":[{"href":"https:\/\/temucotelevision.cl\/web\/wp-json\/wp\/v2\/posts\/44845","targetHints":{"allow":["GET"]}}],"collection":[{"href":"https:\/\/temucotelevision.cl\/web\/wp-json\/wp\/v2\/posts"}],"about":[{"href":"https:\/\/temucotelevision.cl\/web\/wp-json\/wp\/v2\/types\/post"}],"author":[{"embeddable":true,"href":"https:\/\/temucotelevision.cl\/web\/wp-json\/wp\/v2\/users\/1"}],"replies":[{"embeddable":true,"href":"https:\/\/temucotelevision.cl\/web\/wp-json\/wp\/v2\/comments?post=44845"}],"version-history":[{"count":1,"href":"https:\/\/temucotelevision.cl\/web\/wp-json\/wp\/v2\/posts\/44845\/revisions"}],"predecessor-version":[{"id":44846,"href":"https:\/\/temucotelevision.cl\/web\/wp-json\/wp\/v2\/posts\/44845\/revisions\/44846"}],"wp:featuredmedia":[{"embeddable":true,"href":"https:\/\/temucotelevision.cl\/web\/wp-json\/wp\/v2\/media\/24392"}],"wp:attachment":[{"href":"https:\/\/temucotelevision.cl\/web\/wp-json\/wp\/v2\/media?parent=44845"}],"wp:term":[{"taxonomy":"category","embeddable":true,"href":"https:\/\/temucotelevision.cl\/web\/wp-json\/wp\/v2\/categories?post=44845"},{"taxonomy":"post_tag","embeddable":true,"href":"https:\/\/temucotelevision.cl\/web\/wp-json\/wp\/v2\/tags?post=44845"}],"curies":[{"name":"wp","href":"https:\/\/api.w.org\/{rel}","templated":true}]}}