{"id":44844,"date":"2023-09-27T18:05:34","date_gmt":"2023-09-27T21:05:34","guid":{"rendered":"https:\/\/temucotelevision.cl\/web\/?p=44844"},"modified":"2023-09-28T15:48:46","modified_gmt":"2023-09-28T18:48:46","slug":"lo-acustico-y-lo-digital-se-funden-en-nuevo-single-de-vivi-san-martin","status":"publish","type":"post","link":"https:\/\/temucotelevision.cl\/web\/2023\/09\/27\/lo-acustico-y-lo-digital-se-funden-en-nuevo-single-de-vivi-san-martin\/","title":{"rendered":"Lo ac\u00fastico y lo digital se funden en nuevo single de Vivi San Mart\u00edn"},"content":{"rendered":"<div class=\"pvc_clear\"><\/div><p id=\"pvc_stats_44844\" class=\"pvc_stats total_only  \" data-element-id=\"44844\" style=\"\"><i class=\"pvc-stats-icon large\" aria-hidden=\"true\"><svg aria-hidden=\"true\" focusable=\"false\" data-prefix=\"far\" data-icon=\"chart-bar\" role=\"img\" xmlns=\"http:\/\/www.w3.org\/2000\/svg\" viewBox=\"0 0 512 512\" class=\"svg-inline--fa fa-chart-bar fa-w-16 fa-2x\"><path fill=\"currentColor\" d=\"M396.8 352h22.4c6.4 0 12.8-6.4 12.8-12.8V108.8c0-6.4-6.4-12.8-12.8-12.8h-22.4c-6.4 0-12.8 6.4-12.8 12.8v230.4c0 6.4 6.4 12.8 12.8 12.8zm-192 0h22.4c6.4 0 12.8-6.4 12.8-12.8V140.8c0-6.4-6.4-12.8-12.8-12.8h-22.4c-6.4 0-12.8 6.4-12.8 12.8v198.4c0 6.4 6.4 12.8 12.8 12.8zm96 0h22.4c6.4 0 12.8-6.4 12.8-12.8V204.8c0-6.4-6.4-12.8-12.8-12.8h-22.4c-6.4 0-12.8 6.4-12.8 12.8v134.4c0 6.4 6.4 12.8 12.8 12.8zM496 400H48V80c0-8.84-7.16-16-16-16H16C7.16 64 0 71.16 0 80v336c0 17.67 14.33 32 32 32h464c8.84 0 16-7.16 16-16v-16c0-8.84-7.16-16-16-16zm-387.2-48h22.4c6.4 0 12.8-6.4 12.8-12.8v-70.4c0-6.4-6.4-12.8-12.8-12.8h-22.4c-6.4 0-12.8 6.4-12.8 12.8v70.4c0 6.4 6.4 12.8 12.8 12.8z\" class=\"\"><\/path><\/svg><\/i> <img loading=\"lazy\" decoding=\"async\" width=\"16\" height=\"16\" alt=\"Loading\" src=\"https:\/\/temucotelevision.cl\/web\/wp-content\/plugins\/page-views-count\/ajax-loader-2x.gif\" border=0 \/><\/p><div class=\"pvc_clear\"><\/div>\n<p class=\"has-medium-font-size\"><strong>El lanzamiento de \u201cLluvia\u201d es parte de su EP debut llamado \u201cP\u00e1jaros\u201d, bajo la producci\u00f3n de la cantautora colombiana Lali de la Hoz.<\/strong><\/p>\n\n\n\n<p>El pasado jueves 21 de septiembre, la artista nacional <strong>Vivi San Mart\u00edn<\/strong>, lanz\u00f3 su nuevo single solista titulado <strong>\u201cLluvia\u201d<\/strong>. El material, que integra su EP debut <strong>\u201cP\u00e1jaros\u201d<\/strong>, pr\u00f3ximo a ser presentado a fines del 2023, es reflejo de una propuesta musical que mezcla lo ac\u00fastico del folk con elementos org\u00e1nicos y digitales, con tintes latinoamericanos en sus ritmos y percusiones, y relatos en torno al cuidado de nuestro patrimonio natural, la conciencia social y el empoderamiento femenino. La cantautora, oriunda de Hualp\u00e9n, le toma el pulso a la identidad local de su territorio y nos invita a despedir este invierno con esta reflexiva canci\u00f3n de desamor y resiliencia.<\/p>\n\n\n\n<p>La tambi\u00e9n vocalista y percusionista de la reconocida banda penquista <strong>Flor de Guayaba<\/strong>, comenta en torno a este nuevo single que <strong>\u201csi bien habla de<br>desamor, nos invita a ser fuertes y resilientes frente a distintas adversidades y a querernos a nosotras mismas por sobre todo\u201d aspectos que en la escucha de este single son evidentes. \u201cMe tiene muy entusiasmada este nuevo trabajo musical ya que tuve la oportunidad de trabajar con mujeres que admiro mucho, como Lali de la Hoz, quien particip\u00f3 directamente en la producci\u00f3n, mezcla y masterizacion de este single. Con ella sigo trabajando en las nuevas canciones que formar\u00e1n parte de P\u00e1jaros\u201d<\/strong>, comenta en torno a su primer EP, que proyecta estrenar a fines del 2023. La portada de<strong> \u201cLluvia\u201d<\/strong> es de Valentina Flores, en t\u00e9cnica de foto bordado, y la fotograf\u00eda de Ritual Visual.<\/p>\n\n\n\n<p><strong>\u201cLluvia\u201d<\/strong> ya se encuentra disponible en todas las plataformas digitales de m\u00fasica y, como correlato, pronto se lanzar\u00e1 el videolyric de este primer single.<strong> Vivi San Mart\u00edn<\/strong> estar\u00e1 present\u00e1ndose en vivo este <strong>29 de septiembre<\/strong>, en la <strong>Corporaci\u00f3n Cultural Esquina Rosada<\/strong>, y el pr\u00f3ximo <strong>06 de octubre<\/strong> en <strong>Totora Restobar<\/strong>, en Tome, junto a la reconocida cantautora <strong>Evelyn Cornejo.<\/strong><\/p>\n\n\n\n<p>Conoce algo m\u00e1s del proyecto de Vivi San Mart\u00edn en sus redes sociales @vivi.sm.music.<\/p>\n\n\n\n<figure class=\"wp-block-embed is-type-rich is-provider-spotify wp-block-embed-spotify wp-embed-aspect-21-9 wp-has-aspect-ratio\"><div class=\"wp-block-embed__wrapper\">\n<iframe title=\"Spotify Embed: Lluvia\" style=\"border-radius: 12px\" width=\"100%\" height=\"352\" frameborder=\"0\" allowfullscreen allow=\"autoplay; clipboard-write; encrypted-media; fullscreen; picture-in-picture\" loading=\"lazy\" src=\"https:\/\/open.spotify.com\/embed\/album\/1Dm63nFZYQmiwl9IQhHnDc?si=hokBRV46RIqAdt0Blz3jQA&#038;utm_source=oembed\"><\/iframe>\n<\/div><\/figure>\n","protected":false},"excerpt":{"rendered":"<div class=\"pvc_clear\"><\/div>\n<p id=\"pvc_stats_44844\" class=\"pvc_stats total_only  \" data-element-id=\"44844\" style=\"\"><i class=\"pvc-stats-icon large\" aria-hidden=\"true\"><svg aria-hidden=\"true\" focusable=\"false\" data-prefix=\"far\" data-icon=\"chart-bar\" role=\"img\" xmlns=\"http:\/\/www.w3.org\/2000\/svg\" viewBox=\"0 0 512 512\" class=\"svg-inline--fa fa-chart-bar fa-w-16 fa-2x\"><path fill=\"currentColor\" d=\"M396.8 352h22.4c6.4 0 12.8-6.4 12.8-12.8V108.8c0-6.4-6.4-12.8-12.8-12.8h-22.4c-6.4 0-12.8 6.4-12.8 12.8v230.4c0 6.4 6.4 12.8 12.8 12.8zm-192 0h22.4c6.4 0 12.8-6.4 12.8-12.8V140.8c0-6.4-6.4-12.8-12.8-12.8h-22.4c-6.4 0-12.8 6.4-12.8 12.8v198.4c0 6.4 6.4 12.8 12.8 12.8zm96 0h22.4c6.4 0 12.8-6.4 12.8-12.8V204.8c0-6.4-6.4-12.8-12.8-12.8h-22.4c-6.4 0-12.8 6.4-12.8 12.8v134.4c0 6.4 6.4 12.8 12.8 12.8zM496 400H48V80c0-8.84-7.16-16-16-16H16C7.16 64 0 71.16 0 80v336c0 17.67 14.33 32 32 32h464c8.84 0 16-7.16 16-16v-16c0-8.84-7.16-16-16-16zm-387.2-48h22.4c6.4 0 12.8-6.4 12.8-12.8v-70.4c0-6.4-6.4-12.8-12.8-12.8h-22.4c-6.4 0-12.8 6.4-12.8 12.8v70.4c0 6.4 6.4 12.8 12.8 12.8z\" class=\"\"><\/path><\/svg><\/i> <img loading=\"lazy\" decoding=\"async\" width=\"16\" height=\"16\" alt=\"Loading\" src=\"https:\/\/temucotelevision.cl\/web\/wp-content\/plugins\/page-views-count\/ajax-loader-2x.gif\" border=0 \/><\/p>\n<div class=\"pvc_clear\"><\/div>\n<p>El lanzamiento de \u201cLluvia\u201d es parte de su EP debut llamado \u201cP\u00e1jaros\u201d, bajo la producci\u00f3n de la cantautora colombiana Lali<\/p>\n","protected":false},"author":143,"featured_media":44852,"comment_status":"open","ping_status":"open","sticky":false,"template":"","format":"standard","meta":{"colormag_page_container_layout":"default_layout","colormag_page_sidebar_layout":"default_layout","footnotes":""},"categories":[369],"tags":[],"class_list":["post-44844","post","type-post","status-publish","format-standard","has-post-thumbnail","hentry","category-musica"],"a3_pvc":{"activated":true,"total_views":921,"today_views":0},"_links":{"self":[{"href":"https:\/\/temucotelevision.cl\/web\/wp-json\/wp\/v2\/posts\/44844","targetHints":{"allow":["GET"]}}],"collection":[{"href":"https:\/\/temucotelevision.cl\/web\/wp-json\/wp\/v2\/posts"}],"about":[{"href":"https:\/\/temucotelevision.cl\/web\/wp-json\/wp\/v2\/types\/post"}],"author":[{"embeddable":true,"href":"https:\/\/temucotelevision.cl\/web\/wp-json\/wp\/v2\/users\/143"}],"replies":[{"embeddable":true,"href":"https:\/\/temucotelevision.cl\/web\/wp-json\/wp\/v2\/comments?post=44844"}],"version-history":[{"count":2,"href":"https:\/\/temucotelevision.cl\/web\/wp-json\/wp\/v2\/posts\/44844\/revisions"}],"predecessor-version":[{"id":44856,"href":"https:\/\/temucotelevision.cl\/web\/wp-json\/wp\/v2\/posts\/44844\/revisions\/44856"}],"wp:featuredmedia":[{"embeddable":true,"href":"https:\/\/temucotelevision.cl\/web\/wp-json\/wp\/v2\/media\/44852"}],"wp:attachment":[{"href":"https:\/\/temucotelevision.cl\/web\/wp-json\/wp\/v2\/media?parent=44844"}],"wp:term":[{"taxonomy":"category","embeddable":true,"href":"https:\/\/temucotelevision.cl\/web\/wp-json\/wp\/v2\/categories?post=44844"},{"taxonomy":"post_tag","embeddable":true,"href":"https:\/\/temucotelevision.cl\/web\/wp-json\/wp\/v2\/tags?post=44844"}],"curies":[{"name":"wp","href":"https:\/\/api.w.org\/{rel}","templated":true}]}}