{"id":44842,"date":"2023-09-27T17:53:40","date_gmt":"2023-09-27T20:53:40","guid":{"rendered":"https:\/\/temucotelevision.cl\/web\/?p=44842"},"modified":"2023-09-27T17:53:41","modified_gmt":"2023-09-27T20:53:41","slug":"diputado-henry-leal-destaca-nueva-ley-que-flexibiliza-pago-de-prestamos-solidarios-que-recibieron-pequenos-transportistas-en-pandemia","status":"publish","type":"post","link":"https:\/\/temucotelevision.cl\/web\/2023\/09\/27\/diputado-henry-leal-destaca-nueva-ley-que-flexibiliza-pago-de-prestamos-solidarios-que-recibieron-pequenos-transportistas-en-pandemia\/","title":{"rendered":"Diputado Henry Leal destaca nueva ley que flexibiliza pago de pr\u00e9stamos solidarios que recibieron peque\u00f1os transportistas en pandemia"},"content":{"rendered":"<div class=\"pvc_clear\"><\/div><p id=\"pvc_stats_44842\" class=\"pvc_stats total_only  \" data-element-id=\"44842\" style=\"\"><i class=\"pvc-stats-icon large\" aria-hidden=\"true\"><svg aria-hidden=\"true\" focusable=\"false\" data-prefix=\"far\" data-icon=\"chart-bar\" role=\"img\" xmlns=\"http:\/\/www.w3.org\/2000\/svg\" viewBox=\"0 0 512 512\" class=\"svg-inline--fa fa-chart-bar fa-w-16 fa-2x\"><path fill=\"currentColor\" d=\"M396.8 352h22.4c6.4 0 12.8-6.4 12.8-12.8V108.8c0-6.4-6.4-12.8-12.8-12.8h-22.4c-6.4 0-12.8 6.4-12.8 12.8v230.4c0 6.4 6.4 12.8 12.8 12.8zm-192 0h22.4c6.4 0 12.8-6.4 12.8-12.8V140.8c0-6.4-6.4-12.8-12.8-12.8h-22.4c-6.4 0-12.8 6.4-12.8 12.8v198.4c0 6.4 6.4 12.8 12.8 12.8zm96 0h22.4c6.4 0 12.8-6.4 12.8-12.8V204.8c0-6.4-6.4-12.8-12.8-12.8h-22.4c-6.4 0-12.8 6.4-12.8 12.8v134.4c0 6.4 6.4 12.8 12.8 12.8zM496 400H48V80c0-8.84-7.16-16-16-16H16C7.16 64 0 71.16 0 80v336c0 17.67 14.33 32 32 32h464c8.84 0 16-7.16 16-16v-16c0-8.84-7.16-16-16-16zm-387.2-48h22.4c6.4 0 12.8-6.4 12.8-12.8v-70.4c0-6.4-6.4-12.8-12.8-12.8h-22.4c-6.4 0-12.8 6.4-12.8 12.8v70.4c0 6.4 6.4 12.8 12.8 12.8z\" class=\"\"><\/path><\/svg><\/i> <img loading=\"lazy\" decoding=\"async\" width=\"16\" height=\"16\" alt=\"Loading\" src=\"https:\/\/temucotelevision.cl\/web\/wp-content\/plugins\/page-views-count\/ajax-loader-2x.gif\" border=0 \/><\/p><div class=\"pvc_clear\"><\/div>\n<p><em>El legislador por La Araucan\u00eda explic\u00f3 que los taxistas, colectiveros y escolares, entre otros, podr\u00e1n suscribir un nuevo convenio de pago con la Tesorer\u00eda de hasta 36 cuotas mensuales.<\/em><\/p>\n\n\n\n<p>El diputado por la Regi\u00f3n de La Araucan\u00eda e integrante de la comisi\u00f3n de Trabajo de la C\u00e1mara, Henry Leal (UDI), destac\u00f3 que el Senado haya aprobado y despachado a ley un proyecto que flexibilizar\u00e1 el pago de los pr\u00e9stamos solidarios que recibieron los peque\u00f1os transportistas durante la pandemia, lo que les permiti\u00f3 salir adelante justo cuando las restricciones imped\u00edan que realizaran sus trabajos.<\/p>\n\n\n\n<p>Al respecto, el representante del Distrito 23 explic\u00f3 que la C\u00e1mara Alta aprob\u00f3 la iniciativa en los mismos t\u00e9rminos que lo hizo la C\u00e1mara de Diputados, es decir, estableciendo la posibilidad de que los transportistas -como escolares, taxis y colectivos, entre otros- puedan saldar sus deudas en hasta 36 cuotas, sin inter\u00e9s ni reajuste, con incluso un convenio de pago expresado en pesos y no en UF.<\/p>\n\n\n\n<p>Pero adem\u00e1s, el diputado Leal detall\u00f3 que una de las mayores dificultades que experimentaron los peque\u00f1os transportistas, adem\u00e1s de sufrir una baja en sus ingresos econ\u00f3micos, es que el pago de los pr\u00e9stamos solidarios -que en total fueron cuatro, de $320.500 cada uno- qued\u00f3 ligado a la renovaci\u00f3n del permiso de circulaci\u00f3n, de manera que muchos conductores que no se encontraban al d\u00eda con su deuda tampoco pudieron retomar su trabajo al no tener la documentaci\u00f3n requerida.<\/p>\n\n\n\n<p>\u201cEsta semana hemos dado un importante paso para ir en ayuda de m\u00e1s de 36 mil peque\u00f1os transportistas de nuestro pa\u00eds que fueron beneficiados con el pr\u00e9stamo solidario durante la pandemia. Lo que hemos aprobado ahora son condiciones mucho m\u00e1s reales para que puedan ponerse al d\u00eda con sus obligaciones, que es precisamente lo que ellos nos han solicitado. Las deudas ya no se reajustar\u00e1n, no seguir\u00e1n expresadas en UF -que hizo que aumentara mucho el monto- y no estar\u00e1n amarradas a la renovaci\u00f3n del permiso de circulaci\u00f3n, de manera que puedan seguir desempe\u00f1ando sus trabajos para justamente costear este beneficio\u201d, se\u00f1al\u00f3 el parlamentario UDI.<\/p>\n\n\n\n<p>En esa l\u00ednea, el representante de La Araucan\u00eda precis\u00f3 que la nueva ley -que entrar\u00e1 en vigencia una vez que sea promulgada por el Presidente de la Rep\u00fablica- beneficiar\u00e1 tanto a los transportistas con convenios vigentes y al d\u00eda con la Tesorer\u00eda General de la Rep\u00fablica, como tambi\u00e9n a quienes por alguna raz\u00f3n se encuentran morosos o no suscribieron dicho convenio en los plazos establecidos.<\/p>\n\n\n\n<p>Asimismo, Leal aclar\u00f3 que al pactar un nuevo convenio de pago con la TGR se suspender\u00e1 de forma inmediata las acciones de cobro judicial, siempre y cuando los beneficiarios se mantengan al d\u00eda con el pago de las cuotas mensuales. Por lo mismo, el parlamentario UDI llam\u00f3 a los transportistas de la Regi\u00f3n de La Araucan\u00eda a estar atentos al nuevo beneficio para que as\u00ed puedan flexibilizar el pago.<\/p>\n\n\n\n<p>\u201cEs importante que los habitantes de nuestra regi\u00f3n, que recibieron este pr\u00e9stamo durante la pandemia y que a\u00fan no lo han pagado, est\u00e9n atento a cuando se promulgue la ley para que as\u00ed puedan acceder a esta nueva modalidad de pago\u201d, se\u00f1al\u00f3 el legislador, quien finalmente llam\u00f3 al Gobierno a buscar tambi\u00e9n un beneficio para quienes s\u00ed pagaron sus pr\u00e9stamos en tiempo y forma.<\/p>\n","protected":false},"excerpt":{"rendered":"<div class=\"pvc_clear\"><\/div>\n<p id=\"pvc_stats_44842\" class=\"pvc_stats total_only  \" data-element-id=\"44842\" style=\"\"><i class=\"pvc-stats-icon large\" aria-hidden=\"true\"><svg aria-hidden=\"true\" focusable=\"false\" data-prefix=\"far\" data-icon=\"chart-bar\" role=\"img\" xmlns=\"http:\/\/www.w3.org\/2000\/svg\" viewBox=\"0 0 512 512\" class=\"svg-inline--fa fa-chart-bar fa-w-16 fa-2x\"><path fill=\"currentColor\" d=\"M396.8 352h22.4c6.4 0 12.8-6.4 12.8-12.8V108.8c0-6.4-6.4-12.8-12.8-12.8h-22.4c-6.4 0-12.8 6.4-12.8 12.8v230.4c0 6.4 6.4 12.8 12.8 12.8zm-192 0h22.4c6.4 0 12.8-6.4 12.8-12.8V140.8c0-6.4-6.4-12.8-12.8-12.8h-22.4c-6.4 0-12.8 6.4-12.8 12.8v198.4c0 6.4 6.4 12.8 12.8 12.8zm96 0h22.4c6.4 0 12.8-6.4 12.8-12.8V204.8c0-6.4-6.4-12.8-12.8-12.8h-22.4c-6.4 0-12.8 6.4-12.8 12.8v134.4c0 6.4 6.4 12.8 12.8 12.8zM496 400H48V80c0-8.84-7.16-16-16-16H16C7.16 64 0 71.16 0 80v336c0 17.67 14.33 32 32 32h464c8.84 0 16-7.16 16-16v-16c0-8.84-7.16-16-16-16zm-387.2-48h22.4c6.4 0 12.8-6.4 12.8-12.8v-70.4c0-6.4-6.4-12.8-12.8-12.8h-22.4c-6.4 0-12.8 6.4-12.8 12.8v70.4c0 6.4 6.4 12.8 12.8 12.8z\" class=\"\"><\/path><\/svg><\/i> <img loading=\"lazy\" decoding=\"async\" width=\"16\" height=\"16\" alt=\"Loading\" src=\"https:\/\/temucotelevision.cl\/web\/wp-content\/plugins\/page-views-count\/ajax-loader-2x.gif\" border=0 \/><\/p>\n<div class=\"pvc_clear\"><\/div>\n<p>El legislador por La Araucan\u00eda explic\u00f3 que los taxistas, colectiveros y escolares, entre otros, podr\u00e1n suscribir un nuevo convenio de<\/p>\n","protected":false},"author":1,"featured_media":38037,"comment_status":"open","ping_status":"open","sticky":false,"template":"","format":"standard","meta":{"colormag_page_container_layout":"default_layout","colormag_page_sidebar_layout":"default_layout","footnotes":""},"categories":[84],"tags":[154,6719,506,2312],"class_list":["post-44842","post","type-post","status-publish","format-standard","has-post-thumbnail","hentry","category-politica","tag-diputado","tag-henry-leal","tag-ley","tag-pandemia"],"a3_pvc":{"activated":true,"total_views":1890,"today_views":0},"_links":{"self":[{"href":"https:\/\/temucotelevision.cl\/web\/wp-json\/wp\/v2\/posts\/44842","targetHints":{"allow":["GET"]}}],"collection":[{"href":"https:\/\/temucotelevision.cl\/web\/wp-json\/wp\/v2\/posts"}],"about":[{"href":"https:\/\/temucotelevision.cl\/web\/wp-json\/wp\/v2\/types\/post"}],"author":[{"embeddable":true,"href":"https:\/\/temucotelevision.cl\/web\/wp-json\/wp\/v2\/users\/1"}],"replies":[{"embeddable":true,"href":"https:\/\/temucotelevision.cl\/web\/wp-json\/wp\/v2\/comments?post=44842"}],"version-history":[{"count":1,"href":"https:\/\/temucotelevision.cl\/web\/wp-json\/wp\/v2\/posts\/44842\/revisions"}],"predecessor-version":[{"id":44843,"href":"https:\/\/temucotelevision.cl\/web\/wp-json\/wp\/v2\/posts\/44842\/revisions\/44843"}],"wp:featuredmedia":[{"embeddable":true,"href":"https:\/\/temucotelevision.cl\/web\/wp-json\/wp\/v2\/media\/38037"}],"wp:attachment":[{"href":"https:\/\/temucotelevision.cl\/web\/wp-json\/wp\/v2\/media?parent=44842"}],"wp:term":[{"taxonomy":"category","embeddable":true,"href":"https:\/\/temucotelevision.cl\/web\/wp-json\/wp\/v2\/categories?post=44842"},{"taxonomy":"post_tag","embeddable":true,"href":"https:\/\/temucotelevision.cl\/web\/wp-json\/wp\/v2\/tags?post=44842"}],"curies":[{"name":"wp","href":"https:\/\/api.w.org\/{rel}","templated":true}]}}