{"id":44839,"date":"2023-09-26T21:31:45","date_gmt":"2023-09-27T00:31:45","guid":{"rendered":"https:\/\/temucotelevision.cl\/web\/?p=44839"},"modified":"2023-09-26T21:31:45","modified_gmt":"2023-09-27T00:31:45","slug":"el-artista-nacional-valtro-emeceh-estrena-su-esperado-disco-debut","status":"publish","type":"post","link":"https:\/\/temucotelevision.cl\/web\/2023\/09\/26\/el-artista-nacional-valtro-emeceh-estrena-su-esperado-disco-debut\/","title":{"rendered":"El artista nacional Valtro Emeceh estrena su esperado disco debut"},"content":{"rendered":"<div class=\"pvc_clear\"><\/div><p id=\"pvc_stats_44839\" class=\"pvc_stats total_only  \" data-element-id=\"44839\" style=\"\"><i class=\"pvc-stats-icon large\" aria-hidden=\"true\"><svg aria-hidden=\"true\" focusable=\"false\" data-prefix=\"far\" data-icon=\"chart-bar\" role=\"img\" xmlns=\"http:\/\/www.w3.org\/2000\/svg\" viewBox=\"0 0 512 512\" class=\"svg-inline--fa fa-chart-bar fa-w-16 fa-2x\"><path fill=\"currentColor\" d=\"M396.8 352h22.4c6.4 0 12.8-6.4 12.8-12.8V108.8c0-6.4-6.4-12.8-12.8-12.8h-22.4c-6.4 0-12.8 6.4-12.8 12.8v230.4c0 6.4 6.4 12.8 12.8 12.8zm-192 0h22.4c6.4 0 12.8-6.4 12.8-12.8V140.8c0-6.4-6.4-12.8-12.8-12.8h-22.4c-6.4 0-12.8 6.4-12.8 12.8v198.4c0 6.4 6.4 12.8 12.8 12.8zm96 0h22.4c6.4 0 12.8-6.4 12.8-12.8V204.8c0-6.4-6.4-12.8-12.8-12.8h-22.4c-6.4 0-12.8 6.4-12.8 12.8v134.4c0 6.4 6.4 12.8 12.8 12.8zM496 400H48V80c0-8.84-7.16-16-16-16H16C7.16 64 0 71.16 0 80v336c0 17.67 14.33 32 32 32h464c8.84 0 16-7.16 16-16v-16c0-8.84-7.16-16-16-16zm-387.2-48h22.4c6.4 0 12.8-6.4 12.8-12.8v-70.4c0-6.4-6.4-12.8-12.8-12.8h-22.4c-6.4 0-12.8 6.4-12.8 12.8v70.4c0 6.4 6.4 12.8 12.8 12.8z\" class=\"\"><\/path><\/svg><\/i> <img loading=\"lazy\" decoding=\"async\" width=\"16\" height=\"16\" alt=\"Loading\" src=\"https:\/\/temucotelevision.cl\/web\/wp-content\/plugins\/page-views-count\/ajax-loader-2x.gif\" border=0 \/><\/p><div class=\"pvc_clear\"><\/div>\n<p>El rapero nacional,&nbsp;<strong>Valtro Emeceh,<\/strong>&nbsp;regresa a la m\u00fasica con&nbsp;su primer \u00e1lbum&nbsp;titulado&nbsp;<a href=\"http:\/\/%20https\/\/spotify.link\/ysP2hL4OpDb\" target=\"_blank\" rel=\"noreferrer noopener\">\u00abRegeneraci\u00f3n Side B\u00bb<\/a>&nbsp;que incluye un total de veinte&nbsp;tracks, en el&nbsp;desarrolla diversas&nbsp;tem\u00e1ticas personales combinadas con el rap y toques del folclore. Este cuenta en cada una de sus canciones, con diferentes colaboraciones junto a destacados nombres de la escena rapera nacional,&nbsp;como el m\u00edtico&nbsp;<strong>Lengua Dura, DJ Ram, Dj Transe, Dj See All,&nbsp;Marie Lyon\u2019s, Waldo Palma, The Chap Mc, Segundo Aliento<\/strong>, entre otros.<\/p>\n\n\n\n<p><a href=\"https:\/\/instagram.com\/valtro_emeceh?igshid=NTc4MTIwNjQ2YQ==\" target=\"_blank\" rel=\"noreferrer noopener\">Valtro Emeceh<\/a><strong>, con varios a\u00f1os de experiencia en la industria del rap<\/strong>, en su disco debut, decidi\u00f3 exponer el camino que enfrent\u00f3 al caer en las adicciones, los amigos que perdi\u00f3 por los excesos y el c\u00f3mo logr\u00f3 salir de ese lugar. Por otro lado, aborda la llegada de su hija, el volver a la m\u00fasica, junto con los sucesos negativos y positivos que lo ayudaron a construir la vida que lleva en la actualidad.<\/p>\n\n\n\n<p>El artista se\u00f1ala que en<strong>&nbsp;\u201cun track lo escrib\u00ed y dediqu\u00e9 a mi compa\u00f1era y mam\u00e1 de mi hija, una canci\u00f3n de amor, ya que el amor hacia ella y de ella hacia m\u00ed fue parte fundamental en todo este proceso de regeneraci\u00f3n\u201d.<\/strong><\/p>\n\n\n\n<p><strong>Valtro,<\/strong>&nbsp;desde peque\u00f1o empez\u00f3 a formarse musicalmente, entr\u00f3&nbsp;al&nbsp;<strong>rap<\/strong>&nbsp;a trav\u00e9s del&nbsp;<strong>agrometal<\/strong>&nbsp;e influenciado&nbsp;con letras contestarias de grupos que combinaban el punk harcore nacional con&nbsp;el rap,&nbsp;encontr\u00f3 un lugar para dar forma a sus ideas con un sonido y sello distintivo.&nbsp;<strong>\u00abA eso de los 15 a\u00f1os a trav\u00e9s del freestyle, llegu\u00e9 al hip hop y me di cuenta de que me pod\u00eda expresar como quer\u00eda\u201d,<\/strong>&nbsp;explica el m\u00fasico.<\/p>\n\n\n\n<p>Este \u00e1lbum cont\u00f3 con un trabajo creativo y de composici\u00f3n de tres a\u00f1os, el que se refleja en&nbsp;<a href=\"http:\/\/%20https\/\/spotify.link\/ysP2hL4OpDb\" target=\"_blank\" rel=\"noreferrer noopener\">\u00abRegeneraci\u00f3n Side B\u00bb<\/a>&nbsp;, una obra musical&nbsp;grabado en&nbsp;<strong>VLR Records y BRS Estudio<\/strong>, que adem\u00e1s estuvo bajo&nbsp;la producci\u00f3n de&nbsp;<strong>David Rivas, Anibal Albornoz, Jos\u00e9 Lagos<\/strong>&nbsp; y el mismo artista.<\/p>\n\n\n\n<p>El rapero nacional, contin\u00faa trabajando en la creaci\u00f3n de nueva m\u00fasica ligada a la combinaci\u00f3n del\u00a0<strong>rap y el\u00a0electroflow<\/strong>, que espera comenzar a entregar a sus seguidores,\u00a0durante los pr\u00f3ximos meses.\u00a0Pronto anunciar\u00e1 una agenda de shows en vivo, para coronar el lanzamiento de su \u00e1lbum debut.<\/p>\n\n\n\n<figure class=\"wp-block-embed is-type-rich is-provider-spotify wp-block-embed-spotify wp-embed-aspect-21-9 wp-has-aspect-ratio\"><div class=\"wp-block-embed__wrapper\">\n<iframe title=\"Spotify Embed: Regeneracion Side B\" style=\"border-radius: 12px\" width=\"100%\" height=\"352\" frameborder=\"0\" allowfullscreen allow=\"autoplay; clipboard-write; encrypted-media; fullscreen; picture-in-picture\" loading=\"lazy\" src=\"https:\/\/open.spotify.com\/embed\/album\/40g5FrufBhqYW2IuApwwKZ?si=axuyvGcgQGu46IqwUMSM1A&#038;utm_source=oembed\"><\/iframe>\n<\/div><\/figure>\n","protected":false},"excerpt":{"rendered":"<div class=\"pvc_clear\"><\/div>\n<p id=\"pvc_stats_44839\" class=\"pvc_stats total_only  \" data-element-id=\"44839\" style=\"\"><i class=\"pvc-stats-icon large\" aria-hidden=\"true\"><svg aria-hidden=\"true\" focusable=\"false\" data-prefix=\"far\" data-icon=\"chart-bar\" role=\"img\" xmlns=\"http:\/\/www.w3.org\/2000\/svg\" viewBox=\"0 0 512 512\" class=\"svg-inline--fa fa-chart-bar fa-w-16 fa-2x\"><path fill=\"currentColor\" d=\"M396.8 352h22.4c6.4 0 12.8-6.4 12.8-12.8V108.8c0-6.4-6.4-12.8-12.8-12.8h-22.4c-6.4 0-12.8 6.4-12.8 12.8v230.4c0 6.4 6.4 12.8 12.8 12.8zm-192 0h22.4c6.4 0 12.8-6.4 12.8-12.8V140.8c0-6.4-6.4-12.8-12.8-12.8h-22.4c-6.4 0-12.8 6.4-12.8 12.8v198.4c0 6.4 6.4 12.8 12.8 12.8zm96 0h22.4c6.4 0 12.8-6.4 12.8-12.8V204.8c0-6.4-6.4-12.8-12.8-12.8h-22.4c-6.4 0-12.8 6.4-12.8 12.8v134.4c0 6.4 6.4 12.8 12.8 12.8zM496 400H48V80c0-8.84-7.16-16-16-16H16C7.16 64 0 71.16 0 80v336c0 17.67 14.33 32 32 32h464c8.84 0 16-7.16 16-16v-16c0-8.84-7.16-16-16-16zm-387.2-48h22.4c6.4 0 12.8-6.4 12.8-12.8v-70.4c0-6.4-6.4-12.8-12.8-12.8h-22.4c-6.4 0-12.8 6.4-12.8 12.8v70.4c0 6.4 6.4 12.8 12.8 12.8z\" class=\"\"><\/path><\/svg><\/i> <img loading=\"lazy\" decoding=\"async\" width=\"16\" height=\"16\" alt=\"Loading\" src=\"https:\/\/temucotelevision.cl\/web\/wp-content\/plugins\/page-views-count\/ajax-loader-2x.gif\" border=0 \/><\/p>\n<div class=\"pvc_clear\"><\/div>\n<p>El rapero nacional,&nbsp;Valtro Emeceh,&nbsp;regresa a la m\u00fasica con&nbsp;su primer \u00e1lbum&nbsp;titulado&nbsp;\u00abRegeneraci\u00f3n Side B\u00bb&nbsp;que incluye un total de veinte&nbsp;tracks, en el&nbsp;desarrolla diversas&nbsp;tem\u00e1ticas<\/p>\n","protected":false},"author":143,"featured_media":44840,"comment_status":"open","ping_status":"open","sticky":false,"template":"","format":"standard","meta":{"colormag_page_container_layout":"default_layout","colormag_page_sidebar_layout":"default_layout","footnotes":""},"categories":[369],"tags":[],"class_list":["post-44839","post","type-post","status-publish","format-standard","has-post-thumbnail","hentry","category-musica"],"a3_pvc":{"activated":true,"total_views":99,"today_views":0},"_links":{"self":[{"href":"https:\/\/temucotelevision.cl\/web\/wp-json\/wp\/v2\/posts\/44839","targetHints":{"allow":["GET"]}}],"collection":[{"href":"https:\/\/temucotelevision.cl\/web\/wp-json\/wp\/v2\/posts"}],"about":[{"href":"https:\/\/temucotelevision.cl\/web\/wp-json\/wp\/v2\/types\/post"}],"author":[{"embeddable":true,"href":"https:\/\/temucotelevision.cl\/web\/wp-json\/wp\/v2\/users\/143"}],"replies":[{"embeddable":true,"href":"https:\/\/temucotelevision.cl\/web\/wp-json\/wp\/v2\/comments?post=44839"}],"version-history":[{"count":1,"href":"https:\/\/temucotelevision.cl\/web\/wp-json\/wp\/v2\/posts\/44839\/revisions"}],"predecessor-version":[{"id":44841,"href":"https:\/\/temucotelevision.cl\/web\/wp-json\/wp\/v2\/posts\/44839\/revisions\/44841"}],"wp:featuredmedia":[{"embeddable":true,"href":"https:\/\/temucotelevision.cl\/web\/wp-json\/wp\/v2\/media\/44840"}],"wp:attachment":[{"href":"https:\/\/temucotelevision.cl\/web\/wp-json\/wp\/v2\/media?parent=44839"}],"wp:term":[{"taxonomy":"category","embeddable":true,"href":"https:\/\/temucotelevision.cl\/web\/wp-json\/wp\/v2\/categories?post=44839"},{"taxonomy":"post_tag","embeddable":true,"href":"https:\/\/temucotelevision.cl\/web\/wp-json\/wp\/v2\/tags?post=44839"}],"curies":[{"name":"wp","href":"https:\/\/api.w.org\/{rel}","templated":true}]}}