{"id":44606,"date":"2023-09-15T11:56:48","date_gmt":"2023-09-15T14:56:48","guid":{"rendered":"https:\/\/temucotelevision.cl\/web\/?p=44606"},"modified":"2023-09-15T11:56:49","modified_gmt":"2023-09-15T14:56:49","slug":"mas-de-200-ciclistas-participaron-en-la-maraton-que-se-corrio-en-el-parque-cmpc-pumalal-de-temuco","status":"publish","type":"post","link":"https:\/\/temucotelevision.cl\/web\/2023\/09\/15\/mas-de-200-ciclistas-participaron-en-la-maraton-que-se-corrio-en-el-parque-cmpc-pumalal-de-temuco\/","title":{"rendered":"M\u00e1s de 200 ciclistas participaron en la marat\u00f3n que se corri\u00f3 en el Parque CMPC Pumalal de Temuco"},"content":{"rendered":"<div class=\"pvc_clear\"><\/div><p id=\"pvc_stats_44606\" class=\"pvc_stats total_only  \" data-element-id=\"44606\" style=\"\"><i class=\"pvc-stats-icon large\" aria-hidden=\"true\"><svg aria-hidden=\"true\" focusable=\"false\" data-prefix=\"far\" data-icon=\"chart-bar\" role=\"img\" xmlns=\"http:\/\/www.w3.org\/2000\/svg\" viewBox=\"0 0 512 512\" class=\"svg-inline--fa fa-chart-bar fa-w-16 fa-2x\"><path fill=\"currentColor\" d=\"M396.8 352h22.4c6.4 0 12.8-6.4 12.8-12.8V108.8c0-6.4-6.4-12.8-12.8-12.8h-22.4c-6.4 0-12.8 6.4-12.8 12.8v230.4c0 6.4 6.4 12.8 12.8 12.8zm-192 0h22.4c6.4 0 12.8-6.4 12.8-12.8V140.8c0-6.4-6.4-12.8-12.8-12.8h-22.4c-6.4 0-12.8 6.4-12.8 12.8v198.4c0 6.4 6.4 12.8 12.8 12.8zm96 0h22.4c6.4 0 12.8-6.4 12.8-12.8V204.8c0-6.4-6.4-12.8-12.8-12.8h-22.4c-6.4 0-12.8 6.4-12.8 12.8v134.4c0 6.4 6.4 12.8 12.8 12.8zM496 400H48V80c0-8.84-7.16-16-16-16H16C7.16 64 0 71.16 0 80v336c0 17.67 14.33 32 32 32h464c8.84 0 16-7.16 16-16v-16c0-8.84-7.16-16-16-16zm-387.2-48h22.4c6.4 0 12.8-6.4 12.8-12.8v-70.4c0-6.4-6.4-12.8-12.8-12.8h-22.4c-6.4 0-12.8 6.4-12.8 12.8v70.4c0 6.4 6.4 12.8 12.8 12.8z\" class=\"\"><\/path><\/svg><\/i> <img loading=\"lazy\" decoding=\"async\" width=\"16\" height=\"16\" alt=\"Loading\" src=\"https:\/\/temucotelevision.cl\/web\/wp-content\/plugins\/page-views-count\/ajax-loader-2x.gif\" border=0 \/><\/p><div class=\"pvc_clear\"><\/div>\n<ul class=\"wp-block-list\">\n<li><em>El evento se realiz\u00f3 este domingo reuniendo a ciclistas de Valdivia, Villarrica y Puc\u00f3n, entre otras ciudades.<\/em><\/li>\n<\/ul>\n\n\n\n<p>En medio de bosque nativo y plantaciones forestales se realiz\u00f3 este domingo el XCM Marat\u00f3n, actividad organizada por la Fundaci\u00f3n Vida en Movimiento y CMPC, que reuni\u00f3 a m\u00e1s de 200 deportistas de ciclismo de monta\u00f1a que recorrieron un circuito de 33 kil\u00f3metros, que contempl\u00f3 &nbsp;pendientes y diversos desaf\u00edos para los&nbsp; ciclistas.<\/p>\n\n\n\n<p>El evento, de complejidad intermedia, fue patrocinado por la Municipalidad de Temuco en colaboraci\u00f3n con Team Plussport, que realiz\u00f3 la orientaci\u00f3n t\u00e9cnica de la ruta, que se encontraba rodeada de diversos \u00e1rboles nativos, entre ellos, roble, laurel, boldo y notro.<\/p>\n\n\n\n<p>Juan Pablo Fuentes, subgerente de Relacionamiento Territorial de CMPC, hizo hincapi\u00e9 en la importancia de incentivar a las familias a participar de eventos deportivos y conocer, de esta manera, lo que la red de Bosque Vivo tiene para ofrecer a la comunidad. \u201cLa gran idea es poder potenciar e incentivar la vida al aire libre, el vivir lo natural dentro de nuestros bosques y que la familia, la comunidad pueda venir a compartir y practicar deportes como lo es el ciclismo, el trail, deportes al aire libre, que vayan en sinton\u00eda (\u2026) que cada vez m\u00e1s la familia se acerque y tambi\u00e9n pueda conocer lo que hay dentro de nuestros bosques, la parte productiva con los bosques nativos y tambi\u00e9n la biodiversidad que tenemos dentro de este tipo de parques\u201d, se\u00f1al\u00f3.<\/p>\n\n\n\n<p><strong>Valor al entorno<\/strong><\/p>\n\n\n\n<p>Carlos Zurita, vicepresidente de la Fundaci\u00f3n Vida en Movimiento, precis\u00f3 que es fundamental trabajar de la mano de la comunidad y valorar el entorno natural para la gesti\u00f3n y creaci\u00f3n de actividades y eventos. Zurita explic\u00f3 que \u201cnuestro rol como fundaci\u00f3n es poder abrirnos a estas instancias para que la gente conozca el deporte de manera recreativa, competitiva y con el fin de recaudar fondos para todas nuestras actividades como fundaci\u00f3n, tratar pacientes con c\u00e1ncer, pacientes con enfermedades cr\u00f3nicas no transmisibles y tambi\u00e9n hacer actividades en colegios con los ni\u00f1os m\u00e1s vulnerables\u201d.<\/p>\n\n\n\n<p>Zurita, adem\u00e1s, expres\u00f3 que \u201cestamos muy contentos de este lazo que generamos con CMPC para poder llevar a cabo esta actividad en el parque. Qu\u00e9 mejor que disfrutar de la familia, del deporte, en un entorno de naturaleza\u201d.<\/p>\n\n\n\n<p>Uno de los competidores fue Sebasti\u00e1n Novoa, representante de NN Cycling Lab, club de la ciudad de Valdivia, quien dijo estar muy contento y conforme por como result\u00f3 la carrera. \u201cMe pareci\u00f3 excelente, una ruta r\u00e1pida, el circuito muy bien demarcado, el espacio tambi\u00e9n, seguro y entretenido. El ambiente que se forma ac\u00e1 hace que lo pasemos muy bien. Creo que es s\u00faper bueno que se sigan fomentando actividades, estas y tambi\u00e9n otros tipos de actividades en este mismo recinto. Es un lugar seguro, accesible y tiene todo para disfrutar del deporte y de la actividad f\u00edsica en general\u201d, coment\u00f3.<\/p>\n\n\n\n<p>Otra de las corredoras fue Betzabe Jara, del Sin Team de Temuco, quien hace cerca de un a\u00f1o decidi\u00f3 unirse a un club deportivo junto a su esposo e hija. \u201cEstoy muy contenta y agradecida por participar el d\u00eda de hoy. La carrera fue dur\u00edsima, pero fue espectacular el poder participar. El entusiasmo siempre es importante y sobre todo en un ambiente grato, as\u00ed que agradecida por el clima que tambi\u00e9n nos acompa\u00f1\u00f3. Es magn\u00edfico que se generen estas actividades porque siempre tenemos como compa\u00f1\u00eda a nuestra familia y amigos\u201d, indic\u00f3.<\/p>\n\n\n\n<p><strong>Los triunfadores<\/strong><\/p>\n\n\n\n<p>Respecto a los ganadores por categor\u00eda, en mujeres result\u00f3 vencedora Nicole Iturra, con un tiempo de 1 hora, 44 minutos y 34 segundos. Fue escoltada por Soledad Levill\u00e1n (1:49:15) y Sophia Montebruno (1:50:49). En hombres, en tanto, el triunfador fue Benjam\u00edn Castro, con un tiempo de 1 hora, 23 minutos y 49 segundos. Fue secundado en el podio por Eduardo Castro (1:23:57) y \u00d3scar Antinao, respectivamente (1:24:00).<\/p>\n\n\n\n<figure class=\"wp-block-image size-full\"><img loading=\"lazy\" decoding=\"async\" width=\"1024\" height=\"768\" src=\"https:\/\/temucotelevision.cl\/web\/wp-content\/uploads\/2023\/09\/CMPC-2.jpeg\" alt=\"\" class=\"wp-image-44608\" srcset=\"https:\/\/temucotelevision.cl\/web\/wp-content\/uploads\/2023\/09\/CMPC-2.jpeg 1024w, https:\/\/temucotelevision.cl\/web\/wp-content\/uploads\/2023\/09\/CMPC-2-768x576.jpeg 768w\" sizes=\"auto, (max-width: 1024px) 100vw, 1024px\" \/><\/figure>\n\n\n\n<p><\/p>\n","protected":false},"excerpt":{"rendered":"<div class=\"pvc_clear\"><\/div>\n<p id=\"pvc_stats_44606\" class=\"pvc_stats total_only  \" data-element-id=\"44606\" style=\"\"><i class=\"pvc-stats-icon large\" aria-hidden=\"true\"><svg aria-hidden=\"true\" focusable=\"false\" data-prefix=\"far\" data-icon=\"chart-bar\" role=\"img\" xmlns=\"http:\/\/www.w3.org\/2000\/svg\" viewBox=\"0 0 512 512\" class=\"svg-inline--fa fa-chart-bar fa-w-16 fa-2x\"><path fill=\"currentColor\" d=\"M396.8 352h22.4c6.4 0 12.8-6.4 12.8-12.8V108.8c0-6.4-6.4-12.8-12.8-12.8h-22.4c-6.4 0-12.8 6.4-12.8 12.8v230.4c0 6.4 6.4 12.8 12.8 12.8zm-192 0h22.4c6.4 0 12.8-6.4 12.8-12.8V140.8c0-6.4-6.4-12.8-12.8-12.8h-22.4c-6.4 0-12.8 6.4-12.8 12.8v198.4c0 6.4 6.4 12.8 12.8 12.8zm96 0h22.4c6.4 0 12.8-6.4 12.8-12.8V204.8c0-6.4-6.4-12.8-12.8-12.8h-22.4c-6.4 0-12.8 6.4-12.8 12.8v134.4c0 6.4 6.4 12.8 12.8 12.8zM496 400H48V80c0-8.84-7.16-16-16-16H16C7.16 64 0 71.16 0 80v336c0 17.67 14.33 32 32 32h464c8.84 0 16-7.16 16-16v-16c0-8.84-7.16-16-16-16zm-387.2-48h22.4c6.4 0 12.8-6.4 12.8-12.8v-70.4c0-6.4-6.4-12.8-12.8-12.8h-22.4c-6.4 0-12.8 6.4-12.8 12.8v70.4c0 6.4 6.4 12.8 12.8 12.8z\" class=\"\"><\/path><\/svg><\/i> <img loading=\"lazy\" decoding=\"async\" width=\"16\" height=\"16\" alt=\"Loading\" src=\"https:\/\/temucotelevision.cl\/web\/wp-content\/plugins\/page-views-count\/ajax-loader-2x.gif\" border=0 \/><\/p>\n<div class=\"pvc_clear\"><\/div>\n<p>En medio de bosque nativo y plantaciones forestales se realiz\u00f3 este domingo el XCM Marat\u00f3n, actividad organizada por la Fundaci\u00f3n<\/p>\n","protected":false},"author":1,"featured_media":44607,"comment_status":"open","ping_status":"open","sticky":false,"template":"","format":"standard","meta":{"colormag_page_container_layout":"default_layout","colormag_page_sidebar_layout":"default_layout","footnotes":""},"categories":[101,86],"tags":[4054,2365,279,3699],"class_list":["post-44606","post","type-post","status-publish","format-standard","has-post-thumbnail","hentry","category-actualidad","category-panoramas","tag-ciclistas","tag-cmpc","tag-parque","tag-pumalal"],"a3_pvc":{"activated":true,"total_views":3075,"today_views":0},"_links":{"self":[{"href":"https:\/\/temucotelevision.cl\/web\/wp-json\/wp\/v2\/posts\/44606","targetHints":{"allow":["GET"]}}],"collection":[{"href":"https:\/\/temucotelevision.cl\/web\/wp-json\/wp\/v2\/posts"}],"about":[{"href":"https:\/\/temucotelevision.cl\/web\/wp-json\/wp\/v2\/types\/post"}],"author":[{"embeddable":true,"href":"https:\/\/temucotelevision.cl\/web\/wp-json\/wp\/v2\/users\/1"}],"replies":[{"embeddable":true,"href":"https:\/\/temucotelevision.cl\/web\/wp-json\/wp\/v2\/comments?post=44606"}],"version-history":[{"count":1,"href":"https:\/\/temucotelevision.cl\/web\/wp-json\/wp\/v2\/posts\/44606\/revisions"}],"predecessor-version":[{"id":44609,"href":"https:\/\/temucotelevision.cl\/web\/wp-json\/wp\/v2\/posts\/44606\/revisions\/44609"}],"wp:featuredmedia":[{"embeddable":true,"href":"https:\/\/temucotelevision.cl\/web\/wp-json\/wp\/v2\/media\/44607"}],"wp:attachment":[{"href":"https:\/\/temucotelevision.cl\/web\/wp-json\/wp\/v2\/media?parent=44606"}],"wp:term":[{"taxonomy":"category","embeddable":true,"href":"https:\/\/temucotelevision.cl\/web\/wp-json\/wp\/v2\/categories?post=44606"},{"taxonomy":"post_tag","embeddable":true,"href":"https:\/\/temucotelevision.cl\/web\/wp-json\/wp\/v2\/tags?post=44606"}],"curies":[{"name":"wp","href":"https:\/\/api.w.org\/{rel}","templated":true}]}}