{"id":44604,"date":"2023-09-15T11:51:42","date_gmt":"2023-09-15T14:51:42","guid":{"rendered":"https:\/\/temucotelevision.cl\/web\/?p=44604"},"modified":"2023-09-15T11:51:43","modified_gmt":"2023-09-15T14:51:43","slug":"diputado-jorge-rathgeb-valoro-anuncio-de-creacion-de-comisaria-de-carabineros-en-la-comuna-de-ercilla","status":"publish","type":"post","link":"https:\/\/temucotelevision.cl\/web\/2023\/09\/15\/diputado-jorge-rathgeb-valoro-anuncio-de-creacion-de-comisaria-de-carabineros-en-la-comuna-de-ercilla\/","title":{"rendered":"Diputado Jorge Rathgeb valor\u00f3 anuncio de creaci\u00f3n de Comisar\u00eda de Carabineros en la comuna de Ercilla"},"content":{"rendered":"<div class=\"pvc_clear\"><\/div><p id=\"pvc_stats_44604\" class=\"pvc_stats total_only  \" data-element-id=\"44604\" style=\"\"><i class=\"pvc-stats-icon large\" aria-hidden=\"true\"><svg aria-hidden=\"true\" focusable=\"false\" data-prefix=\"far\" data-icon=\"chart-bar\" role=\"img\" xmlns=\"http:\/\/www.w3.org\/2000\/svg\" viewBox=\"0 0 512 512\" class=\"svg-inline--fa fa-chart-bar fa-w-16 fa-2x\"><path fill=\"currentColor\" d=\"M396.8 352h22.4c6.4 0 12.8-6.4 12.8-12.8V108.8c0-6.4-6.4-12.8-12.8-12.8h-22.4c-6.4 0-12.8 6.4-12.8 12.8v230.4c0 6.4 6.4 12.8 12.8 12.8zm-192 0h22.4c6.4 0 12.8-6.4 12.8-12.8V140.8c0-6.4-6.4-12.8-12.8-12.8h-22.4c-6.4 0-12.8 6.4-12.8 12.8v198.4c0 6.4 6.4 12.8 12.8 12.8zm96 0h22.4c6.4 0 12.8-6.4 12.8-12.8V204.8c0-6.4-6.4-12.8-12.8-12.8h-22.4c-6.4 0-12.8 6.4-12.8 12.8v134.4c0 6.4 6.4 12.8 12.8 12.8zM496 400H48V80c0-8.84-7.16-16-16-16H16C7.16 64 0 71.16 0 80v336c0 17.67 14.33 32 32 32h464c8.84 0 16-7.16 16-16v-16c0-8.84-7.16-16-16-16zm-387.2-48h22.4c6.4 0 12.8-6.4 12.8-12.8v-70.4c0-6.4-6.4-12.8-12.8-12.8h-22.4c-6.4 0-12.8 6.4-12.8 12.8v70.4c0 6.4 6.4 12.8 12.8 12.8z\" class=\"\"><\/path><\/svg><\/i> <img loading=\"lazy\" decoding=\"async\" width=\"16\" height=\"16\" alt=\"Loading\" src=\"https:\/\/temucotelevision.cl\/web\/wp-content\/plugins\/page-views-count\/ajax-loader-2x.gif\" border=0 \/><\/p><div class=\"pvc_clear\"><\/div>\n<p><strong>El congresista que fue uno de los m\u00e1s insistentes en que se pudiera concretar esta iniciativa, se\u00f1al\u00f3 que esto es un avance en materia de seguridad en una comuna que presenta altos \u00edndices de hechos de violencia tanto en el sector urbano como rural.<\/strong><\/p>\n\n\n\n<p>Una de las comunas m\u00e1s abatidas por los hechos de violencia que se viven de manera frecuente en La Araucan\u00eda, es Ercilla, en la provincia de Malleco.<\/p>\n\n\n\n<p>En el marco de la discusi\u00f3n por la renovaci\u00f3n del Estado de Excepci\u00f3n, el Ministro Secretario General de la Presidencia, \u00c1lvaro Elizalde, confirm\u00f3 que en los pr\u00f3ximos d\u00edas, Ercilla contar\u00e1 con una Comisar\u00eda en lugar de un ret\u00e9n.<\/p>\n\n\n\n<p>Un anuncio que fue valorado por el diputado de Renovaci\u00f3n Nacional por la zona y presidente regional de la colectividad, Jorge Rathgeb Schifferli, porque esto permitir\u00e1 contar con una mayor dotaci\u00f3n de funcionarios y tambi\u00e9n contar con mejores herramientas para combatir los delitos.<\/p>\n\n\n\n<p>El diputado por La Araucan\u00eda fue uno de los congresistas que m\u00e1s insistieron en este punto, tomando como referencia las estad\u00edsticas existentes y tambi\u00e9n por el clima de inseguridad que est\u00e1n viviendo los vecinos de los sectores urbanos y tambi\u00e9n rurales.<\/p>\n\n\n\n<p>Rathgeb espera que esto sea un avance concreto, para toda una comuna que a diario vive serios problemas con los episodios de violencia.<\/p>\n\n\n\n<p>\u201cDentro de la discusi\u00f3n de la pr\u00f3rroga por el Estado de Excepci\u00f3n, el ministro \u00c1lvaro Elizalde informa que se convertir\u00e1 en Comisar\u00eda el ret\u00e9n de Ercilla. Nos parece bien esta medida, porque dar\u00e1 m\u00e1s seguridad a la situaci\u00f3n compleja que se vive en La Araucan\u00eda y de modo particular en esta zona\u201d, se\u00f1al\u00f3 el legislador.<\/p>\n\n\n\n<p>Para concluir el diputado espera que tambi\u00e9n se puedan ver mayores mejoras para los efectivos policiales para que as\u00ed se entreguen m\u00e1s atribuciones y facultades en el combate contra el crimen.<\/p>\n","protected":false},"excerpt":{"rendered":"<div class=\"pvc_clear\"><\/div>\n<p id=\"pvc_stats_44604\" class=\"pvc_stats total_only  \" data-element-id=\"44604\" style=\"\"><i class=\"pvc-stats-icon large\" aria-hidden=\"true\"><svg aria-hidden=\"true\" focusable=\"false\" data-prefix=\"far\" data-icon=\"chart-bar\" role=\"img\" xmlns=\"http:\/\/www.w3.org\/2000\/svg\" viewBox=\"0 0 512 512\" class=\"svg-inline--fa fa-chart-bar fa-w-16 fa-2x\"><path fill=\"currentColor\" d=\"M396.8 352h22.4c6.4 0 12.8-6.4 12.8-12.8V108.8c0-6.4-6.4-12.8-12.8-12.8h-22.4c-6.4 0-12.8 6.4-12.8 12.8v230.4c0 6.4 6.4 12.8 12.8 12.8zm-192 0h22.4c6.4 0 12.8-6.4 12.8-12.8V140.8c0-6.4-6.4-12.8-12.8-12.8h-22.4c-6.4 0-12.8 6.4-12.8 12.8v198.4c0 6.4 6.4 12.8 12.8 12.8zm96 0h22.4c6.4 0 12.8-6.4 12.8-12.8V204.8c0-6.4-6.4-12.8-12.8-12.8h-22.4c-6.4 0-12.8 6.4-12.8 12.8v134.4c0 6.4 6.4 12.8 12.8 12.8zM496 400H48V80c0-8.84-7.16-16-16-16H16C7.16 64 0 71.16 0 80v336c0 17.67 14.33 32 32 32h464c8.84 0 16-7.16 16-16v-16c0-8.84-7.16-16-16-16zm-387.2-48h22.4c6.4 0 12.8-6.4 12.8-12.8v-70.4c0-6.4-6.4-12.8-12.8-12.8h-22.4c-6.4 0-12.8 6.4-12.8 12.8v70.4c0 6.4 6.4 12.8 12.8 12.8z\" class=\"\"><\/path><\/svg><\/i> <img loading=\"lazy\" decoding=\"async\" width=\"16\" height=\"16\" alt=\"Loading\" src=\"https:\/\/temucotelevision.cl\/web\/wp-content\/plugins\/page-views-count\/ajax-loader-2x.gif\" border=0 \/><\/p>\n<div class=\"pvc_clear\"><\/div>\n<p>El congresista que fue uno de los m\u00e1s insistentes en que se pudiera concretar esta iniciativa, se\u00f1al\u00f3 que esto es<\/p>\n","protected":false},"author":1,"featured_media":4539,"comment_status":"open","ping_status":"open","sticky":false,"template":"","format":"standard","meta":{"colormag_page_container_layout":"default_layout","colormag_page_sidebar_layout":"default_layout","footnotes":""},"categories":[84],"tags":[125,612,154,712],"class_list":["post-44604","post","type-post","status-publish","format-standard","has-post-thumbnail","hentry","category-politica","tag-carabineros","tag-comisaria","tag-diputado","tag-ercilla"],"a3_pvc":{"activated":true,"total_views":3925,"today_views":0},"_links":{"self":[{"href":"https:\/\/temucotelevision.cl\/web\/wp-json\/wp\/v2\/posts\/44604","targetHints":{"allow":["GET"]}}],"collection":[{"href":"https:\/\/temucotelevision.cl\/web\/wp-json\/wp\/v2\/posts"}],"about":[{"href":"https:\/\/temucotelevision.cl\/web\/wp-json\/wp\/v2\/types\/post"}],"author":[{"embeddable":true,"href":"https:\/\/temucotelevision.cl\/web\/wp-json\/wp\/v2\/users\/1"}],"replies":[{"embeddable":true,"href":"https:\/\/temucotelevision.cl\/web\/wp-json\/wp\/v2\/comments?post=44604"}],"version-history":[{"count":1,"href":"https:\/\/temucotelevision.cl\/web\/wp-json\/wp\/v2\/posts\/44604\/revisions"}],"predecessor-version":[{"id":44605,"href":"https:\/\/temucotelevision.cl\/web\/wp-json\/wp\/v2\/posts\/44604\/revisions\/44605"}],"wp:featuredmedia":[{"embeddable":true,"href":"https:\/\/temucotelevision.cl\/web\/wp-json\/wp\/v2\/media\/4539"}],"wp:attachment":[{"href":"https:\/\/temucotelevision.cl\/web\/wp-json\/wp\/v2\/media?parent=44604"}],"wp:term":[{"taxonomy":"category","embeddable":true,"href":"https:\/\/temucotelevision.cl\/web\/wp-json\/wp\/v2\/categories?post=44604"},{"taxonomy":"post_tag","embeddable":true,"href":"https:\/\/temucotelevision.cl\/web\/wp-json\/wp\/v2\/tags?post=44604"}],"curies":[{"name":"wp","href":"https:\/\/api.w.org\/{rel}","templated":true}]}}