{"id":44601,"date":"2023-09-15T11:45:17","date_gmt":"2023-09-15T14:45:17","guid":{"rendered":"https:\/\/temucotelevision.cl\/web\/?p=44601"},"modified":"2023-09-15T11:45:17","modified_gmt":"2023-09-15T14:45:17","slug":"efimero-un-proyecto-que-vincula-arte-y-medioambiente-en-la-ciudad-de-temuco","status":"publish","type":"post","link":"https:\/\/temucotelevision.cl\/web\/2023\/09\/15\/efimero-un-proyecto-que-vincula-arte-y-medioambiente-en-la-ciudad-de-temuco\/","title":{"rendered":"Ef\u00edmero, un proyecto que vincula arte y medioambiente en la ciudad de Temuco"},"content":{"rendered":"<div class=\"pvc_clear\"><\/div><p id=\"pvc_stats_44601\" class=\"pvc_stats total_only  \" data-element-id=\"44601\" style=\"\"><i class=\"pvc-stats-icon large\" aria-hidden=\"true\"><svg aria-hidden=\"true\" focusable=\"false\" data-prefix=\"far\" data-icon=\"chart-bar\" role=\"img\" xmlns=\"http:\/\/www.w3.org\/2000\/svg\" viewBox=\"0 0 512 512\" class=\"svg-inline--fa fa-chart-bar fa-w-16 fa-2x\"><path fill=\"currentColor\" d=\"M396.8 352h22.4c6.4 0 12.8-6.4 12.8-12.8V108.8c0-6.4-6.4-12.8-12.8-12.8h-22.4c-6.4 0-12.8 6.4-12.8 12.8v230.4c0 6.4 6.4 12.8 12.8 12.8zm-192 0h22.4c6.4 0 12.8-6.4 12.8-12.8V140.8c0-6.4-6.4-12.8-12.8-12.8h-22.4c-6.4 0-12.8 6.4-12.8 12.8v198.4c0 6.4 6.4 12.8 12.8 12.8zm96 0h22.4c6.4 0 12.8-6.4 12.8-12.8V204.8c0-6.4-6.4-12.8-12.8-12.8h-22.4c-6.4 0-12.8 6.4-12.8 12.8v134.4c0 6.4 6.4 12.8 12.8 12.8zM496 400H48V80c0-8.84-7.16-16-16-16H16C7.16 64 0 71.16 0 80v336c0 17.67 14.33 32 32 32h464c8.84 0 16-7.16 16-16v-16c0-8.84-7.16-16-16-16zm-387.2-48h22.4c6.4 0 12.8-6.4 12.8-12.8v-70.4c0-6.4-6.4-12.8-12.8-12.8h-22.4c-6.4 0-12.8 6.4-12.8 12.8v70.4c0 6.4 6.4 12.8 12.8 12.8z\" class=\"\"><\/path><\/svg><\/i> <img loading=\"lazy\" decoding=\"async\" width=\"16\" height=\"16\" alt=\"Loading\" src=\"https:\/\/temucotelevision.cl\/web\/wp-content\/plugins\/page-views-count\/ajax-loader-2x.gif\" border=0 \/><\/p><div class=\"pvc_clear\"><\/div>\n<p><strong>La iniciativa, financiada por el Ministerio de las Culturas, busca visibilizar tem\u00e1ticas medioambientales desde la investigaci\u00f3n art\u00edstica.<\/strong><\/p>\n\n\n\n<p>La vinculaci\u00f3n entre arte, ciencia y naturaleza, convergen en Ef\u00edmero, instancia que busca visibilizar la problem\u00e1tica medioambiental desde el trabajo de 3 artistas de las pr\u00e1cticas corporales que durante el mes de agosto realizaron tutor\u00edas con enfoque territorial; as\u00ed como tambi\u00e9n, durante el mes de septiembre participan de una residencia de creaci\u00f3n art\u00edstica presencial en Temuco, un trabajo intensivo durante una semana en torno a la investigaci\u00f3n y creaci\u00f3n de obra.<\/p>\n\n\n\n<p>De esta forma, las y los participantes abordar\u00e1n la transitoriedad y coexistencia, conceptos curatoriales que propone el proyecto, a trav\u00e9s de la observaci\u00f3n de eventos naturales que suceden de forma fugaz en la ciudad, dando una mirada m\u00e1s profunda hacia aquello transitorio y no humano que coexiste con el entorno.<\/p>\n\n\n\n<p>Los eventos naturales que se proponen son; la Floraci\u00f3n Ulex europaeus (Espinillo o Pica Pica) en el Cerro Konun Wenu, Perros transe\u00fantes en las calles de Temuco, Domo Artificial Arquitect\u00f3nico en las calles c\u00e9ntricas de Temuco, El andar y las decisiones de los Caracoles, Los boldos del Parque Caut\u00edn y las Plantas medicinales silvestres.<\/p>\n\n\n\n<p>Las tutor\u00edas son dictadas por un equipo multidisciplinario que entrega una mirada desde la Biolog\u00eda, Sociolog\u00eda, Danza y Artes Visuales, quienes tejen junto a las y los residentes, una investigaci\u00f3n art\u00edstica que busca, poner el foco en el cuidado medioambiental dentro de la ciudad.<\/p>\n\n\n\n<p>Las personas participantes, Alex Sanzana (bailarina), Leonila Vera (actriz) y Jan Araujo (artista visual), llevar\u00e1n a cabo acciones dentro de la ciudad, en los lugares en que ocurren los eventos ef\u00edmeros, as\u00ed construir su obra durante la residencia. Estas acciones ser\u00e1n grabadas y divulgadas de forma virtual, dando la oportunidad de conocer sus hallazgos a diferentes p\u00fablicos de la ciudad, pero tambi\u00e9n de otros lugares del pa\u00eds y del mundo.<\/p>\n\n\n\n<p>Jan nos comparte alguna de las motivaciones que tuvo para postular a Ef\u00edmero. \u201cEspero que en este grupo colectivamente, podamos proponer, pensar otras maneras de relacionarnos con el entorno, con otros seres. Espero que nuestros proyectos, las propuestas, puedan de cierta manera analizar la situaci\u00f3n medioambiental desde una mirada cr\u00edtica, documental, de activar, visibilizar esos fen\u00f3menos naturales, transitorios, as\u00ed, ef\u00edmeros.\u201d<\/p>\n\n\n\n<p>El seremi de las Culturas Eric Iturriaga Guti\u00e9rrez subray\u00f3 que \u201cesta es una propuesta art\u00edstica que valoramos tremendamente, porque abarca distintas expresiones y perspectivas con el foco y la preocupaci\u00f3n en el cuidado medioambiental. Desde la cultura y desde las artes es muy interesante y relevante poder abordar esta tem\u00e1tica como una manera de crear conciencia y de ah\u00ed la importancia de la difusi\u00f3n que har\u00e1n posteriormente\u201d.<\/p>\n\n\n\n<p>Este proyecto es financiado por el Ministerio de las Culturas, las Artes y el Patrimonio, a trav\u00e9s del Fondo de Artes Esc\u00e9nicas, y producido por La Lluviosa, realizando la residencia de manera presencial en KOM Espacio Creaci\u00f3n en la ciudad de Temuco.<\/p>\n\n\n\n<p>Toda la informaci\u00f3n sobre el proyecto se puede encontrar en su Instagram @efimero.temuko.<\/p>\n","protected":false},"excerpt":{"rendered":"<div class=\"pvc_clear\"><\/div>\n<p id=\"pvc_stats_44601\" class=\"pvc_stats total_only  \" data-element-id=\"44601\" style=\"\"><i class=\"pvc-stats-icon large\" aria-hidden=\"true\"><svg aria-hidden=\"true\" focusable=\"false\" data-prefix=\"far\" data-icon=\"chart-bar\" role=\"img\" xmlns=\"http:\/\/www.w3.org\/2000\/svg\" viewBox=\"0 0 512 512\" class=\"svg-inline--fa fa-chart-bar fa-w-16 fa-2x\"><path fill=\"currentColor\" d=\"M396.8 352h22.4c6.4 0 12.8-6.4 12.8-12.8V108.8c0-6.4-6.4-12.8-12.8-12.8h-22.4c-6.4 0-12.8 6.4-12.8 12.8v230.4c0 6.4 6.4 12.8 12.8 12.8zm-192 0h22.4c6.4 0 12.8-6.4 12.8-12.8V140.8c0-6.4-6.4-12.8-12.8-12.8h-22.4c-6.4 0-12.8 6.4-12.8 12.8v198.4c0 6.4 6.4 12.8 12.8 12.8zm96 0h22.4c6.4 0 12.8-6.4 12.8-12.8V204.8c0-6.4-6.4-12.8-12.8-12.8h-22.4c-6.4 0-12.8 6.4-12.8 12.8v134.4c0 6.4 6.4 12.8 12.8 12.8zM496 400H48V80c0-8.84-7.16-16-16-16H16C7.16 64 0 71.16 0 80v336c0 17.67 14.33 32 32 32h464c8.84 0 16-7.16 16-16v-16c0-8.84-7.16-16-16-16zm-387.2-48h22.4c6.4 0 12.8-6.4 12.8-12.8v-70.4c0-6.4-6.4-12.8-12.8-12.8h-22.4c-6.4 0-12.8 6.4-12.8 12.8v70.4c0 6.4 6.4 12.8 12.8 12.8z\" class=\"\"><\/path><\/svg><\/i> <img loading=\"lazy\" decoding=\"async\" width=\"16\" height=\"16\" alt=\"Loading\" src=\"https:\/\/temucotelevision.cl\/web\/wp-content\/plugins\/page-views-count\/ajax-loader-2x.gif\" border=0 \/><\/p>\n<div class=\"pvc_clear\"><\/div>\n<p>La iniciativa, financiada por el Ministerio de las Culturas, busca visibilizar tem\u00e1ticas medioambientales desde la investigaci\u00f3n art\u00edstica. La vinculaci\u00f3n entre<\/p>\n","protected":false},"author":1,"featured_media":44602,"comment_status":"open","ping_status":"open","sticky":false,"template":"","format":"standard","meta":{"colormag_page_container_layout":"default_layout","colormag_page_sidebar_layout":"default_layout","footnotes":""},"categories":[14],"tags":[281,6702,155],"class_list":["post-44601","post","type-post","status-publish","format-standard","has-post-thumbnail","hentry","category-temuco","tag-arte","tag-efimero","tag-proyecto"],"a3_pvc":{"activated":true,"total_views":3259,"today_views":0},"_links":{"self":[{"href":"https:\/\/temucotelevision.cl\/web\/wp-json\/wp\/v2\/posts\/44601","targetHints":{"allow":["GET"]}}],"collection":[{"href":"https:\/\/temucotelevision.cl\/web\/wp-json\/wp\/v2\/posts"}],"about":[{"href":"https:\/\/temucotelevision.cl\/web\/wp-json\/wp\/v2\/types\/post"}],"author":[{"embeddable":true,"href":"https:\/\/temucotelevision.cl\/web\/wp-json\/wp\/v2\/users\/1"}],"replies":[{"embeddable":true,"href":"https:\/\/temucotelevision.cl\/web\/wp-json\/wp\/v2\/comments?post=44601"}],"version-history":[{"count":1,"href":"https:\/\/temucotelevision.cl\/web\/wp-json\/wp\/v2\/posts\/44601\/revisions"}],"predecessor-version":[{"id":44603,"href":"https:\/\/temucotelevision.cl\/web\/wp-json\/wp\/v2\/posts\/44601\/revisions\/44603"}],"wp:featuredmedia":[{"embeddable":true,"href":"https:\/\/temucotelevision.cl\/web\/wp-json\/wp\/v2\/media\/44602"}],"wp:attachment":[{"href":"https:\/\/temucotelevision.cl\/web\/wp-json\/wp\/v2\/media?parent=44601"}],"wp:term":[{"taxonomy":"category","embeddable":true,"href":"https:\/\/temucotelevision.cl\/web\/wp-json\/wp\/v2\/categories?post=44601"},{"taxonomy":"post_tag","embeddable":true,"href":"https:\/\/temucotelevision.cl\/web\/wp-json\/wp\/v2\/tags?post=44601"}],"curies":[{"name":"wp","href":"https:\/\/api.w.org\/{rel}","templated":true}]}}