{"id":44599,"date":"2023-09-15T11:38:48","date_gmt":"2023-09-15T14:38:48","guid":{"rendered":"https:\/\/temucotelevision.cl\/web\/?p=44599"},"modified":"2023-09-15T11:38:48","modified_gmt":"2023-09-15T14:38:48","slug":"diputado-daniel-melo-ps-por-turba-asalto-debemos-actuar-con-sentido-de-urgencia-frente-a-este-tipo-de-hechos-para-no-lamentar-un-hecho-mas-grave","status":"publish","type":"post","link":"https:\/\/temucotelevision.cl\/web\/2023\/09\/15\/diputado-daniel-melo-ps-por-turba-asalto-debemos-actuar-con-sentido-de-urgencia-frente-a-este-tipo-de-hechos-para-no-lamentar-un-hecho-mas-grave\/","title":{"rendered":"Diputado Daniel Melo (PS) por turba asalto: \u201cdebemos actuar con sentido de urgencia frente a este tipo de hechos, para no lamentar un hecho m\u00e1s grave\u201d"},"content":{"rendered":"<div class=\"pvc_clear\"><\/div><p id=\"pvc_stats_44599\" class=\"pvc_stats total_only  \" data-element-id=\"44599\" style=\"\"><i class=\"pvc-stats-icon large\" aria-hidden=\"true\"><svg aria-hidden=\"true\" focusable=\"false\" data-prefix=\"far\" data-icon=\"chart-bar\" role=\"img\" xmlns=\"http:\/\/www.w3.org\/2000\/svg\" viewBox=\"0 0 512 512\" class=\"svg-inline--fa fa-chart-bar fa-w-16 fa-2x\"><path fill=\"currentColor\" d=\"M396.8 352h22.4c6.4 0 12.8-6.4 12.8-12.8V108.8c0-6.4-6.4-12.8-12.8-12.8h-22.4c-6.4 0-12.8 6.4-12.8 12.8v230.4c0 6.4 6.4 12.8 12.8 12.8zm-192 0h22.4c6.4 0 12.8-6.4 12.8-12.8V140.8c0-6.4-6.4-12.8-12.8-12.8h-22.4c-6.4 0-12.8 6.4-12.8 12.8v198.4c0 6.4 6.4 12.8 12.8 12.8zm96 0h22.4c6.4 0 12.8-6.4 12.8-12.8V204.8c0-6.4-6.4-12.8-12.8-12.8h-22.4c-6.4 0-12.8 6.4-12.8 12.8v134.4c0 6.4 6.4 12.8 12.8 12.8zM496 400H48V80c0-8.84-7.16-16-16-16H16C7.16 64 0 71.16 0 80v336c0 17.67 14.33 32 32 32h464c8.84 0 16-7.16 16-16v-16c0-8.84-7.16-16-16-16zm-387.2-48h22.4c6.4 0 12.8-6.4 12.8-12.8v-70.4c0-6.4-6.4-12.8-12.8-12.8h-22.4c-6.4 0-12.8 6.4-12.8 12.8v70.4c0 6.4 6.4 12.8 12.8 12.8z\" class=\"\"><\/path><\/svg><\/i> <img loading=\"lazy\" decoding=\"async\" width=\"16\" height=\"16\" alt=\"Loading\" src=\"https:\/\/temucotelevision.cl\/web\/wp-content\/plugins\/page-views-count\/ajax-loader-2x.gif\" border=0 \/><\/p><div class=\"pvc_clear\"><\/div>\n<p><strong><em>El representante por el distrito 13 rechaz\u00f3 categ\u00f3ricamente los hechos ocurridos en la regi\u00f3n metropolitana, donde una turba de delincuentes han ingresado a robar a diferentes viviendas.<\/em><\/strong><\/p>\n\n\n\n<p><br>A ra\u00edz de una serie de hechos de violencia que se han vivido en la regi\u00f3n metropolitana como el ocurrido en Maip\u00fa donde una turba de aproximadamente diez sujetos, premunidos con un napole\u00f3n, bates y armas de fuego ingres\u00f3 a una casa, para sustraer una serie de especies, balearon a una mujer de 20 a\u00f1os y se llevaron dos perros.<\/p>\n\n\n\n<p>Al respecto el diputado del Partido Socialista, Daniel Melo se\u00f1al\u00f3 que \u201ces lamentable lo que est\u00e1 sucediendo en la regi\u00f3n Metropolitana, con estos robos realizados por una turba de personas. Debemos ocuparnos ahora de esto, porque no puede ser que un grupo indeterminado de inciviles invadan y agredan a familias completas\u201d.<\/p>\n\n\n\n<p>\u201cEntendemos que la mujer que sufri\u00f3 este ataque se encuentra fuera de riesgo vital, pero no podemos permitir que esto siga ocurriendo, porque la seguridad es una situaci\u00f3n que nos afecta a todos y todas. El gobierno y las polic\u00edas deben concentrar sus esfuerzos en reforzar las medidas de seguridad para prevenir y hacer frente a estos hechos que tienen atemorizada a todos nuestros vecinos. No es posible que la delincuencia se normalice en nuestro pa\u00eds\u201d, agreg\u00f3 el parlamentario.<\/p>\n\n\n\n<p>Por \u00faltimo el congresista concluy\u00f3 \u201cespero que esto haya sido un hecho aislado y no se vuelva a repetir tanto en la Regi\u00f3n Metropolitana como en el resto del pa\u00eds, porque debemos actuar con sentido de urgencia frente a este tipo de hechos, para no lamentar la muerte de un inocente, estos graves hechos hay que frenarlos desde ya\u201d.<\/p>\n","protected":false},"excerpt":{"rendered":"<div class=\"pvc_clear\"><\/div>\n<p id=\"pvc_stats_44599\" class=\"pvc_stats total_only  \" data-element-id=\"44599\" style=\"\"><i class=\"pvc-stats-icon large\" aria-hidden=\"true\"><svg aria-hidden=\"true\" focusable=\"false\" data-prefix=\"far\" data-icon=\"chart-bar\" role=\"img\" xmlns=\"http:\/\/www.w3.org\/2000\/svg\" viewBox=\"0 0 512 512\" class=\"svg-inline--fa fa-chart-bar fa-w-16 fa-2x\"><path fill=\"currentColor\" d=\"M396.8 352h22.4c6.4 0 12.8-6.4 12.8-12.8V108.8c0-6.4-6.4-12.8-12.8-12.8h-22.4c-6.4 0-12.8 6.4-12.8 12.8v230.4c0 6.4 6.4 12.8 12.8 12.8zm-192 0h22.4c6.4 0 12.8-6.4 12.8-12.8V140.8c0-6.4-6.4-12.8-12.8-12.8h-22.4c-6.4 0-12.8 6.4-12.8 12.8v198.4c0 6.4 6.4 12.8 12.8 12.8zm96 0h22.4c6.4 0 12.8-6.4 12.8-12.8V204.8c0-6.4-6.4-12.8-12.8-12.8h-22.4c-6.4 0-12.8 6.4-12.8 12.8v134.4c0 6.4 6.4 12.8 12.8 12.8zM496 400H48V80c0-8.84-7.16-16-16-16H16C7.16 64 0 71.16 0 80v336c0 17.67 14.33 32 32 32h464c8.84 0 16-7.16 16-16v-16c0-8.84-7.16-16-16-16zm-387.2-48h22.4c6.4 0 12.8-6.4 12.8-12.8v-70.4c0-6.4-6.4-12.8-12.8-12.8h-22.4c-6.4 0-12.8 6.4-12.8 12.8v70.4c0 6.4 6.4 12.8 12.8 12.8z\" class=\"\"><\/path><\/svg><\/i> <img loading=\"lazy\" decoding=\"async\" width=\"16\" height=\"16\" alt=\"Loading\" src=\"https:\/\/temucotelevision.cl\/web\/wp-content\/plugins\/page-views-count\/ajax-loader-2x.gif\" border=0 \/><\/p>\n<div class=\"pvc_clear\"><\/div>\n<p>El representante por el distrito 13 rechaz\u00f3 categ\u00f3ricamente los hechos ocurridos en la regi\u00f3n metropolitana, donde una turba de delincuentes<\/p>\n","protected":false},"author":1,"featured_media":44328,"comment_status":"open","ping_status":"open","sticky":false,"template":"","format":"standard","meta":{"colormag_page_container_layout":"default_layout","colormag_page_sidebar_layout":"default_layout","footnotes":""},"categories":[18,84],"tags":[276,154,6700,6701],"class_list":["post-44599","post","type-post","status-publish","format-standard","has-post-thumbnail","hentry","category-nacional","category-politica","tag-asalto","tag-diputado","tag-maipu","tag-turba"],"a3_pvc":{"activated":true,"total_views":85,"today_views":0},"_links":{"self":[{"href":"https:\/\/temucotelevision.cl\/web\/wp-json\/wp\/v2\/posts\/44599","targetHints":{"allow":["GET"]}}],"collection":[{"href":"https:\/\/temucotelevision.cl\/web\/wp-json\/wp\/v2\/posts"}],"about":[{"href":"https:\/\/temucotelevision.cl\/web\/wp-json\/wp\/v2\/types\/post"}],"author":[{"embeddable":true,"href":"https:\/\/temucotelevision.cl\/web\/wp-json\/wp\/v2\/users\/1"}],"replies":[{"embeddable":true,"href":"https:\/\/temucotelevision.cl\/web\/wp-json\/wp\/v2\/comments?post=44599"}],"version-history":[{"count":1,"href":"https:\/\/temucotelevision.cl\/web\/wp-json\/wp\/v2\/posts\/44599\/revisions"}],"predecessor-version":[{"id":44600,"href":"https:\/\/temucotelevision.cl\/web\/wp-json\/wp\/v2\/posts\/44599\/revisions\/44600"}],"wp:featuredmedia":[{"embeddable":true,"href":"https:\/\/temucotelevision.cl\/web\/wp-json\/wp\/v2\/media\/44328"}],"wp:attachment":[{"href":"https:\/\/temucotelevision.cl\/web\/wp-json\/wp\/v2\/media?parent=44599"}],"wp:term":[{"taxonomy":"category","embeddable":true,"href":"https:\/\/temucotelevision.cl\/web\/wp-json\/wp\/v2\/categories?post=44599"},{"taxonomy":"post_tag","embeddable":true,"href":"https:\/\/temucotelevision.cl\/web\/wp-json\/wp\/v2\/tags?post=44599"}],"curies":[{"name":"wp","href":"https:\/\/api.w.org\/{rel}","templated":true}]}}