{"id":43416,"date":"2023-07-30T16:51:44","date_gmt":"2023-07-30T19:51:44","guid":{"rendered":"https:\/\/temucotelevision.cl\/web\/?p=43416"},"modified":"2023-08-01T10:32:25","modified_gmt":"2023-08-01T13:32:25","slug":"agentes-municipales-de-seguridad-temuco-fortalece-su-lucha-contra-el-delito-y-el-comercio-ilegal","status":"publish","type":"post","link":"https:\/\/temucotelevision.cl\/web\/2023\/07\/30\/agentes-municipales-de-seguridad-temuco-fortalece-su-lucha-contra-el-delito-y-el-comercio-ilegal\/","title":{"rendered":"Agentes municipales de seguridad: Temuco fortalece su lucha contra el delito y el comercio ilegal"},"content":{"rendered":"<div class=\"pvc_clear\"><\/div><p id=\"pvc_stats_43416\" class=\"pvc_stats total_only  \" data-element-id=\"43416\" style=\"\"><i class=\"pvc-stats-icon large\" aria-hidden=\"true\"><svg aria-hidden=\"true\" focusable=\"false\" data-prefix=\"far\" data-icon=\"chart-bar\" role=\"img\" xmlns=\"http:\/\/www.w3.org\/2000\/svg\" viewBox=\"0 0 512 512\" class=\"svg-inline--fa fa-chart-bar fa-w-16 fa-2x\"><path fill=\"currentColor\" d=\"M396.8 352h22.4c6.4 0 12.8-6.4 12.8-12.8V108.8c0-6.4-6.4-12.8-12.8-12.8h-22.4c-6.4 0-12.8 6.4-12.8 12.8v230.4c0 6.4 6.4 12.8 12.8 12.8zm-192 0h22.4c6.4 0 12.8-6.4 12.8-12.8V140.8c0-6.4-6.4-12.8-12.8-12.8h-22.4c-6.4 0-12.8 6.4-12.8 12.8v198.4c0 6.4 6.4 12.8 12.8 12.8zm96 0h22.4c6.4 0 12.8-6.4 12.8-12.8V204.8c0-6.4-6.4-12.8-12.8-12.8h-22.4c-6.4 0-12.8 6.4-12.8 12.8v134.4c0 6.4 6.4 12.8 12.8 12.8zM496 400H48V80c0-8.84-7.16-16-16-16H16C7.16 64 0 71.16 0 80v336c0 17.67 14.33 32 32 32h464c8.84 0 16-7.16 16-16v-16c0-8.84-7.16-16-16-16zm-387.2-48h22.4c6.4 0 12.8-6.4 12.8-12.8v-70.4c0-6.4-6.4-12.8-12.8-12.8h-22.4c-6.4 0-12.8 6.4-12.8 12.8v70.4c0 6.4 6.4 12.8 12.8 12.8z\" class=\"\"><\/path><\/svg><\/i> <img loading=\"lazy\" decoding=\"async\" width=\"16\" height=\"16\" alt=\"Loading\" src=\"https:\/\/temucotelevision.cl\/web\/wp-content\/plugins\/page-views-count\/ajax-loader-2x.gif\" border=0 \/><\/p><div class=\"pvc_clear\"><\/div>\n<p>La nueva estrategia en seguridad a trav\u00e9s de la Direcci\u00f3n de seguridad p\u00fablica municipal se desarrolla con el fin de colaborar a las polic\u00edas en materia de seguridad para los habitantes de la comuna.<\/p>\n\n\n\n<p>Esta estrategia en seguridad que busca responder a las necesidades y exigencias de todos los macro sectores a trav\u00e9s de dos pilares fundamentales el orden y la protecci\u00f3n de los vecinos.<\/p>\n\n\n\n<p><strong>Esta estrategia va a profundizar el trabajo de labores t\u00e1cticas de los agentes de seguridad.<\/strong><\/p>\n\n\n\n<p><strong>AGENTES MUNICIPALES DE SEGURIDAD<\/strong><\/p>\n\n\n\n<p>El nuevo equipo de terreno est\u00e1 compuesto por 105 agentes de seguridad municipal, de los cuales 70 corresponden a nuevas contrataciones.<\/p>\n\n\n\n<p>Estos funcionarios cuentan con un especial y serio trabajo de capacitaci\u00f3n con el fin de entregar seguridad y tranquilidad a las y los vecinos.<\/p>\n\n\n\n<p>Una de las tantas acciones que desarrollara este equipo es el control de comercio ambulante ilegal en el centro de Temuco y que ser\u00e1 parte prioritaria de su trabajo. Sin embargo, esta es una estrategia a nivel comunal.<\/p>\n\n\n\n<p>Tendremos mayor presencia en los macro sectores ya que adem\u00e1s de los agentes en seguridad el nuevo equipo cuenta adem\u00e1s con:<\/p>\n\n\n\n<p>\u2022 22 patrullas, 12 motocicletas y 10 ciclopatrulleros.<\/p>\n\n\n\n<p>\u2022 Equipo de patrullaje en Drones (2) vinculados a un sistema de televigilancia que ser\u00e1 potenciada con la incorporaci\u00f3n de nueva tecnolog\u00eda.<\/p>\n\n\n\n<p>El trabajo de este equipo se desarrollar\u00e1 en horario extendidos y durante toda la semana incluidos los fin de semana.<\/p>\n\n\n\n<p>El martes 01 de agosto a las 10:30 AM ser\u00e1 el lanzamiento de esta nueva estrategia.<\/p>\n\n\n\n<p>Con ello estamos trabajando en m\u00e1s protecci\u00f3n a los vecinos de Temuco, con especial \u00e9nfasis en dar mayor tranquilidad, seguridad y orden en centro de Temuco.<\/p>\n\n\n\n<p><strong>OFICINA DE PROTECCI\u00d3N CIUDADANA<\/strong><\/p>\n\n\n\n<p>Con m\u00e1s de 500 atenciones en su primer a\u00f1o de funcionamiento, el trabajo de la Oficina busca promover la seguridad ciudadana de Temuco, con foco en intervenir sobre los factores que conducen a la escalada de conflicto y malestar social, abordando desavenencias vecinales, el delito y vulneraciones a los derechos civiles, econ\u00f3micos y comerciales a trav\u00e9s de atenci\u00f3n t\u00e9cnica especializada en estas materias.<\/p>\n\n\n\n<p><strong>TRABAJA EN 3 \u00c1REAS:<\/strong><\/p>\n\n\n\n<p><strong>\u00c1REA DE MEDIACI\u00d3N VECINAL: <\/strong>Servicio que orienta el trabajo voluntario entre dos partes para dar t\u00e9rmino pac\u00edfico a un conflicto de car\u00e1cter vecinal o comunitario. Incluye la asesor\u00eda y orientaci\u00f3n jur\u00eddica en caso de requerirse, y atenci\u00f3n psicol\u00f3gica para los usuarios perjudicados por los conflictos que les involucren. Hasta la fecha se han atendido m\u00e1s de 170 casos.<\/p>\n\n\n\n<p><strong>\u00c1REA DE ATENCI\u00d3N JUR\u00cdDICA CIUDADANA: <\/strong>Servicio que provee asesor\u00eda y acompa\u00f1amiento jur\u00eddico en materia de vulneraci\u00f3n de derechos civiles, econ\u00f3micos y comerciales (Ley del Consumidor, tramitaci\u00f3n de licencias no pagadas, abordaje de abuso patrimonial, apoyo en posesi\u00f3n efectiva, entre<\/p>\n\n\n\n<p>otras). Simult\u00e1neamente, se incluye la atenci\u00f3n psicol\u00f3gica destinada a los usuarios que se sientan afectados por los procedimientos legales en que se encuentren involucrados. Hasta la fecha se han atendido m\u00e1s de 165 casos.<\/p>\n\n\n\n<p><strong>\u00c1REA DE ATENCI\u00d3N A V\u00cdCTIMAS DE DELITO: <\/strong>Servicio que brinda atenci\u00f3n psico-socio-jur\u00eddica enfocado en los delitos, abordando delitos desde la primera contenci\u00f3n y del enlace con los servicios disponibles en esa materia (Subsecretar\u00eda de Prevenci\u00f3n del Delito y Corporaci\u00f3n de Asistencia Judicial). <strong>Contempla la orientaci\u00f3n y representaci\u00f3n jur\u00eddica <\/strong>(ante el Ministerio P\u00fablico o ante Tribunales de Justicia); y la atenci\u00f3n y acompa\u00f1amiento psicol\u00f3gico para los usuarios que lo requieran seg\u00fan el impacto que les provoque el delito sufrido. Hasta la fecha se han atendido m\u00e1s de 150 casos.<\/p>\n\n\n\n<p>La Oficina de Protecci\u00f3n Ciudadana se encuentra ubicada en calle San Mart\u00edn 755, atendiendo en horario de 08:30 a 13:30 y de 15:00 a 16:30 horas. Su n\u00famero de contacto es el 452 973 125 \u2013 452 973 128. O bien, escribir al WhatsApp +569 6125 4049 o al correo opc@temuco.cl.<\/p>\n","protected":false},"excerpt":{"rendered":"<div class=\"pvc_clear\"><\/div>\n<p id=\"pvc_stats_43416\" class=\"pvc_stats total_only  \" data-element-id=\"43416\" style=\"\"><i class=\"pvc-stats-icon large\" aria-hidden=\"true\"><svg aria-hidden=\"true\" focusable=\"false\" data-prefix=\"far\" data-icon=\"chart-bar\" role=\"img\" xmlns=\"http:\/\/www.w3.org\/2000\/svg\" viewBox=\"0 0 512 512\" class=\"svg-inline--fa fa-chart-bar fa-w-16 fa-2x\"><path fill=\"currentColor\" d=\"M396.8 352h22.4c6.4 0 12.8-6.4 12.8-12.8V108.8c0-6.4-6.4-12.8-12.8-12.8h-22.4c-6.4 0-12.8 6.4-12.8 12.8v230.4c0 6.4 6.4 12.8 12.8 12.8zm-192 0h22.4c6.4 0 12.8-6.4 12.8-12.8V140.8c0-6.4-6.4-12.8-12.8-12.8h-22.4c-6.4 0-12.8 6.4-12.8 12.8v198.4c0 6.4 6.4 12.8 12.8 12.8zm96 0h22.4c6.4 0 12.8-6.4 12.8-12.8V204.8c0-6.4-6.4-12.8-12.8-12.8h-22.4c-6.4 0-12.8 6.4-12.8 12.8v134.4c0 6.4 6.4 12.8 12.8 12.8zM496 400H48V80c0-8.84-7.16-16-16-16H16C7.16 64 0 71.16 0 80v336c0 17.67 14.33 32 32 32h464c8.84 0 16-7.16 16-16v-16c0-8.84-7.16-16-16-16zm-387.2-48h22.4c6.4 0 12.8-6.4 12.8-12.8v-70.4c0-6.4-6.4-12.8-12.8-12.8h-22.4c-6.4 0-12.8 6.4-12.8 12.8v70.4c0 6.4 6.4 12.8 12.8 12.8z\" class=\"\"><\/path><\/svg><\/i> <img loading=\"lazy\" decoding=\"async\" width=\"16\" height=\"16\" alt=\"Loading\" src=\"https:\/\/temucotelevision.cl\/web\/wp-content\/plugins\/page-views-count\/ajax-loader-2x.gif\" border=0 \/><\/p>\n<div class=\"pvc_clear\"><\/div>\n<p>La nueva estrategia en seguridad a trav\u00e9s de la Direcci\u00f3n de seguridad p\u00fablica municipal se desarrolla con el fin de<\/p>\n","protected":false},"author":1,"featured_media":43417,"comment_status":"open","ping_status":"open","sticky":false,"template":"","format":"standard","meta":{"colormag_page_container_layout":"default_layout","colormag_page_sidebar_layout":"default_layout","footnotes":""},"categories":[15],"tags":[6621,252,605,772,398,399,78,567],"class_list":["post-43416","post","type-post","status-publish","format-standard","has-post-thumbnail","hentry","category-la-araucania","tag-agentes","tag-centro","tag-comercio","tag-delitos","tag-municipales","tag-seguridad","tag-temuco","tag-vecinos"],"a3_pvc":{"activated":true,"total_views":4049,"today_views":0},"_links":{"self":[{"href":"https:\/\/temucotelevision.cl\/web\/wp-json\/wp\/v2\/posts\/43416","targetHints":{"allow":["GET"]}}],"collection":[{"href":"https:\/\/temucotelevision.cl\/web\/wp-json\/wp\/v2\/posts"}],"about":[{"href":"https:\/\/temucotelevision.cl\/web\/wp-json\/wp\/v2\/types\/post"}],"author":[{"embeddable":true,"href":"https:\/\/temucotelevision.cl\/web\/wp-json\/wp\/v2\/users\/1"}],"replies":[{"embeddable":true,"href":"https:\/\/temucotelevision.cl\/web\/wp-json\/wp\/v2\/comments?post=43416"}],"version-history":[{"count":1,"href":"https:\/\/temucotelevision.cl\/web\/wp-json\/wp\/v2\/posts\/43416\/revisions"}],"predecessor-version":[{"id":43418,"href":"https:\/\/temucotelevision.cl\/web\/wp-json\/wp\/v2\/posts\/43416\/revisions\/43418"}],"wp:featuredmedia":[{"embeddable":true,"href":"https:\/\/temucotelevision.cl\/web\/wp-json\/wp\/v2\/media\/43417"}],"wp:attachment":[{"href":"https:\/\/temucotelevision.cl\/web\/wp-json\/wp\/v2\/media?parent=43416"}],"wp:term":[{"taxonomy":"category","embeddable":true,"href":"https:\/\/temucotelevision.cl\/web\/wp-json\/wp\/v2\/categories?post=43416"},{"taxonomy":"post_tag","embeddable":true,"href":"https:\/\/temucotelevision.cl\/web\/wp-json\/wp\/v2\/tags?post=43416"}],"curies":[{"name":"wp","href":"https:\/\/api.w.org\/{rel}","templated":true}]}}