{"id":43406,"date":"2023-07-29T16:32:19","date_gmt":"2023-07-29T19:32:19","guid":{"rendered":"https:\/\/temucotelevision.cl\/web\/?p=43406"},"modified":"2023-07-29T16:32:19","modified_gmt":"2023-07-29T19:32:19","slug":"encuesta-casen-la-araucania-deja-de-ser-la-region-mas-pobre-afirma-delegado-presidencial","status":"publish","type":"post","link":"https:\/\/temucotelevision.cl\/web\/2023\/07\/29\/encuesta-casen-la-araucania-deja-de-ser-la-region-mas-pobre-afirma-delegado-presidencial\/","title":{"rendered":"Encuesta Casen: La Araucan\u00eda deja de ser la regi\u00f3n m\u00e1s pobre, afirma Delegado Presidencial"},"content":{"rendered":"<div class=\"pvc_clear\"><\/div><p id=\"pvc_stats_43406\" class=\"pvc_stats total_only  \" data-element-id=\"43406\" style=\"\"><i class=\"pvc-stats-icon large\" aria-hidden=\"true\"><svg aria-hidden=\"true\" focusable=\"false\" data-prefix=\"far\" data-icon=\"chart-bar\" role=\"img\" xmlns=\"http:\/\/www.w3.org\/2000\/svg\" viewBox=\"0 0 512 512\" class=\"svg-inline--fa fa-chart-bar fa-w-16 fa-2x\"><path fill=\"currentColor\" d=\"M396.8 352h22.4c6.4 0 12.8-6.4 12.8-12.8V108.8c0-6.4-6.4-12.8-12.8-12.8h-22.4c-6.4 0-12.8 6.4-12.8 12.8v230.4c0 6.4 6.4 12.8 12.8 12.8zm-192 0h22.4c6.4 0 12.8-6.4 12.8-12.8V140.8c0-6.4-6.4-12.8-12.8-12.8h-22.4c-6.4 0-12.8 6.4-12.8 12.8v198.4c0 6.4 6.4 12.8 12.8 12.8zm96 0h22.4c6.4 0 12.8-6.4 12.8-12.8V204.8c0-6.4-6.4-12.8-12.8-12.8h-22.4c-6.4 0-12.8 6.4-12.8 12.8v134.4c0 6.4 6.4 12.8 12.8 12.8zM496 400H48V80c0-8.84-7.16-16-16-16H16C7.16 64 0 71.16 0 80v336c0 17.67 14.33 32 32 32h464c8.84 0 16-7.16 16-16v-16c0-8.84-7.16-16-16-16zm-387.2-48h22.4c6.4 0 12.8-6.4 12.8-12.8v-70.4c0-6.4-6.4-12.8-12.8-12.8h-22.4c-6.4 0-12.8 6.4-12.8 12.8v70.4c0 6.4 6.4 12.8 12.8 12.8z\" class=\"\"><\/path><\/svg><\/i> <img loading=\"lazy\" decoding=\"async\" width=\"16\" height=\"16\" alt=\"Loading\" src=\"https:\/\/temucotelevision.cl\/web\/wp-content\/plugins\/page-views-count\/ajax-loader-2x.gif\" border=0 \/><\/p><div class=\"pvc_clear\"><\/div>\n<p>El delegado presidencial Jos\u00e9 Montalva valor\u00f3 que la regi\u00f3n de La Araucan\u00eda, as\u00ed como el pa\u00eds completo hayan retomado la senda decreciente de la pobreza, esto luego de conocerse los resultados de la Encuesta Casen 2022, que dan cuenta que Chile volvi\u00f3 a su tendencia hist\u00f3rica, con una reducci\u00f3n de la tasa de pobreza por ingresos, que lleg\u00f3 a 6,5%, lo que implica una disminuci\u00f3n de 4,2 puntos porcentuales respecto al 2020 y 2 puntos porcentuales respecto a 2017. As\u00ed, lleg\u00f3 a su nivel m\u00e1s bajo desde que se realiza esta encuesta desde hace m\u00e1s de tres d\u00e9cadas.<\/p>\n\n\n\n<p><br>En cuanto a los resultados en La Araucan\u00eda, en el a\u00f1o 2022 se registr\u00f3 una incidencia de pobreza en la poblaci\u00f3n de 11,6%, ubic\u00e1ndose por sobre el promedio nacional que fue de 6,5%, diferencia estad\u00edsticamente significativa al 95% de confianza.<\/p>\n\n\n\n<p><br>\u201cLa Araucan\u00eda ya no es la regi\u00f3n m\u00e1s pobre. Nuestra regi\u00f3n present\u00f3 bajas estad\u00edsticamente significativas con respecto de la Encuesta Casen 2017, destacando una disminuci\u00f3n de un 5,5% en pobreza por ingresos y un 7,2% en pobreza multidimensional, dejando de ser la regi\u00f3n m\u00e1s pobre del pa\u00eds\u201d, recalc\u00f3 Montalva.<br>\u201cSi bien esto significa que a\u00fan nos queda mucho trabajo por delante, es alentador que las cifras nos muestren que estamos en el camino correcto, que luego de la Pandemia estemos retomando esta tendencia positiva, alcanzando una tasa de pobreza de 6,5%, disminuyendo 4,2 puntos porcentuales respecto al 2020 y 2 puntos porcentuales respecto al a\u00f1o 2017\u201d, dijo Montalva.<\/p>\n\n\n\n<p><br>En un punto de prensa, junto a la delegada presidencial de Malleco, Andrea Parra, la seremi de Desarrollo Social y Familia, Mariela Huillipan y la directora regional del Fosis, Tamara Torres, la m\u00e1xima autoridad regional explic\u00f3 que \u201clas medidas que hemos desplegado como Gobierno en nuestra regi\u00f3n, para ir en apoyo de las familias, han comenzado a dar se\u00f1ales de que vamos avanzado en el camino correcto, y mientras siga habiendo familias en situaci\u00f3n de pobreza en La Araucan\u00eda, seguiremos trabajando incansablemente para sacarlas adelante\u201d.<br>En tanto, la seremi de Desarrollo Social, Mariela Huillipan, afirm\u00f3 que \u201csin duda hay mucho trabajo por realizar todav\u00eda, pero (\u2026) es muy significativo los n\u00fameros que han disminuido, porque por un lado hemos disminuido la pobreza, hoy la regi\u00f3n de La Araucan\u00eda est\u00e1 en un 11,6% de personas en pobreza, de las cuales el 3,3% pertenece a la pobreza extrema. Eso considerando que, en el a\u00f1o 2017, la poblaci\u00f3n correspond\u00eda a un 4,6%. Si bien entendemos que seguimos estando dentro de las primeras, hay disminuciones que se debe a trabajo que se ha realizado en gesti\u00f3n p\u00fablica, pero tambi\u00e9n en la implementaci\u00f3n de las pol\u00edticas p\u00fablicas y sociales\u201d.<br>Cabe destacar la disminuci\u00f3n en la regi\u00f3n de la pobreza multidimensional, que es la carencia o dificultad que tienen las familias y las personas para acceder a educaci\u00f3n, salud, trabajo entre otras \u00e1reas fundamentales. \u201cDentro de esto, la regi\u00f3n hoy est\u00e1 en un 19,8% y en la Casen 2017 est\u00e1bamos en un 27%. Si bien, a\u00fan estamos en los primeros lugares, es una baja muy considerable, que nos da a entender que hay personas que ya est\u00e1n accediendo y que estamos disminuyendo las brechas para acceder a salud, educaci\u00f3n y otras \u00e1reas muy importantes\u201d, a\u00f1adi\u00f3 Huillipan.<\/p>\n\n\n\n<p><br>ENCUESTA CASEN<br>La Encuesta Casen se realiz\u00f3 entre el 1 de noviembre de 2022 y el 2 de febrero de 2023, donde se logr\u00f3 entrevistar a 72.056 hogares a nivel nacional y es la medici\u00f3n socioecon\u00f3mica m\u00e1s importante que tiene el pa\u00eds para el dise\u00f1o y evaluaci\u00f3n de las pol\u00edticas sociales.<br>\u201cCon esto, se estima la cobertura, focalizaci\u00f3n y distribuci\u00f3n de los principales subsidios monetarios de alcance nacional y lo que nos importa a nosotros, en nuestra regi\u00f3n\u201d, subray\u00f3 Montalva.<\/p>\n\n\n\n<p>Pobreza por ingresos a nivel nacional<br>Seg\u00fan la encuesta, la pobreza por ingresos ha experimentado una disminuci\u00f3n significativa en el pa\u00eds y se ubic\u00f3 en un 6,5% de la poblaci\u00f3n, lo que equivale a 1.292.521 personas. Esta cifra representa un importante descenso en comparaci\u00f3n con mediciones previas de la Casen, donde la tasa de pobreza se ubic\u00f3 en un 10,7% en 2020 y en un 8,5% en 2017.<\/p>\n\n\n\n<p><br>La pobreza extrema tambi\u00e9n registr\u00f3 una disminuci\u00f3n a nivel nacional, ubic\u00e1ndose en 2% de la poblaci\u00f3n, en contraste con el 4,3% registrado en 2020 y el 2,3% en 2017 (no hay diferencia estad\u00edsticamente significativa entre la tasa de 2017 y 2022). La cifra equivale a un total de 397.963 personas en situaci\u00f3n de pobreza extrema.<\/p>\n\n\n\n<p>Pobreza por ingresos en regiones<br>La mayor\u00eda de las regiones del pa\u00eds presentaron bajas estad\u00edsticamente significativas con respecto a la encuesta Casen 2017, destacando La Araucan\u00eda (- 5,2 pp), Los R\u00edos (-5,9 pp), Biob\u00edo (-4,7 pp), Los Lagos (-4,6 pp) y Metropolitana (-1 pp)<br>Entre las regiones, \u00d1uble (12,1%), La Araucan\u00eda (11,6%), Tarapac\u00e1 (11%) y Arica y Parinacota (9,2%) presentan las tasas de pobreza por ingresos m\u00e1s alta en el pa\u00eds, mientras que en Magallanes (3,4%), Ays\u00e9n (4%), Metropolitana (4,4%) y Los R\u00edos (5,9%) se observan las tasas m\u00e1s bajas.<\/p>\n\n\n\n<p>Pobreza multidimensional a nivel nacional<br>La Encuesta Casen permiti\u00f3 contar con una nueva medici\u00f3n de la pobreza multidimensional, que no hab\u00eda sido calculada desde 2017, debido a las restricciones sanitarias que no permitieron aplicar la versi\u00f3n completa del cuestionario en 2020.<\/p>\n\n\n\n<p><br>Los resultados de la encuesta muestran tambi\u00e9n una importante reducci\u00f3n en la pobreza multidimensional a lo largo de los a\u00f1os. Desde 2017, esta tasa ha disminuido significativamente, pasando del 20,3% al 16,9% en 2022, lo que equivale a una baja de 3,4 puntos porcentuales.<\/p>\n\n\n\n<p>Pobreza multidimensional en Regiones<br>La mayor\u00eda de las regiones del pa\u00eds presentaron bajas estad\u00edsticamente significativas en la pobreza multidimensional en comparaci\u00f3n a la encuesta Casen 2017, destacando \u00d1uble (-9,2 pp), La Araucan\u00eda (-7,2 pp), Coquimbo (-6 pp), Ays\u00e9n (-5,6 pp), Los Lagos (-4,9 pp) y Magallanes (-3,6 pp). Las regiones que presentan las tasas m\u00e1s bajas de la pobreza multidimensional son Magallanes (6,9%), Ays\u00e9n (14%), Biob\u00edo (14,1%) y Maule (15%). Mientras que entre las que superan el promedio nacional encontramos a Tarapac\u00e1 (23,8%), Atacama (20,3%), La Araucan\u00eda (19,8%) y Los Lagos (19,7%).<\/p>\n\n\n\n<p>Metodolog\u00eda de la Encuesta Casen<br>El trabajo de campo de la Encuesta Casen 2022 se realiz\u00f3 desde el 1 de noviembre de 2022 hasta el 2 de febrero de 2023, recogiendo el mismo per\u00edodo que en versiones previas de la encuesta, para mantener la comparabilidad. Durante la aplicaci\u00f3n, el Centro de Microdatos de la Universidad de Chile realiz\u00f3 entrevistas en un total de 72.056 hogares, que habitan en 70.751 viviendas en las 16 regiones del pa\u00eds, con informaci\u00f3n que incluye datos de 202.231 personas.<\/p>\n","protected":false},"excerpt":{"rendered":"<div class=\"pvc_clear\"><\/div>\n<p id=\"pvc_stats_43406\" class=\"pvc_stats total_only  \" data-element-id=\"43406\" style=\"\"><i class=\"pvc-stats-icon large\" aria-hidden=\"true\"><svg aria-hidden=\"true\" focusable=\"false\" data-prefix=\"far\" data-icon=\"chart-bar\" role=\"img\" xmlns=\"http:\/\/www.w3.org\/2000\/svg\" viewBox=\"0 0 512 512\" class=\"svg-inline--fa fa-chart-bar fa-w-16 fa-2x\"><path fill=\"currentColor\" d=\"M396.8 352h22.4c6.4 0 12.8-6.4 12.8-12.8V108.8c0-6.4-6.4-12.8-12.8-12.8h-22.4c-6.4 0-12.8 6.4-12.8 12.8v230.4c0 6.4 6.4 12.8 12.8 12.8zm-192 0h22.4c6.4 0 12.8-6.4 12.8-12.8V140.8c0-6.4-6.4-12.8-12.8-12.8h-22.4c-6.4 0-12.8 6.4-12.8 12.8v198.4c0 6.4 6.4 12.8 12.8 12.8zm96 0h22.4c6.4 0 12.8-6.4 12.8-12.8V204.8c0-6.4-6.4-12.8-12.8-12.8h-22.4c-6.4 0-12.8 6.4-12.8 12.8v134.4c0 6.4 6.4 12.8 12.8 12.8zM496 400H48V80c0-8.84-7.16-16-16-16H16C7.16 64 0 71.16 0 80v336c0 17.67 14.33 32 32 32h464c8.84 0 16-7.16 16-16v-16c0-8.84-7.16-16-16-16zm-387.2-48h22.4c6.4 0 12.8-6.4 12.8-12.8v-70.4c0-6.4-6.4-12.8-12.8-12.8h-22.4c-6.4 0-12.8 6.4-12.8 12.8v70.4c0 6.4 6.4 12.8 12.8 12.8z\" class=\"\"><\/path><\/svg><\/i> <img loading=\"lazy\" decoding=\"async\" width=\"16\" height=\"16\" alt=\"Loading\" src=\"https:\/\/temucotelevision.cl\/web\/wp-content\/plugins\/page-views-count\/ajax-loader-2x.gif\" border=0 \/><\/p>\n<div class=\"pvc_clear\"><\/div>\n<p>El delegado presidencial Jos\u00e9 Montalva valor\u00f3 que la regi\u00f3n de La Araucan\u00eda, as\u00ed como el pa\u00eds completo hayan retomado la<\/p>\n","protected":false},"author":1,"featured_media":33878,"comment_status":"open","ping_status":"open","sticky":false,"template":"","format":"standard","meta":{"colormag_page_container_layout":"default_layout","colormag_page_sidebar_layout":"default_layout","footnotes":""},"categories":[14],"tags":[6620,3258,1024,4627],"class_list":["post-43406","post","type-post","status-publish","format-standard","has-post-thumbnail","hentry","category-temuco","tag-casen","tag-delegado","tag-encuesta","tag-presidencial"],"a3_pvc":{"activated":true,"total_views":370,"today_views":0},"_links":{"self":[{"href":"https:\/\/temucotelevision.cl\/web\/wp-json\/wp\/v2\/posts\/43406","targetHints":{"allow":["GET"]}}],"collection":[{"href":"https:\/\/temucotelevision.cl\/web\/wp-json\/wp\/v2\/posts"}],"about":[{"href":"https:\/\/temucotelevision.cl\/web\/wp-json\/wp\/v2\/types\/post"}],"author":[{"embeddable":true,"href":"https:\/\/temucotelevision.cl\/web\/wp-json\/wp\/v2\/users\/1"}],"replies":[{"embeddable":true,"href":"https:\/\/temucotelevision.cl\/web\/wp-json\/wp\/v2\/comments?post=43406"}],"version-history":[{"count":1,"href":"https:\/\/temucotelevision.cl\/web\/wp-json\/wp\/v2\/posts\/43406\/revisions"}],"predecessor-version":[{"id":43407,"href":"https:\/\/temucotelevision.cl\/web\/wp-json\/wp\/v2\/posts\/43406\/revisions\/43407"}],"wp:featuredmedia":[{"embeddable":true,"href":"https:\/\/temucotelevision.cl\/web\/wp-json\/wp\/v2\/media\/33878"}],"wp:attachment":[{"href":"https:\/\/temucotelevision.cl\/web\/wp-json\/wp\/v2\/media?parent=43406"}],"wp:term":[{"taxonomy":"category","embeddable":true,"href":"https:\/\/temucotelevision.cl\/web\/wp-json\/wp\/v2\/categories?post=43406"},{"taxonomy":"post_tag","embeddable":true,"href":"https:\/\/temucotelevision.cl\/web\/wp-json\/wp\/v2\/tags?post=43406"}],"curies":[{"name":"wp","href":"https:\/\/api.w.org\/{rel}","templated":true}]}}