{"id":43403,"date":"2023-07-29T11:03:24","date_gmt":"2023-07-29T14:03:24","guid":{"rendered":"https:\/\/temucotelevision.cl\/web\/?p=43403"},"modified":"2023-07-29T11:03:25","modified_gmt":"2023-07-29T14:03:25","slug":"fatal-accidente-con-resultado-de-muerte-de-mujer-en-la-ruta-s-20-durante-manifestaciones-con-barricadas","status":"publish","type":"post","link":"https:\/\/temucotelevision.cl\/web\/2023\/07\/29\/fatal-accidente-con-resultado-de-muerte-de-mujer-en-la-ruta-s-20-durante-manifestaciones-con-barricadas\/","title":{"rendered":"Fatal accidente con resultado de muerte de mujer en la ruta S-20 durante manifestaciones con barricadas"},"content":{"rendered":"<div class=\"pvc_clear\"><\/div><p id=\"pvc_stats_43403\" class=\"pvc_stats total_only  \" data-element-id=\"43403\" style=\"\"><i class=\"pvc-stats-icon large\" aria-hidden=\"true\"><svg aria-hidden=\"true\" focusable=\"false\" data-prefix=\"far\" data-icon=\"chart-bar\" role=\"img\" xmlns=\"http:\/\/www.w3.org\/2000\/svg\" viewBox=\"0 0 512 512\" class=\"svg-inline--fa fa-chart-bar fa-w-16 fa-2x\"><path fill=\"currentColor\" d=\"M396.8 352h22.4c6.4 0 12.8-6.4 12.8-12.8V108.8c0-6.4-6.4-12.8-12.8-12.8h-22.4c-6.4 0-12.8 6.4-12.8 12.8v230.4c0 6.4 6.4 12.8 12.8 12.8zm-192 0h22.4c6.4 0 12.8-6.4 12.8-12.8V140.8c0-6.4-6.4-12.8-12.8-12.8h-22.4c-6.4 0-12.8 6.4-12.8 12.8v198.4c0 6.4 6.4 12.8 12.8 12.8zm96 0h22.4c6.4 0 12.8-6.4 12.8-12.8V204.8c0-6.4-6.4-12.8-12.8-12.8h-22.4c-6.4 0-12.8 6.4-12.8 12.8v134.4c0 6.4 6.4 12.8 12.8 12.8zM496 400H48V80c0-8.84-7.16-16-16-16H16C7.16 64 0 71.16 0 80v336c0 17.67 14.33 32 32 32h464c8.84 0 16-7.16 16-16v-16c0-8.84-7.16-16-16-16zm-387.2-48h22.4c6.4 0 12.8-6.4 12.8-12.8v-70.4c0-6.4-6.4-12.8-12.8-12.8h-22.4c-6.4 0-12.8 6.4-12.8 12.8v70.4c0 6.4 6.4 12.8 12.8 12.8z\" class=\"\"><\/path><\/svg><\/i> <img loading=\"lazy\" decoding=\"async\" width=\"16\" height=\"16\" alt=\"Loading\" src=\"https:\/\/temucotelevision.cl\/web\/wp-content\/plugins\/page-views-count\/ajax-loader-2x.gif\" border=0 \/><\/p><div class=\"pvc_clear\"><\/div>\n<p>En un lamentable suceso ocurrido ayer en la ruta S-20, en la ruta Chol Chol Temuco, una mujer mayor de edad perdi\u00f3 la vida como consecuencia de un accidente vial relacionado con una manifestaci\u00f3n. La Vocer\u00eda de la Prefectura Caut\u00edn, representada por el Teniente Coronel Ximena Valle, dio a conocer los detalles del incidente.<\/p>\n\n\n\n<p>Seg\u00fan el reporte oficial, el tr\u00e1gico episodio ocurri\u00f3 debido a los cortes de ruta realizados por manifestantes, quienes hab\u00edan colocado \u00e1rboles y ramas en la v\u00eda como parte de su protesta. La v\u00edctima, quien se encontraba conduciendo una motocicleta, impact\u00f3 con dichas ramas presentes en el camino, lo que provoc\u00f3 que perdiera el control del veh\u00edculo y falleciera en el lugar.<\/p>\n\n\n\n<p>Inmediatamente despu\u00e9s del accidente, equipos de emergencia se movilizaron para atender la situaci\u00f3n. El Fiscal de turno dispuso el trabajo de la Secci\u00f3n de Investigaci\u00f3n de Accidentes en el Tr\u00e1nsito (SIAT) de Caut\u00edn en el sitio del suceso, con el objetivo de recopilar evidencia y determinar las circunstancias exactas que llevaron a esta tragedia.<\/p>\n\n\n\n<p>El incidente ha generado conmoci\u00f3n en la comunidad, y las autoridades han expresado sus condolencias a los familiares y seres queridos de la v\u00edctima. Adem\u00e1s, han llamado a la prudencia y a evitar acciones que puedan poner en riesgo la seguridad vial durante manifestaciones y protestas.<\/p>\n\n\n\n<p>Las investigaciones sobre este triste suceso est\u00e1n en curso, y se espera que se esclarezcan las responsabilidades y se tomen las medidas necesarias para evitar que hechos similares ocurran en el futuro. La situaci\u00f3n ser\u00e1 seguida de cerca por las autoridades y los medios de comunicaci\u00f3n para mantener informada a la ciudadan\u00eda sobre los avances en la investigaci\u00f3n.<\/p>\n","protected":false},"excerpt":{"rendered":"<div class=\"pvc_clear\"><\/div>\n<p id=\"pvc_stats_43403\" class=\"pvc_stats total_only  \" data-element-id=\"43403\" style=\"\"><i class=\"pvc-stats-icon large\" aria-hidden=\"true\"><svg aria-hidden=\"true\" focusable=\"false\" data-prefix=\"far\" data-icon=\"chart-bar\" role=\"img\" xmlns=\"http:\/\/www.w3.org\/2000\/svg\" viewBox=\"0 0 512 512\" class=\"svg-inline--fa fa-chart-bar fa-w-16 fa-2x\"><path fill=\"currentColor\" d=\"M396.8 352h22.4c6.4 0 12.8-6.4 12.8-12.8V108.8c0-6.4-6.4-12.8-12.8-12.8h-22.4c-6.4 0-12.8 6.4-12.8 12.8v230.4c0 6.4 6.4 12.8 12.8 12.8zm-192 0h22.4c6.4 0 12.8-6.4 12.8-12.8V140.8c0-6.4-6.4-12.8-12.8-12.8h-22.4c-6.4 0-12.8 6.4-12.8 12.8v198.4c0 6.4 6.4 12.8 12.8 12.8zm96 0h22.4c6.4 0 12.8-6.4 12.8-12.8V204.8c0-6.4-6.4-12.8-12.8-12.8h-22.4c-6.4 0-12.8 6.4-12.8 12.8v134.4c0 6.4 6.4 12.8 12.8 12.8zM496 400H48V80c0-8.84-7.16-16-16-16H16C7.16 64 0 71.16 0 80v336c0 17.67 14.33 32 32 32h464c8.84 0 16-7.16 16-16v-16c0-8.84-7.16-16-16-16zm-387.2-48h22.4c6.4 0 12.8-6.4 12.8-12.8v-70.4c0-6.4-6.4-12.8-12.8-12.8h-22.4c-6.4 0-12.8 6.4-12.8 12.8v70.4c0 6.4 6.4 12.8 12.8 12.8z\" class=\"\"><\/path><\/svg><\/i> <img loading=\"lazy\" decoding=\"async\" width=\"16\" height=\"16\" alt=\"Loading\" src=\"https:\/\/temucotelevision.cl\/web\/wp-content\/plugins\/page-views-count\/ajax-loader-2x.gif\" border=0 \/><\/p>\n<div class=\"pvc_clear\"><\/div>\n<p>En un lamentable suceso ocurrido ayer en la ruta S-20, en la ruta Chol Chol Temuco, una mujer mayor de<\/p>\n","protected":false},"author":1,"featured_media":43404,"comment_status":"open","ping_status":"open","sticky":false,"template":"","format":"standard","meta":{"colormag_page_container_layout":"default_layout","colormag_page_sidebar_layout":"default_layout","footnotes":""},"categories":[15],"tags":[1358,2039,2291,3031,695],"class_list":["post-43403","post","type-post","status-publish","format-standard","has-post-thumbnail","hentry","category-la-araucania","tag-accidente","tag-barricadas","tag-chol-chol-2","tag-manifestantes","tag-ruta"],"a3_pvc":{"activated":true,"total_views":5154,"today_views":0},"_links":{"self":[{"href":"https:\/\/temucotelevision.cl\/web\/wp-json\/wp\/v2\/posts\/43403","targetHints":{"allow":["GET"]}}],"collection":[{"href":"https:\/\/temucotelevision.cl\/web\/wp-json\/wp\/v2\/posts"}],"about":[{"href":"https:\/\/temucotelevision.cl\/web\/wp-json\/wp\/v2\/types\/post"}],"author":[{"embeddable":true,"href":"https:\/\/temucotelevision.cl\/web\/wp-json\/wp\/v2\/users\/1"}],"replies":[{"embeddable":true,"href":"https:\/\/temucotelevision.cl\/web\/wp-json\/wp\/v2\/comments?post=43403"}],"version-history":[{"count":1,"href":"https:\/\/temucotelevision.cl\/web\/wp-json\/wp\/v2\/posts\/43403\/revisions"}],"predecessor-version":[{"id":43405,"href":"https:\/\/temucotelevision.cl\/web\/wp-json\/wp\/v2\/posts\/43403\/revisions\/43405"}],"wp:featuredmedia":[{"embeddable":true,"href":"https:\/\/temucotelevision.cl\/web\/wp-json\/wp\/v2\/media\/43404"}],"wp:attachment":[{"href":"https:\/\/temucotelevision.cl\/web\/wp-json\/wp\/v2\/media?parent=43403"}],"wp:term":[{"taxonomy":"category","embeddable":true,"href":"https:\/\/temucotelevision.cl\/web\/wp-json\/wp\/v2\/categories?post=43403"},{"taxonomy":"post_tag","embeddable":true,"href":"https:\/\/temucotelevision.cl\/web\/wp-json\/wp\/v2\/tags?post=43403"}],"curies":[{"name":"wp","href":"https:\/\/api.w.org\/{rel}","templated":true}]}}