{"id":43400,"date":"2023-07-28T18:15:34","date_gmt":"2023-07-28T21:15:34","guid":{"rendered":"https:\/\/temucotelevision.cl\/web\/?p=43400"},"modified":"2023-07-28T18:17:45","modified_gmt":"2023-07-28T21:17:45","slug":"en-un-segundo-juicio-la-fiscalia-consigue-sentencia-de-17-anos-de-presidio-contra-martin-pradenas-por-siete-delitos-sexuales","status":"publish","type":"post","link":"https:\/\/temucotelevision.cl\/web\/2023\/07\/28\/en-un-segundo-juicio-la-fiscalia-consigue-sentencia-de-17-anos-de-presidio-contra-martin-pradenas-por-siete-delitos-sexuales\/","title":{"rendered":"En un segundo juicio la Fiscal\u00eda consigue sentencia de 17 a\u00f1os de presidio contra Mart\u00edn Pradenas por siete delitos sexuales"},"content":{"rendered":"<div class=\"pvc_clear\"><\/div><p id=\"pvc_stats_43400\" class=\"pvc_stats total_only  \" data-element-id=\"43400\" style=\"\"><i class=\"pvc-stats-icon large\" aria-hidden=\"true\"><svg aria-hidden=\"true\" focusable=\"false\" data-prefix=\"far\" data-icon=\"chart-bar\" role=\"img\" xmlns=\"http:\/\/www.w3.org\/2000\/svg\" viewBox=\"0 0 512 512\" class=\"svg-inline--fa fa-chart-bar fa-w-16 fa-2x\"><path fill=\"currentColor\" d=\"M396.8 352h22.4c6.4 0 12.8-6.4 12.8-12.8V108.8c0-6.4-6.4-12.8-12.8-12.8h-22.4c-6.4 0-12.8 6.4-12.8 12.8v230.4c0 6.4 6.4 12.8 12.8 12.8zm-192 0h22.4c6.4 0 12.8-6.4 12.8-12.8V140.8c0-6.4-6.4-12.8-12.8-12.8h-22.4c-6.4 0-12.8 6.4-12.8 12.8v198.4c0 6.4 6.4 12.8 12.8 12.8zm96 0h22.4c6.4 0 12.8-6.4 12.8-12.8V204.8c0-6.4-6.4-12.8-12.8-12.8h-22.4c-6.4 0-12.8 6.4-12.8 12.8v134.4c0 6.4 6.4 12.8 12.8 12.8zM496 400H48V80c0-8.84-7.16-16-16-16H16C7.16 64 0 71.16 0 80v336c0 17.67 14.33 32 32 32h464c8.84 0 16-7.16 16-16v-16c0-8.84-7.16-16-16-16zm-387.2-48h22.4c6.4 0 12.8-6.4 12.8-12.8v-70.4c0-6.4-6.4-12.8-12.8-12.8h-22.4c-6.4 0-12.8 6.4-12.8 12.8v70.4c0 6.4 6.4 12.8 12.8 12.8z\" class=\"\"><\/path><\/svg><\/i> <img loading=\"lazy\" decoding=\"async\" width=\"16\" height=\"16\" alt=\"Loading\" src=\"https:\/\/temucotelevision.cl\/web\/wp-content\/plugins\/page-views-count\/ajax-loader-2x.gif\" border=0 \/><\/p><div class=\"pvc_clear\"><\/div>\n<p>El primer juicio, realizado en el a\u00f1o 2022, fue anulado por la Corte Suprema tras acoger un recurso interpuesto por defensa de Pradenas que impugn\u00f3 la falta de objetividad de uno de los jueces.<\/p>\n\n\n\n<p>El Tribunal Oral en lo Penal de Temuco impuso una pena \u00fanica de 17 a\u00f1os de presidio en contra de Mart\u00edn Pradenas D\u00fcrr, por siete delitos sexuales cometidos entre noviembre de 2010 y septiembre de 2019 en perjuicio de seis personas.<\/p>\n\n\n\n<p>Durante este este segundo juicio la Fiscal\u00eda logr\u00f3 acreditar nuevamente la existencia de los il\u00edcitos y la responsabilidad como autor de Pradenas en dos delitos de violaci\u00f3n a personas mayores de 14 a\u00f1os, cuatro delitos de abuso sexual a mayores de 14 a\u00f1os y un delito de abuso sexual a una menor de 14 a\u00f1os.<\/p>\n\n\n\n<p>Miguel Rojas, fiscal a cargo del caso, expres\u00f3 conformidad con la condena, la cual, dijo, est\u00e1 dentro de los rangos en que podr\u00eda haberse aplicado, aunque advirti\u00f3 que ninguna pena puede reparar el sufrimiento de las v\u00edctimas.<\/p>\n\n\n\n<p>\u201cDe acuerdo a todo el da\u00f1o que ha sido acreditado a lo largo de estos dos juicios, no hay una pena que pueda mejorar aquellas afectaciones. Sin perjuicio de lo anterior, nos parece una pena alta que se encuadra dentro del rango legal, pero los fundamentos de la imposici\u00f3n de esta condena lo vamos a estudiar cuando tengamos la resoluci\u00f3n respectiva \u201d se\u00f1al\u00f3 el persecutor.<\/p>\n\n\n\n<p>Por su parte, Roberto Garrido, fiscal regional de La Araucan\u00eda, manifest\u00f3 que m\u00e1s all\u00e1 de la pena impuesta, la Fiscal\u00eda valora el reconocimiento que hizo el tribunal de la verdad de las afectadas.<\/p>\n\n\n\n<p>\u201cLas v\u00edctimas, apoyadas por el Ministerio P\u00fablico, lograron superar la revictimizaci\u00f3n que implic\u00f3 cuestionamientos a sus testimonios en la etapa de investigaci\u00f3n y durante el juicio, poniendo sobre ellas la responsabilidad por la tardanza en la denuncia. Superaron tambi\u00e9n la revictimizaci\u00f3n de la repetici\u00f3n del juicio derivada de cuestionamientos que no dec\u00edan en relaci\u00f3n con las pruebas presentadas en el proceso\u201d destac\u00f3 el persecutor.<\/p>\n\n\n\n<p>En ese mismo sentido, el fiscal tambi\u00e9n resalt\u00f3 la valent\u00eda de las v\u00edctimas en participar en este proceso, lo cual visibiliz\u00f3 la necesidad de poner en la palestra la perspectiva de g\u00e9nero, tanto en la etapa de investigaci\u00f3n como en el juicio para superar los prejuicios sobre esta clase de delitos.<\/p>\n\n\n\n<p>Asimismo, el fiscal regional resalt\u00f3 que la resoluci\u00f3n de condena se logr\u00f3 gracias al trabajo coordinado de la Fiscal\u00eda, la PDI y el Servicio M\u00e9dico Legal, que permiti\u00f3 superar las dificultades que se enfrentaron en este proceso.<\/p>\n\n\n\n<p>\u201cLa primera de ellas, derivada de la muerte de una de las v\u00edctimas antes que se formulara la denuncia respecto a los hechos que la hab\u00edan afectado, y la otra por la tardanza de las v\u00edctimas, precisamente en hacer esta denuncia que s\u00f3lo manifiestan haber sido v\u00edctimas de situaciones similares una vez que se conoce el primer caso\u201d explic\u00f3 el persecutor.<\/p>\n\n\n\n<p>La primera sentencia, dictada el 26 agosto del 2022, conden\u00f3 a Pradenas a 20 a\u00f1os de presidio por los mismos siete delitos sexuales, pero fue anulada por la Corte Suprema tras acoger un recurso de la defensa del imputado que acus\u00f3 la falta de imparcialidad de uno de los jueces.<\/p>\n\n\n\n<p>En este segundo juicio, la Fiscal\u00eda reiter\u00f3 su solicitud de aplicar al condenado distintas penas por cada delito cometido, las cuales daban en total la suma de 41 a\u00f1os de presidio. Sin embargo, esta no fue acogida por el tribunal que impuso a Pradenas una pena \u00fanica de 17 a\u00f1os de presidio.<\/p>\n","protected":false},"excerpt":{"rendered":"<div class=\"pvc_clear\"><\/div>\n<p id=\"pvc_stats_43400\" class=\"pvc_stats total_only  \" data-element-id=\"43400\" style=\"\"><i class=\"pvc-stats-icon large\" aria-hidden=\"true\"><svg aria-hidden=\"true\" focusable=\"false\" data-prefix=\"far\" data-icon=\"chart-bar\" role=\"img\" xmlns=\"http:\/\/www.w3.org\/2000\/svg\" viewBox=\"0 0 512 512\" class=\"svg-inline--fa fa-chart-bar fa-w-16 fa-2x\"><path fill=\"currentColor\" d=\"M396.8 352h22.4c6.4 0 12.8-6.4 12.8-12.8V108.8c0-6.4-6.4-12.8-12.8-12.8h-22.4c-6.4 0-12.8 6.4-12.8 12.8v230.4c0 6.4 6.4 12.8 12.8 12.8zm-192 0h22.4c6.4 0 12.8-6.4 12.8-12.8V140.8c0-6.4-6.4-12.8-12.8-12.8h-22.4c-6.4 0-12.8 6.4-12.8 12.8v198.4c0 6.4 6.4 12.8 12.8 12.8zm96 0h22.4c6.4 0 12.8-6.4 12.8-12.8V204.8c0-6.4-6.4-12.8-12.8-12.8h-22.4c-6.4 0-12.8 6.4-12.8 12.8v134.4c0 6.4 6.4 12.8 12.8 12.8zM496 400H48V80c0-8.84-7.16-16-16-16H16C7.16 64 0 71.16 0 80v336c0 17.67 14.33 32 32 32h464c8.84 0 16-7.16 16-16v-16c0-8.84-7.16-16-16-16zm-387.2-48h22.4c6.4 0 12.8-6.4 12.8-12.8v-70.4c0-6.4-6.4-12.8-12.8-12.8h-22.4c-6.4 0-12.8 6.4-12.8 12.8v70.4c0 6.4 6.4 12.8 12.8 12.8z\" class=\"\"><\/path><\/svg><\/i> <img loading=\"lazy\" decoding=\"async\" width=\"16\" height=\"16\" alt=\"Loading\" src=\"https:\/\/temucotelevision.cl\/web\/wp-content\/plugins\/page-views-count\/ajax-loader-2x.gif\" border=0 \/><\/p>\n<div class=\"pvc_clear\"><\/div>\n<p>El primer juicio, realizado en el a\u00f1o 2022, fue anulado por la Corte Suprema tras acoger un recurso interpuesto por<\/p>\n","protected":false},"author":1,"featured_media":43401,"comment_status":"open","ping_status":"open","sticky":false,"template":"","format":"standard","meta":{"colormag_page_container_layout":"default_layout","colormag_page_sidebar_layout":"default_layout","footnotes":""},"categories":[15],"tags":[772,1044,2797,2824,1080],"class_list":["post-43400","post","type-post","status-publish","format-standard","has-post-thumbnail","hentry","category-la-araucania","tag-delitos","tag-juicio","tag-martin-pradenas","tag-sentenciado","tag-sexuales"],"a3_pvc":{"activated":true,"total_views":8761,"today_views":0},"_links":{"self":[{"href":"https:\/\/temucotelevision.cl\/web\/wp-json\/wp\/v2\/posts\/43400","targetHints":{"allow":["GET"]}}],"collection":[{"href":"https:\/\/temucotelevision.cl\/web\/wp-json\/wp\/v2\/posts"}],"about":[{"href":"https:\/\/temucotelevision.cl\/web\/wp-json\/wp\/v2\/types\/post"}],"author":[{"embeddable":true,"href":"https:\/\/temucotelevision.cl\/web\/wp-json\/wp\/v2\/users\/1"}],"replies":[{"embeddable":true,"href":"https:\/\/temucotelevision.cl\/web\/wp-json\/wp\/v2\/comments?post=43400"}],"version-history":[{"count":1,"href":"https:\/\/temucotelevision.cl\/web\/wp-json\/wp\/v2\/posts\/43400\/revisions"}],"predecessor-version":[{"id":43402,"href":"https:\/\/temucotelevision.cl\/web\/wp-json\/wp\/v2\/posts\/43400\/revisions\/43402"}],"wp:featuredmedia":[{"embeddable":true,"href":"https:\/\/temucotelevision.cl\/web\/wp-json\/wp\/v2\/media\/43401"}],"wp:attachment":[{"href":"https:\/\/temucotelevision.cl\/web\/wp-json\/wp\/v2\/media?parent=43400"}],"wp:term":[{"taxonomy":"category","embeddable":true,"href":"https:\/\/temucotelevision.cl\/web\/wp-json\/wp\/v2\/categories?post=43400"},{"taxonomy":"post_tag","embeddable":true,"href":"https:\/\/temucotelevision.cl\/web\/wp-json\/wp\/v2\/tags?post=43400"}],"curies":[{"name":"wp","href":"https:\/\/api.w.org\/{rel}","templated":true}]}}