{"id":43388,"date":"2023-07-28T11:35:57","date_gmt":"2023-07-28T14:35:57","guid":{"rendered":"https:\/\/temucotelevision.cl\/web\/?p=43388"},"modified":"2023-07-28T11:35:58","modified_gmt":"2023-07-28T14:35:58","slug":"seguridad-comunitaria-en-la-araucania-el-impacto-de-las-capacitaciones-para-juntas-de-vigilancia-rural","status":"publish","type":"post","link":"https:\/\/temucotelevision.cl\/web\/2023\/07\/28\/seguridad-comunitaria-en-la-araucania-el-impacto-de-las-capacitaciones-para-juntas-de-vigilancia-rural\/","title":{"rendered":"Seguridad Comunitaria en la Araucan\u00eda: El impacto de las capacitaciones para Juntas de Vigilancia Rural"},"content":{"rendered":"<div class=\"pvc_clear\"><\/div><p id=\"pvc_stats_43388\" class=\"pvc_stats total_only  \" data-element-id=\"43388\" style=\"\"><i class=\"pvc-stats-icon large\" aria-hidden=\"true\"><svg aria-hidden=\"true\" focusable=\"false\" data-prefix=\"far\" data-icon=\"chart-bar\" role=\"img\" xmlns=\"http:\/\/www.w3.org\/2000\/svg\" viewBox=\"0 0 512 512\" class=\"svg-inline--fa fa-chart-bar fa-w-16 fa-2x\"><path fill=\"currentColor\" d=\"M396.8 352h22.4c6.4 0 12.8-6.4 12.8-12.8V108.8c0-6.4-6.4-12.8-12.8-12.8h-22.4c-6.4 0-12.8 6.4-12.8 12.8v230.4c0 6.4 6.4 12.8 12.8 12.8zm-192 0h22.4c6.4 0 12.8-6.4 12.8-12.8V140.8c0-6.4-6.4-12.8-12.8-12.8h-22.4c-6.4 0-12.8 6.4-12.8 12.8v198.4c0 6.4 6.4 12.8 12.8 12.8zm96 0h22.4c6.4 0 12.8-6.4 12.8-12.8V204.8c0-6.4-6.4-12.8-12.8-12.8h-22.4c-6.4 0-12.8 6.4-12.8 12.8v134.4c0 6.4 6.4 12.8 12.8 12.8zM496 400H48V80c0-8.84-7.16-16-16-16H16C7.16 64 0 71.16 0 80v336c0 17.67 14.33 32 32 32h464c8.84 0 16-7.16 16-16v-16c0-8.84-7.16-16-16-16zm-387.2-48h22.4c6.4 0 12.8-6.4 12.8-12.8v-70.4c0-6.4-6.4-12.8-12.8-12.8h-22.4c-6.4 0-12.8 6.4-12.8 12.8v70.4c0 6.4 6.4 12.8 12.8 12.8z\" class=\"\"><\/path><\/svg><\/i> <img loading=\"lazy\" decoding=\"async\" width=\"16\" height=\"16\" alt=\"Loading\" src=\"https:\/\/temucotelevision.cl\/web\/wp-content\/plugins\/page-views-count\/ajax-loader-2x.gif\" border=0 \/><\/p><div class=\"pvc_clear\"><\/div>\n<p>Directivos de Juntas de Vigilancia Rural de diez comunas de La Araucan\u00eda han sido capacitados gracias a la iniciativa del Gobierno Regional de La Araucan\u00eda, la cual busca aportar mayores herramientas que permitan mejorar la coordinaci\u00f3n, potenciando as\u00ed la seguridad rural dentro sus comunidades.<\/p>\n\n\n\n<p>Los beneficiarios de este proyecto han agradecido esta instancia ya que, adem\u00e1s de fortalecer sus conocimientos, tambi\u00e9n han podido generar redes con otras directivas, lo que es fundamental para combatir la delincuencia como, por ejemplo, el abigeato, delito que se reitera con frecuencia en sectores rurales.<\/p>\n\n\n\n<p>Celinda Painemil, una de las beneficiarias del programa agradeci\u00f3 que \u201cel Gobierno Regional apoye estas instancias para motivarnos a nosotros mismos y hacernos ver que cumplimos una funci\u00f3n importante (\u2026) las clases han sido super entretenidas y cada expositor nos ha entregado informaci\u00f3n importante para que podamos trabajar con ella\u201d.<\/p>\n\n\n\n<p>Susana Cheuqu\u00e9n, presidente de la Uni\u00f3n Comunal de Junta de Vigilancia de Nueva Imperial, destac\u00f3 el apoyo que ha sentido en las capacitaciones ya que \u201clo que nosotros necesitamos son conocimientos. Si bien uno tiene la base y la necesidad, cuando uno recibe conocimientos de forma \u00f3ptima, esto funciona (\u2026) contenta y agradecida por la acogida, eso ha hecho para que la gente se sienta c\u00f3moda. Trajeron gente de lujo, con conocimiento y experiencia\u201d.<\/p>\n\n\n\n<p>Por su parte, Karen Ch\u00e1vez de Freire, manifest\u00f3 que el proyecto \u201ces una iniciativa muy productiva para nuestras Juntas de Vigilancia y debiesen hacerse m\u00e1s masivas, en m\u00e1s localidades porque entregan herramientas para fortalecer las Juntas de Vigilancia\u201d, mientras tanto, Mar\u00eda \u00d1ancucheo de Nueva Imperial, destac\u00f3 que \u201cesto ha ayudado para desarrollarnos y aprender m\u00e1s porque como lideres dirigimos a mucha gente. Ojal\u00e1 se siga esto a muchas personas m\u00e1s\u201d.&nbsp;<\/p>\n\n\n\n<p>En total, son ocho las capacitaciones que recibir\u00e1n los beneficiados de esta iniciativa, la cual ya se encuentra en su etapa final, desarrollando sus \u00faltimos talleres en la comuna de Imperial. Ya finalizada las jornadas de trabajo, los directivos ser\u00e1n certificados oficialmente con una ceremonia que adem\u00e1s reconocer\u00e1 el compromiso que tiene cada uno con su comunidad liderando la coordinaci\u00f3n en materia de seguridad.<\/p>\n","protected":false},"excerpt":{"rendered":"<div class=\"pvc_clear\"><\/div>\n<p id=\"pvc_stats_43388\" class=\"pvc_stats total_only  \" data-element-id=\"43388\" style=\"\"><i class=\"pvc-stats-icon large\" aria-hidden=\"true\"><svg aria-hidden=\"true\" focusable=\"false\" data-prefix=\"far\" data-icon=\"chart-bar\" role=\"img\" xmlns=\"http:\/\/www.w3.org\/2000\/svg\" viewBox=\"0 0 512 512\" class=\"svg-inline--fa fa-chart-bar fa-w-16 fa-2x\"><path fill=\"currentColor\" d=\"M396.8 352h22.4c6.4 0 12.8-6.4 12.8-12.8V108.8c0-6.4-6.4-12.8-12.8-12.8h-22.4c-6.4 0-12.8 6.4-12.8 12.8v230.4c0 6.4 6.4 12.8 12.8 12.8zm-192 0h22.4c6.4 0 12.8-6.4 12.8-12.8V140.8c0-6.4-6.4-12.8-12.8-12.8h-22.4c-6.4 0-12.8 6.4-12.8 12.8v198.4c0 6.4 6.4 12.8 12.8 12.8zm96 0h22.4c6.4 0 12.8-6.4 12.8-12.8V204.8c0-6.4-6.4-12.8-12.8-12.8h-22.4c-6.4 0-12.8 6.4-12.8 12.8v134.4c0 6.4 6.4 12.8 12.8 12.8zM496 400H48V80c0-8.84-7.16-16-16-16H16C7.16 64 0 71.16 0 80v336c0 17.67 14.33 32 32 32h464c8.84 0 16-7.16 16-16v-16c0-8.84-7.16-16-16-16zm-387.2-48h22.4c6.4 0 12.8-6.4 12.8-12.8v-70.4c0-6.4-6.4-12.8-12.8-12.8h-22.4c-6.4 0-12.8 6.4-12.8 12.8v70.4c0 6.4 6.4 12.8 12.8 12.8z\" class=\"\"><\/path><\/svg><\/i> <img loading=\"lazy\" decoding=\"async\" width=\"16\" height=\"16\" alt=\"Loading\" src=\"https:\/\/temucotelevision.cl\/web\/wp-content\/plugins\/page-views-count\/ajax-loader-2x.gif\" border=0 \/><\/p>\n<div class=\"pvc_clear\"><\/div>\n<p>Directivos de Juntas de Vigilancia Rural de diez comunas de La Araucan\u00eda han sido capacitados gracias a la iniciativa del<\/p>\n","protected":false},"author":1,"featured_media":43389,"comment_status":"open","ping_status":"open","sticky":false,"template":"","format":"standard","meta":{"colormag_page_container_layout":"default_layout","colormag_page_sidebar_layout":"default_layout","footnotes":""},"categories":[14],"tags":[3652,2799,399,986],"class_list":["post-43388","post","type-post","status-publish","format-standard","has-post-thumbnail","hentry","category-temuco","tag-juntas","tag-rural","tag-seguridad","tag-vigilancia"],"a3_pvc":{"activated":true,"total_views":3059,"today_views":0},"_links":{"self":[{"href":"https:\/\/temucotelevision.cl\/web\/wp-json\/wp\/v2\/posts\/43388","targetHints":{"allow":["GET"]}}],"collection":[{"href":"https:\/\/temucotelevision.cl\/web\/wp-json\/wp\/v2\/posts"}],"about":[{"href":"https:\/\/temucotelevision.cl\/web\/wp-json\/wp\/v2\/types\/post"}],"author":[{"embeddable":true,"href":"https:\/\/temucotelevision.cl\/web\/wp-json\/wp\/v2\/users\/1"}],"replies":[{"embeddable":true,"href":"https:\/\/temucotelevision.cl\/web\/wp-json\/wp\/v2\/comments?post=43388"}],"version-history":[{"count":1,"href":"https:\/\/temucotelevision.cl\/web\/wp-json\/wp\/v2\/posts\/43388\/revisions"}],"predecessor-version":[{"id":43390,"href":"https:\/\/temucotelevision.cl\/web\/wp-json\/wp\/v2\/posts\/43388\/revisions\/43390"}],"wp:featuredmedia":[{"embeddable":true,"href":"https:\/\/temucotelevision.cl\/web\/wp-json\/wp\/v2\/media\/43389"}],"wp:attachment":[{"href":"https:\/\/temucotelevision.cl\/web\/wp-json\/wp\/v2\/media?parent=43388"}],"wp:term":[{"taxonomy":"category","embeddable":true,"href":"https:\/\/temucotelevision.cl\/web\/wp-json\/wp\/v2\/categories?post=43388"},{"taxonomy":"post_tag","embeddable":true,"href":"https:\/\/temucotelevision.cl\/web\/wp-json\/wp\/v2\/tags?post=43388"}],"curies":[{"name":"wp","href":"https:\/\/api.w.org\/{rel}","templated":true}]}}