{"id":43375,"date":"2023-07-28T10:50:53","date_gmt":"2023-07-28T13:50:53","guid":{"rendered":"https:\/\/temucotelevision.cl\/web\/?p=43375"},"modified":"2023-07-28T10:50:54","modified_gmt":"2023-07-28T13:50:54","slug":"jefe-de-la-defensa-nacional-en-la-araucania-se-reunio-con-autoridades-y-voluntarios-de-bomberos-temuco","status":"publish","type":"post","link":"https:\/\/temucotelevision.cl\/web\/2023\/07\/28\/jefe-de-la-defensa-nacional-en-la-araucania-se-reunio-con-autoridades-y-voluntarios-de-bomberos-temuco\/","title":{"rendered":"Jefe de la Defensa Nacional en La Araucan\u00eda se reuni\u00f3 con autoridades y voluntarios de Bomberos Temuco"},"content":{"rendered":"<div class=\"pvc_clear\"><\/div><p id=\"pvc_stats_43375\" class=\"pvc_stats total_only  \" data-element-id=\"43375\" style=\"\"><i class=\"pvc-stats-icon large\" aria-hidden=\"true\"><svg aria-hidden=\"true\" focusable=\"false\" data-prefix=\"far\" data-icon=\"chart-bar\" role=\"img\" xmlns=\"http:\/\/www.w3.org\/2000\/svg\" viewBox=\"0 0 512 512\" class=\"svg-inline--fa fa-chart-bar fa-w-16 fa-2x\"><path fill=\"currentColor\" d=\"M396.8 352h22.4c6.4 0 12.8-6.4 12.8-12.8V108.8c0-6.4-6.4-12.8-12.8-12.8h-22.4c-6.4 0-12.8 6.4-12.8 12.8v230.4c0 6.4 6.4 12.8 12.8 12.8zm-192 0h22.4c6.4 0 12.8-6.4 12.8-12.8V140.8c0-6.4-6.4-12.8-12.8-12.8h-22.4c-6.4 0-12.8 6.4-12.8 12.8v198.4c0 6.4 6.4 12.8 12.8 12.8zm96 0h22.4c6.4 0 12.8-6.4 12.8-12.8V204.8c0-6.4-6.4-12.8-12.8-12.8h-22.4c-6.4 0-12.8 6.4-12.8 12.8v134.4c0 6.4 6.4 12.8 12.8 12.8zM496 400H48V80c0-8.84-7.16-16-16-16H16C7.16 64 0 71.16 0 80v336c0 17.67 14.33 32 32 32h464c8.84 0 16-7.16 16-16v-16c0-8.84-7.16-16-16-16zm-387.2-48h22.4c6.4 0 12.8-6.4 12.8-12.8v-70.4c0-6.4-6.4-12.8-12.8-12.8h-22.4c-6.4 0-12.8 6.4-12.8 12.8v70.4c0 6.4 6.4 12.8 12.8 12.8z\" class=\"\"><\/path><\/svg><\/i> <img loading=\"lazy\" decoding=\"async\" width=\"16\" height=\"16\" alt=\"Loading\" src=\"https:\/\/temucotelevision.cl\/web\/wp-content\/plugins\/page-views-count\/ajax-loader-2x.gif\" border=0 \/><\/p><div class=\"pvc_clear\"><\/div>\n<p>Una visita al Cuerpo de Bomberos de Temuco, realiz\u00f3 el general de brigada, Rafael Cabrera, jefe de la Defensa Nacional en La Araucan\u00eda, durante el estado de excepci\u00f3n constitucional que rige en la regi\u00f3n.<\/p>\n\n\n\n<p>La autoridad -acompa\u00f1ada por el teniente coronel de Ej\u00e9rcito, Carlos Oyarz\u00fan y el capit\u00e1n Mauricio Fuentes- se reuni\u00f3 con el superintendente, Alfredo Lassalle, con la finalidad de saludar a los voluntarios y conocer el funcionamiento de la instituci\u00f3n bomberil, adem\u00e1s de dialogar respecto al trabajo mancomunado que realizan las dos instituciones en el marco de la atenci\u00f3n de emergencias en sectores donde existe peligro de sufrir ataques armados o situaciones de violencia en general.<\/p>\n\n\n\n<p>El encuentro se desarroll\u00f3 en el cuartel de la S\u00e9ptima Compa\u00f1\u00eda de Temuco, donde tambi\u00e9n particip\u00f3 el director honorario, Leonardo Urbina; y el director de esa unidad bomberil, Carlos Coilla, quienes le exhibieron el material mayor con que cuentan, entre ellos un carro con brazo articulado, en el que las autoridades visitantes pudieron observar la capital regional desde la altura.<\/p>\n\n\n\n<p>\u201cQuisimos conocer las capacidades y la capacitaci\u00f3n del personal de Bomberos de Temuco. Ha sido un agrado encontrarme con gente muy profesional, con buenas personas que poseen un sentido de compromiso y capacidad de entrega hacia la comunidad que es admirable, lo que es una caracter\u00edstica de los bomberos de nuestro pa\u00eds\u201d, coment\u00f3 el general Cabrera.<\/p>\n\n\n\n<p>La autoridad a\u00f1adi\u00f3 que \u201cjustamente hace pocos d\u00edas (en un incendio de gran magnitud, ocurrido en el sector rural de Ercilla) estuvimos brindando cobertura, tanto a Carabineros como a Bomberos, en el trabajo que estaban realizando en una emergencia y nosotros lo hacemos con mucho cari\u00f1o y agrado, porque creemos que ellos merecen trabajar con seguridad y tranquilidad\u201d.<\/p>\n\n\n\n<p><strong>COORDINACI\u00d3N<\/strong><\/p>\n\n\n\n<p>En tanto, el superintendente del Cuerpo de Bomberos de Temuco, Alfredo Lassalle, calific\u00f3 como de suma importancia esta visita del jefe de la Defensa Nacional en la regi\u00f3n, a\u00f1adiendo que la autoridad \u201cpudo conocer las dependencias de la S\u00e9ptima Compa\u00f1\u00eda, y lo hicimos aqu\u00ed en atenci\u00f3n a una idea que ten\u00eda el general, respecto a la posibilidad de compartir directamente con el personal de Bomberos y conocer m\u00e1s sobre las emergencias que atiende nuestra instituci\u00f3n, pero lo m\u00e1s importante fue establecer algunas coordinaciones que siempre son necesarias para ciertos tipos de emergencias\u201d.<\/p>\n\n\n\n<p>Lassalle finaliz\u00f3 diciendo que \u201cpara Bomberos es muy relevante poder recibir al general Cabrera, lo que nos ha permitido establecer una mesa de trabajo para generar una mayor coordinaci\u00f3n, y tambi\u00e9n para conocer c\u00f3mo el Ej\u00e9rcito desarrolla sus labores; porque en algunas emergencias importantes que hemos tenido en nuestra regi\u00f3n, ellos tambi\u00e9n han participado, por lo que es muy positivo mantener altos niveles de comunicaci\u00f3n\u201d.<\/p>\n\n\n\n<figure class=\"wp-block-image size-large\"><img loading=\"lazy\" decoding=\"async\" width=\"1024\" height=\"683\" src=\"https:\/\/temucotelevision.cl\/web\/wp-content\/uploads\/2023\/07\/Jefe-Defensa-Bomberos2-1024x683.jpg\" alt=\"\" class=\"wp-image-43377\" srcset=\"https:\/\/temucotelevision.cl\/web\/wp-content\/uploads\/2023\/07\/Jefe-Defensa-Bomberos2-1024x683.jpg 1024w, https:\/\/temucotelevision.cl\/web\/wp-content\/uploads\/2023\/07\/Jefe-Defensa-Bomberos2-768x512.jpg 768w, https:\/\/temucotelevision.cl\/web\/wp-content\/uploads\/2023\/07\/Jefe-Defensa-Bomberos2-1536x1024.jpg 1536w, https:\/\/temucotelevision.cl\/web\/wp-content\/uploads\/2023\/07\/Jefe-Defensa-Bomberos2.jpg 1920w\" sizes=\"auto, (max-width: 1024px) 100vw, 1024px\" \/><\/figure>\n","protected":false},"excerpt":{"rendered":"<div class=\"pvc_clear\"><\/div>\n<p id=\"pvc_stats_43375\" class=\"pvc_stats total_only  \" data-element-id=\"43375\" style=\"\"><i class=\"pvc-stats-icon large\" aria-hidden=\"true\"><svg aria-hidden=\"true\" focusable=\"false\" data-prefix=\"far\" data-icon=\"chart-bar\" role=\"img\" xmlns=\"http:\/\/www.w3.org\/2000\/svg\" viewBox=\"0 0 512 512\" class=\"svg-inline--fa fa-chart-bar fa-w-16 fa-2x\"><path fill=\"currentColor\" d=\"M396.8 352h22.4c6.4 0 12.8-6.4 12.8-12.8V108.8c0-6.4-6.4-12.8-12.8-12.8h-22.4c-6.4 0-12.8 6.4-12.8 12.8v230.4c0 6.4 6.4 12.8 12.8 12.8zm-192 0h22.4c6.4 0 12.8-6.4 12.8-12.8V140.8c0-6.4-6.4-12.8-12.8-12.8h-22.4c-6.4 0-12.8 6.4-12.8 12.8v198.4c0 6.4 6.4 12.8 12.8 12.8zm96 0h22.4c6.4 0 12.8-6.4 12.8-12.8V204.8c0-6.4-6.4-12.8-12.8-12.8h-22.4c-6.4 0-12.8 6.4-12.8 12.8v134.4c0 6.4 6.4 12.8 12.8 12.8zM496 400H48V80c0-8.84-7.16-16-16-16H16C7.16 64 0 71.16 0 80v336c0 17.67 14.33 32 32 32h464c8.84 0 16-7.16 16-16v-16c0-8.84-7.16-16-16-16zm-387.2-48h22.4c6.4 0 12.8-6.4 12.8-12.8v-70.4c0-6.4-6.4-12.8-12.8-12.8h-22.4c-6.4 0-12.8 6.4-12.8 12.8v70.4c0 6.4 6.4 12.8 12.8 12.8z\" class=\"\"><\/path><\/svg><\/i> <img loading=\"lazy\" decoding=\"async\" width=\"16\" height=\"16\" alt=\"Loading\" src=\"https:\/\/temucotelevision.cl\/web\/wp-content\/plugins\/page-views-count\/ajax-loader-2x.gif\" border=0 \/><\/p>\n<div class=\"pvc_clear\"><\/div>\n<p>Una visita al Cuerpo de Bomberos de Temuco, realiz\u00f3 el general de brigada, Rafael Cabrera, jefe de la Defensa Nacional<\/p>\n","protected":false},"author":1,"featured_media":43376,"comment_status":"open","ping_status":"open","sticky":false,"template":"","format":"standard","meta":{"colormag_page_container_layout":"default_layout","colormag_page_sidebar_layout":"default_layout","footnotes":""},"categories":[14],"tags":[304,4449,2392],"class_list":["post-43375","post","type-post","status-publish","format-standard","has-post-thumbnail","hentry","category-temuco","tag-bomberos","tag-jefe-defensa-nacional","tag-voluntarios"],"a3_pvc":{"activated":true,"total_views":930,"today_views":0},"_links":{"self":[{"href":"https:\/\/temucotelevision.cl\/web\/wp-json\/wp\/v2\/posts\/43375","targetHints":{"allow":["GET"]}}],"collection":[{"href":"https:\/\/temucotelevision.cl\/web\/wp-json\/wp\/v2\/posts"}],"about":[{"href":"https:\/\/temucotelevision.cl\/web\/wp-json\/wp\/v2\/types\/post"}],"author":[{"embeddable":true,"href":"https:\/\/temucotelevision.cl\/web\/wp-json\/wp\/v2\/users\/1"}],"replies":[{"embeddable":true,"href":"https:\/\/temucotelevision.cl\/web\/wp-json\/wp\/v2\/comments?post=43375"}],"version-history":[{"count":1,"href":"https:\/\/temucotelevision.cl\/web\/wp-json\/wp\/v2\/posts\/43375\/revisions"}],"predecessor-version":[{"id":43378,"href":"https:\/\/temucotelevision.cl\/web\/wp-json\/wp\/v2\/posts\/43375\/revisions\/43378"}],"wp:featuredmedia":[{"embeddable":true,"href":"https:\/\/temucotelevision.cl\/web\/wp-json\/wp\/v2\/media\/43376"}],"wp:attachment":[{"href":"https:\/\/temucotelevision.cl\/web\/wp-json\/wp\/v2\/media?parent=43375"}],"wp:term":[{"taxonomy":"category","embeddable":true,"href":"https:\/\/temucotelevision.cl\/web\/wp-json\/wp\/v2\/categories?post=43375"},{"taxonomy":"post_tag","embeddable":true,"href":"https:\/\/temucotelevision.cl\/web\/wp-json\/wp\/v2\/tags?post=43375"}],"curies":[{"name":"wp","href":"https:\/\/api.w.org\/{rel}","templated":true}]}}