{"id":43371,"date":"2023-07-27T22:28:54","date_gmt":"2023-07-28T01:28:54","guid":{"rendered":"https:\/\/temucotelevision.cl\/web\/?p=43371"},"modified":"2023-07-27T22:28:54","modified_gmt":"2023-07-28T01:28:54","slug":"graduate-sence-lanza-plataforma-gratuita-para-finalizar-la-ensenanza-media","status":"publish","type":"post","link":"https:\/\/temucotelevision.cl\/web\/2023\/07\/27\/graduate-sence-lanza-plataforma-gratuita-para-finalizar-la-ensenanza-media\/","title":{"rendered":"Grad\u00faate: Sence lanza plataforma gratuita para finalizar la ense\u00f1anza media"},"content":{"rendered":"<div class=\"pvc_clear\"><\/div><p id=\"pvc_stats_43371\" class=\"pvc_stats total_only  \" data-element-id=\"43371\" style=\"\"><i class=\"pvc-stats-icon large\" aria-hidden=\"true\"><svg aria-hidden=\"true\" focusable=\"false\" data-prefix=\"far\" data-icon=\"chart-bar\" role=\"img\" xmlns=\"http:\/\/www.w3.org\/2000\/svg\" viewBox=\"0 0 512 512\" class=\"svg-inline--fa fa-chart-bar fa-w-16 fa-2x\"><path fill=\"currentColor\" d=\"M396.8 352h22.4c6.4 0 12.8-6.4 12.8-12.8V108.8c0-6.4-6.4-12.8-12.8-12.8h-22.4c-6.4 0-12.8 6.4-12.8 12.8v230.4c0 6.4 6.4 12.8 12.8 12.8zm-192 0h22.4c6.4 0 12.8-6.4 12.8-12.8V140.8c0-6.4-6.4-12.8-12.8-12.8h-22.4c-6.4 0-12.8 6.4-12.8 12.8v198.4c0 6.4 6.4 12.8 12.8 12.8zm96 0h22.4c6.4 0 12.8-6.4 12.8-12.8V204.8c0-6.4-6.4-12.8-12.8-12.8h-22.4c-6.4 0-12.8 6.4-12.8 12.8v134.4c0 6.4 6.4 12.8 12.8 12.8zM496 400H48V80c0-8.84-7.16-16-16-16H16C7.16 64 0 71.16 0 80v336c0 17.67 14.33 32 32 32h464c8.84 0 16-7.16 16-16v-16c0-8.84-7.16-16-16-16zm-387.2-48h22.4c6.4 0 12.8-6.4 12.8-12.8v-70.4c0-6.4-6.4-12.8-12.8-12.8h-22.4c-6.4 0-12.8 6.4-12.8 12.8v70.4c0 6.4 6.4 12.8 12.8 12.8z\" class=\"\"><\/path><\/svg><\/i> <img loading=\"lazy\" decoding=\"async\" width=\"16\" height=\"16\" alt=\"Loading\" src=\"https:\/\/temucotelevision.cl\/web\/wp-content\/plugins\/page-views-count\/ajax-loader-2x.gif\" border=0 \/><\/p><div class=\"pvc_clear\"><\/div>\n<p><strong><em>La iniciativa est\u00e1 dirigida a todas las personas mayores de 18 a\u00f1os que no han finalizado la educaci\u00f3n media. Postulaci\u00f3n disponible en\u00a0<a rel=\"noreferrer noopener\" href=\"http:\/\/www.sence.cl\/\" target=\"_blank\">www.sence.cl<\/a><\/em><\/strong><\/p>\n\n\n\n<p>\u201cGrad\u00faate\u201d es el nombre de la nueva plataforma online que el Sence present\u00f3 a nivel regional, con el objetivo de apoyar a quienes no han finalizado su educaci\u00f3n media.<br><br>En una actividad con la participaci\u00f3n de equipos municipales de empleo (Omil) de la regi\u00f3n, se dio a conocer esta&nbsp;herramienta gratuita,&nbsp;que permitir\u00e1 que todas las personas que realicen estos cursos nivelen sus conocimientos y puedan finalizar su escolaridad.<br><br>La Seremi del Trabajo y Previsi\u00f3n Social, Claudia Tapia de la Pe\u00f1a, indic\u00f3 que esta iniciativa \u201capoyar\u00e1 todas aquellas personas que necesiten terminar su cuarto medio y as\u00ed optar a mejores opciones laborales. Producto de la pandemia esta brecha aument\u00f3 y por eso estamos usando herramientas tecnol\u00f3gicas para facilitar el aprendizaje y alcanzar a un gran n\u00famero de personas de la regi\u00f3n\u201d.<br><br>Por su parte, Alex Redel, director regional (S) del Sence, destac\u00f3 que \u201cesta plataforma es completamente gratuita y de f\u00e1cil acceso, siendo una ayuda concreta para la preparaci\u00f3n de ex\u00e1menes de nivelaci\u00f3n de estudios del Ministerio de Educaci\u00f3n, por medio de material asincr\u00f3nico y disponible las 24 horas del d\u00eda, 7 d\u00edas a la semana\u201d.<br><br>Para acceder, los y las interesadas deber\u00e1n ser mayores de 18 a\u00f1os e inscribirse en&nbsp;<a href=\"http:\/\/www.sence.cl\/\" target=\"_blank\" rel=\"noreferrer noopener\">www.sence.cl<\/a>, seleccionando la modalidad en que desean prepararse. El ingreso es con su Rut y Clave \u00danica.<br><br>Las autoridades enfatizaron que esta herramienta de formaci\u00f3n es un complemento para la rendici\u00f3n de ex\u00e1menes ante el Ministerio de Educaci\u00f3n, tanto en la modalidad de nivelaci\u00f3n de estudios con fines laborales como en la nivelaci\u00f3n para continuidad de estudios.<br><br>El contenido disponible cuenta con los siguientes sectores de aprendizaje: Ciencias Naturales, Estudios Sociales, Lengua Castellana y Comunicaci\u00f3n, Educaci\u00f3n Matem\u00e1tica e Idioma Extranjero Ingl\u00e9s, que est\u00e1n ordenados seg\u00fan los distintos planes de clases.<br><br>Seg\u00fan explicaron en Sence, el proyecto es financiado con cargo al 5% de la Franquicia Tributaria de Capacitaci\u00f3n por intermedio del OTIC C\u00e1mara Chilena de la Construcci\u00f3n y ha sido implementada por Open Green Road (OGR), entidad con reconocida trayectoria en educaci\u00f3n.<br><br>M\u00e1s informaci\u00f3n se puede obtener en el siguiente enlace:&nbsp;<a href=\"https:\/\/sence.gob.cl\/personas\/graduate\" target=\"_blank\" rel=\"noreferrer noopener\">https:\/\/sence.gob.cl\/personas\/graduate<\/a><\/p>\n","protected":false},"excerpt":{"rendered":"<div class=\"pvc_clear\"><\/div>\n<p id=\"pvc_stats_43371\" class=\"pvc_stats total_only  \" data-element-id=\"43371\" style=\"\"><i class=\"pvc-stats-icon large\" aria-hidden=\"true\"><svg aria-hidden=\"true\" focusable=\"false\" data-prefix=\"far\" data-icon=\"chart-bar\" role=\"img\" xmlns=\"http:\/\/www.w3.org\/2000\/svg\" viewBox=\"0 0 512 512\" class=\"svg-inline--fa fa-chart-bar fa-w-16 fa-2x\"><path fill=\"currentColor\" d=\"M396.8 352h22.4c6.4 0 12.8-6.4 12.8-12.8V108.8c0-6.4-6.4-12.8-12.8-12.8h-22.4c-6.4 0-12.8 6.4-12.8 12.8v230.4c0 6.4 6.4 12.8 12.8 12.8zm-192 0h22.4c6.4 0 12.8-6.4 12.8-12.8V140.8c0-6.4-6.4-12.8-12.8-12.8h-22.4c-6.4 0-12.8 6.4-12.8 12.8v198.4c0 6.4 6.4 12.8 12.8 12.8zm96 0h22.4c6.4 0 12.8-6.4 12.8-12.8V204.8c0-6.4-6.4-12.8-12.8-12.8h-22.4c-6.4 0-12.8 6.4-12.8 12.8v134.4c0 6.4 6.4 12.8 12.8 12.8zM496 400H48V80c0-8.84-7.16-16-16-16H16C7.16 64 0 71.16 0 80v336c0 17.67 14.33 32 32 32h464c8.84 0 16-7.16 16-16v-16c0-8.84-7.16-16-16-16zm-387.2-48h22.4c6.4 0 12.8-6.4 12.8-12.8v-70.4c0-6.4-6.4-12.8-12.8-12.8h-22.4c-6.4 0-12.8 6.4-12.8 12.8v70.4c0 6.4 6.4 12.8 12.8 12.8z\" class=\"\"><\/path><\/svg><\/i> <img loading=\"lazy\" decoding=\"async\" width=\"16\" height=\"16\" alt=\"Loading\" src=\"https:\/\/temucotelevision.cl\/web\/wp-content\/plugins\/page-views-count\/ajax-loader-2x.gif\" border=0 \/><\/p>\n<div class=\"pvc_clear\"><\/div>\n<p>La iniciativa est\u00e1 dirigida a todas las personas mayores de 18 a\u00f1os que no han finalizado la educaci\u00f3n media. Postulaci\u00f3n<\/p>\n","protected":false},"author":1,"featured_media":43372,"comment_status":"open","ping_status":"open","sticky":false,"template":"","format":"standard","meta":{"colormag_page_container_layout":"default_layout","colormag_page_sidebar_layout":"default_layout","footnotes":""},"categories":[14],"tags":[5481,1469,3032,2551],"class_list":["post-43371","post","type-post","status-publish","format-standard","has-post-thumbnail","hentry","category-temuco","tag-ensenanza","tag-media","tag-plataforma","tag-sence"],"a3_pvc":{"activated":true,"total_views":1831,"today_views":0},"_links":{"self":[{"href":"https:\/\/temucotelevision.cl\/web\/wp-json\/wp\/v2\/posts\/43371","targetHints":{"allow":["GET"]}}],"collection":[{"href":"https:\/\/temucotelevision.cl\/web\/wp-json\/wp\/v2\/posts"}],"about":[{"href":"https:\/\/temucotelevision.cl\/web\/wp-json\/wp\/v2\/types\/post"}],"author":[{"embeddable":true,"href":"https:\/\/temucotelevision.cl\/web\/wp-json\/wp\/v2\/users\/1"}],"replies":[{"embeddable":true,"href":"https:\/\/temucotelevision.cl\/web\/wp-json\/wp\/v2\/comments?post=43371"}],"version-history":[{"count":1,"href":"https:\/\/temucotelevision.cl\/web\/wp-json\/wp\/v2\/posts\/43371\/revisions"}],"predecessor-version":[{"id":43373,"href":"https:\/\/temucotelevision.cl\/web\/wp-json\/wp\/v2\/posts\/43371\/revisions\/43373"}],"wp:featuredmedia":[{"embeddable":true,"href":"https:\/\/temucotelevision.cl\/web\/wp-json\/wp\/v2\/media\/43372"}],"wp:attachment":[{"href":"https:\/\/temucotelevision.cl\/web\/wp-json\/wp\/v2\/media?parent=43371"}],"wp:term":[{"taxonomy":"category","embeddable":true,"href":"https:\/\/temucotelevision.cl\/web\/wp-json\/wp\/v2\/categories?post=43371"},{"taxonomy":"post_tag","embeddable":true,"href":"https:\/\/temucotelevision.cl\/web\/wp-json\/wp\/v2\/tags?post=43371"}],"curies":[{"name":"wp","href":"https:\/\/api.w.org\/{rel}","templated":true}]}}