{"id":43366,"date":"2023-07-27T21:18:50","date_gmt":"2023-07-28T00:18:50","guid":{"rendered":"https:\/\/temucotelevision.cl\/web\/?p=43366"},"modified":"2023-07-27T21:21:36","modified_gmt":"2023-07-28T00:21:36","slug":"video-persecucion-termina-con-cinco-delincuentes-detenidos-por-la-pdi-en-villarrica","status":"publish","type":"post","link":"https:\/\/temucotelevision.cl\/web\/2023\/07\/27\/video-persecucion-termina-con-cinco-delincuentes-detenidos-por-la-pdi-en-villarrica\/","title":{"rendered":"[Video] Persecuci\u00f3n termina con cinco delincuentes detenidos por la PDI en Villarrica"},"content":{"rendered":"<div class=\"pvc_clear\"><\/div><p id=\"pvc_stats_43366\" class=\"pvc_stats total_only  \" data-element-id=\"43366\" style=\"\"><i class=\"pvc-stats-icon large\" aria-hidden=\"true\"><svg aria-hidden=\"true\" focusable=\"false\" data-prefix=\"far\" data-icon=\"chart-bar\" role=\"img\" xmlns=\"http:\/\/www.w3.org\/2000\/svg\" viewBox=\"0 0 512 512\" class=\"svg-inline--fa fa-chart-bar fa-w-16 fa-2x\"><path fill=\"currentColor\" d=\"M396.8 352h22.4c6.4 0 12.8-6.4 12.8-12.8V108.8c0-6.4-6.4-12.8-12.8-12.8h-22.4c-6.4 0-12.8 6.4-12.8 12.8v230.4c0 6.4 6.4 12.8 12.8 12.8zm-192 0h22.4c6.4 0 12.8-6.4 12.8-12.8V140.8c0-6.4-6.4-12.8-12.8-12.8h-22.4c-6.4 0-12.8 6.4-12.8 12.8v198.4c0 6.4 6.4 12.8 12.8 12.8zm96 0h22.4c6.4 0 12.8-6.4 12.8-12.8V204.8c0-6.4-6.4-12.8-12.8-12.8h-22.4c-6.4 0-12.8 6.4-12.8 12.8v134.4c0 6.4 6.4 12.8 12.8 12.8zM496 400H48V80c0-8.84-7.16-16-16-16H16C7.16 64 0 71.16 0 80v336c0 17.67 14.33 32 32 32h464c8.84 0 16-7.16 16-16v-16c0-8.84-7.16-16-16-16zm-387.2-48h22.4c6.4 0 12.8-6.4 12.8-12.8v-70.4c0-6.4-6.4-12.8-12.8-12.8h-22.4c-6.4 0-12.8 6.4-12.8 12.8v70.4c0 6.4 6.4 12.8 12.8 12.8z\" class=\"\"><\/path><\/svg><\/i> <img loading=\"lazy\" decoding=\"async\" width=\"16\" height=\"16\" alt=\"Loading\" src=\"https:\/\/temucotelevision.cl\/web\/wp-content\/plugins\/page-views-count\/ajax-loader-2x.gif\" border=0 \/><\/p><div class=\"pvc_clear\"><\/div>\n<p><strong>Hab\u00edan robado veh\u00edculo en Puc\u00f3n<\/strong>.<\/p>\n\n\n\n<p>Un grupo de cinco personas gener\u00f3 una persecuci\u00f3n en la zona lacustre, luego que detectives de la Brigada de Investigaci\u00f3n Criminal (Bicrim) Villarrica se percatara de un intento de robo de veh\u00edculo, lo que termin\u00f3 con los cinco involucrados detenidos.<\/p>\n\n\n\n<p>El hecho ocurri\u00f3 la ma\u00f1ana de este jueves, cuando los detectives -mientras circulaban por la comuna de Villarrica fueron alertados del robo-. Tras esto, comenz\u00f3 una persecuci\u00f3n hasta que los delincuentes se detuvieron y descendieron del veh\u00edculo.<\/p>\n\n\n\n<p>El jefe de la Prefectura Provincial Caut\u00edn, Prefecto Luis Garrido Aravena, detall\u00f3 que \u201cse produce la sustracci\u00f3n de un veh\u00edculo particular desde los estacionamientos del supermercado Eltit Oriente de la comuna de Puc\u00f3n donde interact\u00faan cinco personas, tres hombres, una mujer y un menor de edad, quienes posterior a la sustracci\u00f3n de este m\u00f3vil huyen hacia la comuna de Villarrica\u201d<\/p>\n\n\n\n<p>El veh\u00edculo sustra\u00eddo en el supermercado pertenec\u00eda a una persona de Puc\u00f3n, mientras que el autom\u00f3vil en que se movilizaban los delincuentes hab\u00eda sido sustra\u00eddo en la ciudad de Temuco. En este \u00faltimo, se encontr\u00f3 drogas, un arma de fuego, placas patentes, tel\u00e9fonos celulares, pasamonta\u00f1as y otras herramientas conocidamente destinadas para cometer delitos. Tras la detenci\u00f3n de los cinco imputados, se incautaron los dos veh\u00edculos, uno marca Kia, modelo Soluto, y uno marca Nissan, modelo V16.<\/p>\n\n\n\n<div class=\"wp-block-media-text alignwide is-stacked-on-mobile\"><figure class=\"wp-block-media-text__media\"><video controls src=\"https:\/\/temucotelevision.cl\/web\/wp-content\/uploads\/2023\/07\/Persecucion-Villarrica.mp4\"><\/video><\/figure><div class=\"wp-block-media-text__content\">\n<p>Por instrucci\u00f3n de la Fiscal\u00eda de Flagrancias y Primeras Diligencias, los cinco detenidos pasar\u00e1n ma\u00f1ana a control de detenci\u00f3n en el Juzgado de Garant\u00eda de Villarrica.<\/p>\n<\/div><\/div>\n","protected":false},"excerpt":{"rendered":"<div class=\"pvc_clear\"><\/div>\n<p id=\"pvc_stats_43366\" class=\"pvc_stats total_only  \" data-element-id=\"43366\" style=\"\"><i class=\"pvc-stats-icon large\" aria-hidden=\"true\"><svg aria-hidden=\"true\" focusable=\"false\" data-prefix=\"far\" data-icon=\"chart-bar\" role=\"img\" xmlns=\"http:\/\/www.w3.org\/2000\/svg\" viewBox=\"0 0 512 512\" class=\"svg-inline--fa fa-chart-bar fa-w-16 fa-2x\"><path fill=\"currentColor\" d=\"M396.8 352h22.4c6.4 0 12.8-6.4 12.8-12.8V108.8c0-6.4-6.4-12.8-12.8-12.8h-22.4c-6.4 0-12.8 6.4-12.8 12.8v230.4c0 6.4 6.4 12.8 12.8 12.8zm-192 0h22.4c6.4 0 12.8-6.4 12.8-12.8V140.8c0-6.4-6.4-12.8-12.8-12.8h-22.4c-6.4 0-12.8 6.4-12.8 12.8v198.4c0 6.4 6.4 12.8 12.8 12.8zm96 0h22.4c6.4 0 12.8-6.4 12.8-12.8V204.8c0-6.4-6.4-12.8-12.8-12.8h-22.4c-6.4 0-12.8 6.4-12.8 12.8v134.4c0 6.4 6.4 12.8 12.8 12.8zM496 400H48V80c0-8.84-7.16-16-16-16H16C7.16 64 0 71.16 0 80v336c0 17.67 14.33 32 32 32h464c8.84 0 16-7.16 16-16v-16c0-8.84-7.16-16-16-16zm-387.2-48h22.4c6.4 0 12.8-6.4 12.8-12.8v-70.4c0-6.4-6.4-12.8-12.8-12.8h-22.4c-6.4 0-12.8 6.4-12.8 12.8v70.4c0 6.4 6.4 12.8 12.8 12.8z\" class=\"\"><\/path><\/svg><\/i> <img loading=\"lazy\" decoding=\"async\" width=\"16\" height=\"16\" alt=\"Loading\" src=\"https:\/\/temucotelevision.cl\/web\/wp-content\/plugins\/page-views-count\/ajax-loader-2x.gif\" border=0 \/><\/p>\n<div class=\"pvc_clear\"><\/div>\n<p>Hab\u00edan robado veh\u00edculo en Puc\u00f3n. Un grupo de cinco personas gener\u00f3 una persecuci\u00f3n en la zona lacustre, luego que detectives<\/p>\n","protected":false},"author":1,"featured_media":43367,"comment_status":"open","ping_status":"open","sticky":false,"template":"","format":"standard","meta":{"colormag_page_container_layout":"default_layout","colormag_page_sidebar_layout":"default_layout","footnotes":""},"categories":[16],"tags":[1555,76,2549,204],"class_list":["post-43366","post","type-post","status-publish","format-standard","has-post-thumbnail","hentry","category-policial","tag-delincuentes","tag-pdi","tag-persecucion","tag-villarrica"],"a3_pvc":{"activated":true,"total_views":7100,"today_views":0},"_links":{"self":[{"href":"https:\/\/temucotelevision.cl\/web\/wp-json\/wp\/v2\/posts\/43366","targetHints":{"allow":["GET"]}}],"collection":[{"href":"https:\/\/temucotelevision.cl\/web\/wp-json\/wp\/v2\/posts"}],"about":[{"href":"https:\/\/temucotelevision.cl\/web\/wp-json\/wp\/v2\/types\/post"}],"author":[{"embeddable":true,"href":"https:\/\/temucotelevision.cl\/web\/wp-json\/wp\/v2\/users\/1"}],"replies":[{"embeddable":true,"href":"https:\/\/temucotelevision.cl\/web\/wp-json\/wp\/v2\/comments?post=43366"}],"version-history":[{"count":2,"href":"https:\/\/temucotelevision.cl\/web\/wp-json\/wp\/v2\/posts\/43366\/revisions"}],"predecessor-version":[{"id":43370,"href":"https:\/\/temucotelevision.cl\/web\/wp-json\/wp\/v2\/posts\/43366\/revisions\/43370"}],"wp:featuredmedia":[{"embeddable":true,"href":"https:\/\/temucotelevision.cl\/web\/wp-json\/wp\/v2\/media\/43367"}],"wp:attachment":[{"href":"https:\/\/temucotelevision.cl\/web\/wp-json\/wp\/v2\/media?parent=43366"}],"wp:term":[{"taxonomy":"category","embeddable":true,"href":"https:\/\/temucotelevision.cl\/web\/wp-json\/wp\/v2\/categories?post=43366"},{"taxonomy":"post_tag","embeddable":true,"href":"https:\/\/temucotelevision.cl\/web\/wp-json\/wp\/v2\/tags?post=43366"}],"curies":[{"name":"wp","href":"https:\/\/api.w.org\/{rel}","templated":true}]}}