{"id":43364,"date":"2023-07-27T21:00:18","date_gmt":"2023-07-28T00:00:18","guid":{"rendered":"https:\/\/temucotelevision.cl\/web\/?p=43364"},"modified":"2023-07-27T22:30:18","modified_gmt":"2023-07-28T01:30:18","slug":"robo-en-oficina-regional-del-sernameg-en-temuco-sustrajeron-dos-tablets-en-desuso-y-un-telefono-movil","status":"publish","type":"post","link":"https:\/\/temucotelevision.cl\/web\/2023\/07\/27\/robo-en-oficina-regional-del-sernameg-en-temuco-sustrajeron-dos-tablets-en-desuso-y-un-telefono-movil\/","title":{"rendered":"Robo en oficina regional del SernamEG en Temuco: sustrajeron dos tablets en desuso y un tel\u00e9fono m\u00f3vil"},"content":{"rendered":"<div class=\"pvc_clear\"><\/div><p id=\"pvc_stats_43364\" class=\"pvc_stats total_only  \" data-element-id=\"43364\" style=\"\"><i class=\"pvc-stats-icon large\" aria-hidden=\"true\"><svg aria-hidden=\"true\" focusable=\"false\" data-prefix=\"far\" data-icon=\"chart-bar\" role=\"img\" xmlns=\"http:\/\/www.w3.org\/2000\/svg\" viewBox=\"0 0 512 512\" class=\"svg-inline--fa fa-chart-bar fa-w-16 fa-2x\"><path fill=\"currentColor\" d=\"M396.8 352h22.4c6.4 0 12.8-6.4 12.8-12.8V108.8c0-6.4-6.4-12.8-12.8-12.8h-22.4c-6.4 0-12.8 6.4-12.8 12.8v230.4c0 6.4 6.4 12.8 12.8 12.8zm-192 0h22.4c6.4 0 12.8-6.4 12.8-12.8V140.8c0-6.4-6.4-12.8-12.8-12.8h-22.4c-6.4 0-12.8 6.4-12.8 12.8v198.4c0 6.4 6.4 12.8 12.8 12.8zm96 0h22.4c6.4 0 12.8-6.4 12.8-12.8V204.8c0-6.4-6.4-12.8-12.8-12.8h-22.4c-6.4 0-12.8 6.4-12.8 12.8v134.4c0 6.4 6.4 12.8 12.8 12.8zM496 400H48V80c0-8.84-7.16-16-16-16H16C7.16 64 0 71.16 0 80v336c0 17.67 14.33 32 32 32h464c8.84 0 16-7.16 16-16v-16c0-8.84-7.16-16-16-16zm-387.2-48h22.4c6.4 0 12.8-6.4 12.8-12.8v-70.4c0-6.4-6.4-12.8-12.8-12.8h-22.4c-6.4 0-12.8 6.4-12.8 12.8v70.4c0 6.4 6.4 12.8 12.8 12.8z\" class=\"\"><\/path><\/svg><\/i> <img loading=\"lazy\" decoding=\"async\" width=\"16\" height=\"16\" alt=\"Loading\" src=\"https:\/\/temucotelevision.cl\/web\/wp-content\/plugins\/page-views-count\/ajax-loader-2x.gif\" border=0 \/><\/p><div class=\"pvc_clear\"><\/div>\n<p>En la madrugada de este jueves, se registr\u00f3 un robo en las dependencias de la oficina regional del Servicio Nacional de la Mujer y la Equidad de G\u00e9nero (SernamEG) en La Araucan\u00eda, ubicada en Temuco. Seg\u00fan el informe del SernamEG, los intrusos sustrajeron dos tablets en desuso y un tel\u00e9fono m\u00f3vil destinado a recibir llamadas.<\/p>\n\n\n\n<p>El Servicio Nacional de la Mujer y la Equidad de G\u00e9nero, que atiende a mujeres a trav\u00e9s de diversos programas, incluyendo aquellas que viven en situaciones de violencia, aclar\u00f3 que este robo no ha afectado el funcionamiento de su oferta program\u00e1tica ni la informaci\u00f3n de las usuarias que acuden diariamente.<\/p>\n\n\n\n<p>La autoridad regional del SernamEG inform\u00f3 inmediatamente a la Polic\u00eda de Investigaciones (PDI), quienes est\u00e1n llevando a cabo las pericias correspondientes para esclarecer los detalles de este robo.<\/p>\n\n\n\n<p>Es lamentable que este no sea el primer incidente de este tipo en las oficinas del SernamEG, por lo que el servicio ha decidido reforzar los protocolos de seguridad en todas sus direcciones regionales para evitar que situaciones similares vuelvan a ocurrir y salvaguardar la integridad de las usuarias y el buen funcionamiento de sus programas.<\/p>\n\n\n\n<p>El Servicio Nacional de la Mujer y la Equidad de G\u00e9nero reafirma su compromiso con la protecci\u00f3n de las mujeres y la equidad de g\u00e9nero, y seguir\u00e1 trabajando para brindar un ambiente seguro y confiable para todas las usuarias que buscan apoyo y asistencia.<\/p>\n","protected":false},"excerpt":{"rendered":"<div class=\"pvc_clear\"><\/div>\n<p id=\"pvc_stats_43364\" class=\"pvc_stats total_only  \" data-element-id=\"43364\" style=\"\"><i class=\"pvc-stats-icon large\" aria-hidden=\"true\"><svg aria-hidden=\"true\" focusable=\"false\" data-prefix=\"far\" data-icon=\"chart-bar\" role=\"img\" xmlns=\"http:\/\/www.w3.org\/2000\/svg\" viewBox=\"0 0 512 512\" class=\"svg-inline--fa fa-chart-bar fa-w-16 fa-2x\"><path fill=\"currentColor\" d=\"M396.8 352h22.4c6.4 0 12.8-6.4 12.8-12.8V108.8c0-6.4-6.4-12.8-12.8-12.8h-22.4c-6.4 0-12.8 6.4-12.8 12.8v230.4c0 6.4 6.4 12.8 12.8 12.8zm-192 0h22.4c6.4 0 12.8-6.4 12.8-12.8V140.8c0-6.4-6.4-12.8-12.8-12.8h-22.4c-6.4 0-12.8 6.4-12.8 12.8v198.4c0 6.4 6.4 12.8 12.8 12.8zm96 0h22.4c6.4 0 12.8-6.4 12.8-12.8V204.8c0-6.4-6.4-12.8-12.8-12.8h-22.4c-6.4 0-12.8 6.4-12.8 12.8v134.4c0 6.4 6.4 12.8 12.8 12.8zM496 400H48V80c0-8.84-7.16-16-16-16H16C7.16 64 0 71.16 0 80v336c0 17.67 14.33 32 32 32h464c8.84 0 16-7.16 16-16v-16c0-8.84-7.16-16-16-16zm-387.2-48h22.4c6.4 0 12.8-6.4 12.8-12.8v-70.4c0-6.4-6.4-12.8-12.8-12.8h-22.4c-6.4 0-12.8 6.4-12.8 12.8v70.4c0 6.4 6.4 12.8 12.8 12.8z\" class=\"\"><\/path><\/svg><\/i> <img loading=\"lazy\" decoding=\"async\" width=\"16\" height=\"16\" alt=\"Loading\" src=\"https:\/\/temucotelevision.cl\/web\/wp-content\/plugins\/page-views-count\/ajax-loader-2x.gif\" border=0 \/><\/p>\n<div class=\"pvc_clear\"><\/div>\n<p>En la madrugada de este jueves, se registr\u00f3 un robo en las dependencias de la oficina regional del Servicio Nacional<\/p>\n","protected":false},"author":1,"featured_media":11261,"comment_status":"open","ping_status":"open","sticky":false,"template":"","format":"standard","meta":{"colormag_page_container_layout":"default_layout","colormag_page_sidebar_layout":"default_layout","footnotes":""},"categories":[15],"tags":[138,2592,6617],"class_list":["post-43364","post","type-post","status-publish","format-standard","has-post-thumbnail","hentry","category-la-araucania","tag-robo","tag-sernameg","tag-tablet"],"a3_pvc":{"activated":true,"total_views":1290,"today_views":0},"_links":{"self":[{"href":"https:\/\/temucotelevision.cl\/web\/wp-json\/wp\/v2\/posts\/43364","targetHints":{"allow":["GET"]}}],"collection":[{"href":"https:\/\/temucotelevision.cl\/web\/wp-json\/wp\/v2\/posts"}],"about":[{"href":"https:\/\/temucotelevision.cl\/web\/wp-json\/wp\/v2\/types\/post"}],"author":[{"embeddable":true,"href":"https:\/\/temucotelevision.cl\/web\/wp-json\/wp\/v2\/users\/1"}],"replies":[{"embeddable":true,"href":"https:\/\/temucotelevision.cl\/web\/wp-json\/wp\/v2\/comments?post=43364"}],"version-history":[{"count":1,"href":"https:\/\/temucotelevision.cl\/web\/wp-json\/wp\/v2\/posts\/43364\/revisions"}],"predecessor-version":[{"id":43365,"href":"https:\/\/temucotelevision.cl\/web\/wp-json\/wp\/v2\/posts\/43364\/revisions\/43365"}],"wp:featuredmedia":[{"embeddable":true,"href":"https:\/\/temucotelevision.cl\/web\/wp-json\/wp\/v2\/media\/11261"}],"wp:attachment":[{"href":"https:\/\/temucotelevision.cl\/web\/wp-json\/wp\/v2\/media?parent=43364"}],"wp:term":[{"taxonomy":"category","embeddable":true,"href":"https:\/\/temucotelevision.cl\/web\/wp-json\/wp\/v2\/categories?post=43364"},{"taxonomy":"post_tag","embeddable":true,"href":"https:\/\/temucotelevision.cl\/web\/wp-json\/wp\/v2\/tags?post=43364"}],"curies":[{"name":"wp","href":"https:\/\/api.w.org\/{rel}","templated":true}]}}