{"id":43361,"date":"2023-07-27T15:34:49","date_gmt":"2023-07-27T18:34:49","guid":{"rendered":"https:\/\/temucotelevision.cl\/web\/?p=43361"},"modified":"2023-07-27T15:34:49","modified_gmt":"2023-07-27T18:34:49","slug":"junji-presenta-nueva-app-para-conectar-a-familias-y-equipos-educativos","status":"publish","type":"post","link":"https:\/\/temucotelevision.cl\/web\/2023\/07\/27\/junji-presenta-nueva-app-para-conectar-a-familias-y-equipos-educativos\/","title":{"rendered":"JUNJI presenta nueva App para conectar a familias y equipos educativos"},"content":{"rendered":"<div class=\"pvc_clear\"><\/div><p id=\"pvc_stats_43361\" class=\"pvc_stats total_only  \" data-element-id=\"43361\" style=\"\"><i class=\"pvc-stats-icon large\" aria-hidden=\"true\"><svg aria-hidden=\"true\" focusable=\"false\" data-prefix=\"far\" data-icon=\"chart-bar\" role=\"img\" xmlns=\"http:\/\/www.w3.org\/2000\/svg\" viewBox=\"0 0 512 512\" class=\"svg-inline--fa fa-chart-bar fa-w-16 fa-2x\"><path fill=\"currentColor\" d=\"M396.8 352h22.4c6.4 0 12.8-6.4 12.8-12.8V108.8c0-6.4-6.4-12.8-12.8-12.8h-22.4c-6.4 0-12.8 6.4-12.8 12.8v230.4c0 6.4 6.4 12.8 12.8 12.8zm-192 0h22.4c6.4 0 12.8-6.4 12.8-12.8V140.8c0-6.4-6.4-12.8-12.8-12.8h-22.4c-6.4 0-12.8 6.4-12.8 12.8v198.4c0 6.4 6.4 12.8 12.8 12.8zm96 0h22.4c6.4 0 12.8-6.4 12.8-12.8V204.8c0-6.4-6.4-12.8-12.8-12.8h-22.4c-6.4 0-12.8 6.4-12.8 12.8v134.4c0 6.4 6.4 12.8 12.8 12.8zM496 400H48V80c0-8.84-7.16-16-16-16H16C7.16 64 0 71.16 0 80v336c0 17.67 14.33 32 32 32h464c8.84 0 16-7.16 16-16v-16c0-8.84-7.16-16-16-16zm-387.2-48h22.4c6.4 0 12.8-6.4 12.8-12.8v-70.4c0-6.4-6.4-12.8-12.8-12.8h-22.4c-6.4 0-12.8 6.4-12.8 12.8v70.4c0 6.4 6.4 12.8 12.8 12.8z\" class=\"\"><\/path><\/svg><\/i> <img loading=\"lazy\" decoding=\"async\" width=\"16\" height=\"16\" alt=\"Loading\" src=\"https:\/\/temucotelevision.cl\/web\/wp-content\/plugins\/page-views-count\/ajax-loader-2x.gif\" border=0 \/><\/p><div class=\"pvc_clear\"><\/div>\n<p><em>La aplicaci\u00f3n permite conectar a familias y equipos educativos. Adem\u00e1s, <\/em><em>cuenta con una biblioteca virtual que puede ser visitada por todos quienes quieran acceder, no se necesita perfil JUNJI para ingresar.<\/em><em><\/em><\/p>\n\n\n\n<p>Con el objetivo de fortalecer el v\u00ednculo y articulaci\u00f3n entre familias y jardines infantiles, se lanz\u00f3 una nueva versi\u00f3n de la App Mi Jard\u00edn JUNJI que en esta etapa 2.0 incluye una interfaz renovada, espacios para la formaci\u00f3n continua, recomendaciones, videos, cuentacuentos y contenido pedag\u00f3gico, entre otros.<\/p>\n\n\n\n<p>Una plataforma amigable que permitir\u00e1 a los equipos educativos acompa\u00f1ar a las familias; fortaleciendo as\u00ed la comunicaci\u00f3n directa durante los procesos de aprendizaje de ni\u00f1as y ni\u00f1os.<\/p>\n\n\n\n<p>\u201cEstamos muy contentos de presentar nuestra renovada APP Mi Jard\u00edn JUNJI, plataforma digital que busca seguir apoyando el proceso educativo de ni\u00f1as y ni\u00f1os. Adem\u00e1s, cuenta con una Biblioteca Virtual con actividades e interesante contenido pedag\u00f3gico disponible para todo p\u00fablico\u201d, explica la vicepresidenta ejecutiva de Junji, Daniela Trivi\u00f1o.<\/p>\n\n\n\n<p>La App, que desde su creaci\u00f3n cuenta con m\u00e1s de 1 mill\u00f3n de interacciones, puede ser descargada desde AppStore y PlayStore en tel\u00e9fonos, computadores y tablet.<\/p>\n\n\n\n<p>Por su parte, Patricia Dinamarca, directora regional (s) de la JUNJI Araucan\u00eda, dijo, que \u201cen esta nueva versi\u00f3n de la App, no solo ser\u00e1 un apoyo para las familias de JUNJI, sino que se invita a toda la comunidad a utilizarla, ya que cuenta con una completa Biblioteca Virtual a la que pueden acceder todos y todas\u201d.<\/p>\n","protected":false},"excerpt":{"rendered":"<div class=\"pvc_clear\"><\/div>\n<p id=\"pvc_stats_43361\" class=\"pvc_stats total_only  \" data-element-id=\"43361\" style=\"\"><i class=\"pvc-stats-icon large\" aria-hidden=\"true\"><svg aria-hidden=\"true\" focusable=\"false\" data-prefix=\"far\" data-icon=\"chart-bar\" role=\"img\" xmlns=\"http:\/\/www.w3.org\/2000\/svg\" viewBox=\"0 0 512 512\" class=\"svg-inline--fa fa-chart-bar fa-w-16 fa-2x\"><path fill=\"currentColor\" d=\"M396.8 352h22.4c6.4 0 12.8-6.4 12.8-12.8V108.8c0-6.4-6.4-12.8-12.8-12.8h-22.4c-6.4 0-12.8 6.4-12.8 12.8v230.4c0 6.4 6.4 12.8 12.8 12.8zm-192 0h22.4c6.4 0 12.8-6.4 12.8-12.8V140.8c0-6.4-6.4-12.8-12.8-12.8h-22.4c-6.4 0-12.8 6.4-12.8 12.8v198.4c0 6.4 6.4 12.8 12.8 12.8zm96 0h22.4c6.4 0 12.8-6.4 12.8-12.8V204.8c0-6.4-6.4-12.8-12.8-12.8h-22.4c-6.4 0-12.8 6.4-12.8 12.8v134.4c0 6.4 6.4 12.8 12.8 12.8zM496 400H48V80c0-8.84-7.16-16-16-16H16C7.16 64 0 71.16 0 80v336c0 17.67 14.33 32 32 32h464c8.84 0 16-7.16 16-16v-16c0-8.84-7.16-16-16-16zm-387.2-48h22.4c6.4 0 12.8-6.4 12.8-12.8v-70.4c0-6.4-6.4-12.8-12.8-12.8h-22.4c-6.4 0-12.8 6.4-12.8 12.8v70.4c0 6.4 6.4 12.8 12.8 12.8z\" class=\"\"><\/path><\/svg><\/i> <img loading=\"lazy\" decoding=\"async\" width=\"16\" height=\"16\" alt=\"Loading\" src=\"https:\/\/temucotelevision.cl\/web\/wp-content\/plugins\/page-views-count\/ajax-loader-2x.gif\" border=0 \/><\/p>\n<div class=\"pvc_clear\"><\/div>\n<p>La aplicaci\u00f3n permite conectar a familias y equipos educativos. Adem\u00e1s, cuenta con una biblioteca virtual que puede ser visitada por<\/p>\n","protected":false},"author":1,"featured_media":43362,"comment_status":"open","ping_status":"open","sticky":false,"template":"","format":"standard","meta":{"colormag_page_container_layout":"default_layout","colormag_page_sidebar_layout":"default_layout","footnotes":""},"categories":[101,14],"tags":[1090,148,147,1088],"class_list":["post-43361","post","type-post","status-publish","format-standard","has-post-thumbnail","hentry","category-actualidad","category-temuco","tag-app","tag-educacion","tag-familias","tag-junji"],"a3_pvc":{"activated":true,"total_views":1398,"today_views":0},"_links":{"self":[{"href":"https:\/\/temucotelevision.cl\/web\/wp-json\/wp\/v2\/posts\/43361","targetHints":{"allow":["GET"]}}],"collection":[{"href":"https:\/\/temucotelevision.cl\/web\/wp-json\/wp\/v2\/posts"}],"about":[{"href":"https:\/\/temucotelevision.cl\/web\/wp-json\/wp\/v2\/types\/post"}],"author":[{"embeddable":true,"href":"https:\/\/temucotelevision.cl\/web\/wp-json\/wp\/v2\/users\/1"}],"replies":[{"embeddable":true,"href":"https:\/\/temucotelevision.cl\/web\/wp-json\/wp\/v2\/comments?post=43361"}],"version-history":[{"count":1,"href":"https:\/\/temucotelevision.cl\/web\/wp-json\/wp\/v2\/posts\/43361\/revisions"}],"predecessor-version":[{"id":43363,"href":"https:\/\/temucotelevision.cl\/web\/wp-json\/wp\/v2\/posts\/43361\/revisions\/43363"}],"wp:featuredmedia":[{"embeddable":true,"href":"https:\/\/temucotelevision.cl\/web\/wp-json\/wp\/v2\/media\/43362"}],"wp:attachment":[{"href":"https:\/\/temucotelevision.cl\/web\/wp-json\/wp\/v2\/media?parent=43361"}],"wp:term":[{"taxonomy":"category","embeddable":true,"href":"https:\/\/temucotelevision.cl\/web\/wp-json\/wp\/v2\/categories?post=43361"},{"taxonomy":"post_tag","embeddable":true,"href":"https:\/\/temucotelevision.cl\/web\/wp-json\/wp\/v2\/tags?post=43361"}],"curies":[{"name":"wp","href":"https:\/\/api.w.org\/{rel}","templated":true}]}}