{"id":43352,"date":"2023-07-27T11:18:32","date_gmt":"2023-07-27T14:18:32","guid":{"rendered":"https:\/\/temucotelevision.cl\/web\/?p=43352"},"modified":"2023-07-27T11:18:44","modified_gmt":"2023-07-27T14:18:44","slug":"encuentro-internacional-delegacion-de-ecuador-explora-politicas-de-apoyo-a-pymes-tras-visita-en-temuco","status":"publish","type":"post","link":"https:\/\/temucotelevision.cl\/web\/2023\/07\/27\/encuentro-internacional-delegacion-de-ecuador-explora-politicas-de-apoyo-a-pymes-tras-visita-en-temuco\/","title":{"rendered":"Encuentro Internacional: Delegaci\u00f3n de Ecuador explora pol\u00edticas de apoyo a pymes tras visita en Temuco"},"content":{"rendered":"<div class=\"pvc_clear\"><\/div><p id=\"pvc_stats_43352\" class=\"pvc_stats total_only  \" data-element-id=\"43352\" style=\"\"><i class=\"pvc-stats-icon large\" aria-hidden=\"true\"><svg aria-hidden=\"true\" focusable=\"false\" data-prefix=\"far\" data-icon=\"chart-bar\" role=\"img\" xmlns=\"http:\/\/www.w3.org\/2000\/svg\" viewBox=\"0 0 512 512\" class=\"svg-inline--fa fa-chart-bar fa-w-16 fa-2x\"><path fill=\"currentColor\" d=\"M396.8 352h22.4c6.4 0 12.8-6.4 12.8-12.8V108.8c0-6.4-6.4-12.8-12.8-12.8h-22.4c-6.4 0-12.8 6.4-12.8 12.8v230.4c0 6.4 6.4 12.8 12.8 12.8zm-192 0h22.4c6.4 0 12.8-6.4 12.8-12.8V140.8c0-6.4-6.4-12.8-12.8-12.8h-22.4c-6.4 0-12.8 6.4-12.8 12.8v198.4c0 6.4 6.4 12.8 12.8 12.8zm96 0h22.4c6.4 0 12.8-6.4 12.8-12.8V204.8c0-6.4-6.4-12.8-12.8-12.8h-22.4c-6.4 0-12.8 6.4-12.8 12.8v134.4c0 6.4 6.4 12.8 12.8 12.8zM496 400H48V80c0-8.84-7.16-16-16-16H16C7.16 64 0 71.16 0 80v336c0 17.67 14.33 32 32 32h464c8.84 0 16-7.16 16-16v-16c0-8.84-7.16-16-16-16zm-387.2-48h22.4c6.4 0 12.8-6.4 12.8-12.8v-70.4c0-6.4-6.4-12.8-12.8-12.8h-22.4c-6.4 0-12.8 6.4-12.8 12.8v70.4c0 6.4 6.4 12.8 12.8 12.8z\" class=\"\"><\/path><\/svg><\/i> <img loading=\"lazy\" decoding=\"async\" width=\"16\" height=\"16\" alt=\"Loading\" src=\"https:\/\/temucotelevision.cl\/web\/wp-content\/plugins\/page-views-count\/ajax-loader-2x.gif\" border=0 \/><\/p><div class=\"pvc_clear\"><\/div>\n<p><strong>Especialistas y t\u00e9cnicos en comercio y crecimiento empresarial recorrer\u00e1n la regi\u00f3n de La Araucan\u00eda buscando adquirir experiencias que les permitan implementar iniciativas de desarrollo de peque\u00f1os negocios en Ecuador.<\/strong><\/p>\n\n\n\n<p>Hasta el Centro de Negocios Sercotec de Temuco arrib\u00f3 la ma\u00f1ana de ayer una delegaci\u00f3n de especialistas y t\u00e9cnicos en comercio y crecimiento empresarial de Ecuador, quienes iniciaron una gira por La Araucan\u00eda para conocer estrategias ejecutadas en la regi\u00f3n para el desarrollo de las peque\u00f1as empresas.<\/p>\n\n\n\n<p>La comitiva est\u00e1 integrada por 12 profesionales representantes de la Mancomunidad del Norte del Ecuador, entidad conformada por cuatro Gobiernos Aut\u00f3nomos Provinciales que est\u00e1 de visita en Chile buscando adquirir experiencias que les permitan tomar puntos de referencia para implementar iniciativas de desarrollo empresarial de pymes en Ecuador.<\/p>\n\n\n\n<p>La delegaci\u00f3n fue recibida por el gerente nacional de Centros de Negocios Sercotec, Nicol\u00e1s Vivanco, y el director regional de la entidad, Cristian Epuin, quienes dieron a conocer el funcionamiento de los Centros de Desarrollo de Negocios, que ofrecen asesor\u00eda de alto valor y acompa\u00f1amiento gratuito a los emprendedores y emprendedoras locales, logrando impactos significativos en los negocios apoyados.<\/p>\n\n\n\n<p>De acuerdo a datos internos del servicio, en 2022 los Centros de Negocios asesoraron a m\u00e1s de 32 mil empresas en el pa\u00eds, las que en conjunto lograron aumentar sus ventas en 87 mil millones de pesos en el marco de estas asesor\u00edas.<\/p>\n\n\n\n<p>\u201cLos Centros de Desarrollo de Negocios son un ejemplo de pol\u00edtica p\u00fablica exitosa, bien evaluada, que pone a disposici\u00f3n de los emprendedores y emprendedoras del pa\u00eds un servicio de asesor\u00edas de alta calidad, individual, sostenido en el tiempo y sin costo, con resultados que son medibles, como el aumento de ventas. Esperamos que esta positiva experiencia pueda servir de referencia para la delegaci\u00f3n que nos visita y para todos aquellos pa\u00edses que busquen implementar estrategias de crecimiento empresarial de peque\u00f1os negocios\u201d, se\u00f1al\u00f3 el gerente de Centros de Negocios Sercotec, Nicol\u00e1s Vivanco.<\/p>\n\n\n\n<p>Los especialistas tambi\u00e9n pudieron conocer el funcionamiento del Centro de Negocios Inakeyu, ubicado en Nueva Imperial, el que tiene especialidad en asesorar a empresarios y empresarias del pueblo Mapuche. Y hoy, en su \u00faltimo d\u00eda en la regi\u00f3n, acudir\u00e1n al Centro de Negocios Villarrica, especializado en el rubro tur\u00edstico.<\/p>\n\n\n\n<p>Durante su visita la delegaci\u00f3n tambi\u00e9n visit\u00f3 a peque\u00f1as empresas y cooperativas locales para conocer sus experiencias como beneficiarias de las iniciativas de fomento que impulsa Sercotec, entre ellas el barrio Carrusel de Temuco, para cuya revitalizaci\u00f3n recibi\u00f3 el apoyo del programa Recupera Tu Barrio Zona Cero.<\/p>\n","protected":false},"excerpt":{"rendered":"<div class=\"pvc_clear\"><\/div>\n<p id=\"pvc_stats_43352\" class=\"pvc_stats total_only  \" data-element-id=\"43352\" style=\"\"><i class=\"pvc-stats-icon large\" aria-hidden=\"true\"><svg aria-hidden=\"true\" focusable=\"false\" data-prefix=\"far\" data-icon=\"chart-bar\" role=\"img\" xmlns=\"http:\/\/www.w3.org\/2000\/svg\" viewBox=\"0 0 512 512\" class=\"svg-inline--fa fa-chart-bar fa-w-16 fa-2x\"><path fill=\"currentColor\" d=\"M396.8 352h22.4c6.4 0 12.8-6.4 12.8-12.8V108.8c0-6.4-6.4-12.8-12.8-12.8h-22.4c-6.4 0-12.8 6.4-12.8 12.8v230.4c0 6.4 6.4 12.8 12.8 12.8zm-192 0h22.4c6.4 0 12.8-6.4 12.8-12.8V140.8c0-6.4-6.4-12.8-12.8-12.8h-22.4c-6.4 0-12.8 6.4-12.8 12.8v198.4c0 6.4 6.4 12.8 12.8 12.8zm96 0h22.4c6.4 0 12.8-6.4 12.8-12.8V204.8c0-6.4-6.4-12.8-12.8-12.8h-22.4c-6.4 0-12.8 6.4-12.8 12.8v134.4c0 6.4 6.4 12.8 12.8 12.8zM496 400H48V80c0-8.84-7.16-16-16-16H16C7.16 64 0 71.16 0 80v336c0 17.67 14.33 32 32 32h464c8.84 0 16-7.16 16-16v-16c0-8.84-7.16-16-16-16zm-387.2-48h22.4c6.4 0 12.8-6.4 12.8-12.8v-70.4c0-6.4-6.4-12.8-12.8-12.8h-22.4c-6.4 0-12.8 6.4-12.8 12.8v70.4c0 6.4 6.4 12.8 12.8 12.8z\" class=\"\"><\/path><\/svg><\/i> <img loading=\"lazy\" decoding=\"async\" width=\"16\" height=\"16\" alt=\"Loading\" src=\"https:\/\/temucotelevision.cl\/web\/wp-content\/plugins\/page-views-count\/ajax-loader-2x.gif\" border=0 \/><\/p>\n<div class=\"pvc_clear\"><\/div>\n<p>Especialistas y t\u00e9cnicos en comercio y crecimiento empresarial recorrer\u00e1n la regi\u00f3n de La Araucan\u00eda buscando adquirir experiencias que les permitan<\/p>\n","protected":false},"author":1,"featured_media":43353,"comment_status":"open","ping_status":"open","sticky":false,"template":"","format":"standard","meta":{"colormag_page_container_layout":"default_layout","colormag_page_sidebar_layout":"default_layout","footnotes":""},"categories":[14],"tags":[605,5378,1923,2032],"class_list":["post-43352","post","type-post","status-publish","format-standard","has-post-thumbnail","hentry","category-temuco","tag-comercio","tag-delegacion","tag-ecuador","tag-pymes"],"a3_pvc":{"activated":true,"total_views":863,"today_views":0},"_links":{"self":[{"href":"https:\/\/temucotelevision.cl\/web\/wp-json\/wp\/v2\/posts\/43352","targetHints":{"allow":["GET"]}}],"collection":[{"href":"https:\/\/temucotelevision.cl\/web\/wp-json\/wp\/v2\/posts"}],"about":[{"href":"https:\/\/temucotelevision.cl\/web\/wp-json\/wp\/v2\/types\/post"}],"author":[{"embeddable":true,"href":"https:\/\/temucotelevision.cl\/web\/wp-json\/wp\/v2\/users\/1"}],"replies":[{"embeddable":true,"href":"https:\/\/temucotelevision.cl\/web\/wp-json\/wp\/v2\/comments?post=43352"}],"version-history":[{"count":1,"href":"https:\/\/temucotelevision.cl\/web\/wp-json\/wp\/v2\/posts\/43352\/revisions"}],"predecessor-version":[{"id":43354,"href":"https:\/\/temucotelevision.cl\/web\/wp-json\/wp\/v2\/posts\/43352\/revisions\/43354"}],"wp:featuredmedia":[{"embeddable":true,"href":"https:\/\/temucotelevision.cl\/web\/wp-json\/wp\/v2\/media\/43353"}],"wp:attachment":[{"href":"https:\/\/temucotelevision.cl\/web\/wp-json\/wp\/v2\/media?parent=43352"}],"wp:term":[{"taxonomy":"category","embeddable":true,"href":"https:\/\/temucotelevision.cl\/web\/wp-json\/wp\/v2\/categories?post=43352"},{"taxonomy":"post_tag","embeddable":true,"href":"https:\/\/temucotelevision.cl\/web\/wp-json\/wp\/v2\/tags?post=43352"}],"curies":[{"name":"wp","href":"https:\/\/api.w.org\/{rel}","templated":true}]}}