{"id":43348,"date":"2023-07-27T11:06:20","date_gmt":"2023-07-27T14:06:20","guid":{"rendered":"https:\/\/temucotelevision.cl\/web\/?p=43348"},"modified":"2023-07-27T11:06:20","modified_gmt":"2023-07-27T14:06:20","slug":"diputada-marlene-perez-tras-muerte-de-menor-perteneciente-a-programa-de-mejor-ninez-en-chillan-es-inaceptable","status":"publish","type":"post","link":"https:\/\/temucotelevision.cl\/web\/2023\/07\/27\/diputada-marlene-perez-tras-muerte-de-menor-perteneciente-a-programa-de-mejor-ninez-en-chillan-es-inaceptable\/","title":{"rendered":"Diputada Marlene P\u00e9rez tras muerte de menor perteneciente a programa de Mejor Ni\u00f1ez en Chill\u00e1n: \u201cEs inaceptable\u201d"},"content":{"rendered":"<div class=\"pvc_clear\"><\/div><p id=\"pvc_stats_43348\" class=\"pvc_stats total_only  \" data-element-id=\"43348\" style=\"\"><i class=\"pvc-stats-icon large\" aria-hidden=\"true\"><svg aria-hidden=\"true\" focusable=\"false\" data-prefix=\"far\" data-icon=\"chart-bar\" role=\"img\" xmlns=\"http:\/\/www.w3.org\/2000\/svg\" viewBox=\"0 0 512 512\" class=\"svg-inline--fa fa-chart-bar fa-w-16 fa-2x\"><path fill=\"currentColor\" d=\"M396.8 352h22.4c6.4 0 12.8-6.4 12.8-12.8V108.8c0-6.4-6.4-12.8-12.8-12.8h-22.4c-6.4 0-12.8 6.4-12.8 12.8v230.4c0 6.4 6.4 12.8 12.8 12.8zm-192 0h22.4c6.4 0 12.8-6.4 12.8-12.8V140.8c0-6.4-6.4-12.8-12.8-12.8h-22.4c-6.4 0-12.8 6.4-12.8 12.8v198.4c0 6.4 6.4 12.8 12.8 12.8zm96 0h22.4c6.4 0 12.8-6.4 12.8-12.8V204.8c0-6.4-6.4-12.8-12.8-12.8h-22.4c-6.4 0-12.8 6.4-12.8 12.8v134.4c0 6.4 6.4 12.8 12.8 12.8zM496 400H48V80c0-8.84-7.16-16-16-16H16C7.16 64 0 71.16 0 80v336c0 17.67 14.33 32 32 32h464c8.84 0 16-7.16 16-16v-16c0-8.84-7.16-16-16-16zm-387.2-48h22.4c6.4 0 12.8-6.4 12.8-12.8v-70.4c0-6.4-6.4-12.8-12.8-12.8h-22.4c-6.4 0-12.8 6.4-12.8 12.8v70.4c0 6.4 6.4 12.8 12.8 12.8z\" class=\"\"><\/path><\/svg><\/i> <img loading=\"lazy\" decoding=\"async\" width=\"16\" height=\"16\" alt=\"Loading\" src=\"https:\/\/temucotelevision.cl\/web\/wp-content\/plugins\/page-views-count\/ajax-loader-2x.gif\" border=0 \/><\/p><div class=\"pvc_clear\"><\/div>\n<p><strong><em>La Presidenta de la Comisi\u00f3n de Desarrollo Social y Familia de la C\u00e1mara de Diputados alz\u00f3 la voz para pedir acciones inmediatas en cuanto a la intervenci\u00f3n del servicio, tras este lamentable hecho, el detenido por violaci\u00f3n de dos menores de Talcahuano, y el robo de computadores en la entidad.<\/em><\/strong><\/p>\n\n\n\n<p>Durante los \u00faltimos d\u00edas, el Servicio Mejor Ni\u00f1ez ha estado en el ojo de la opini\u00f3n p\u00fablica debido a reiterados sucesos de car\u00e1cter negativo.<\/p>\n\n\n\n<p>Sin dudas, la situaci\u00f3n m\u00e1s grave es lo ocurrido este mi\u00e9rcoles en Chill\u00e1n, donde una menor de 12 a\u00f1os falleci\u00f3 tras caer -en circunstancias que se investigan- desde el quinto piso del Hospital Herminda Martin de la capital de \u00d1uble.&nbsp;<\/p>\n\n\n\n<p>\u201cEs inaceptable que en una semana en el servicio&nbsp; Mejor Ni\u00f1ez muera una&nbsp; menor&nbsp; de los programas que no recibi\u00f3 atenci\u00f3n a tiempo en salud mental. Que menores en Biobio est\u00e9n&nbsp; siendo v\u00edctimas de una red de explotaci\u00f3n sexual. Y a eso podemos sumar el nuevo robo de computadores, esta vez en dependencias del servicio\u201d, se\u00f1al\u00f3 la diputada Marlene P\u00e9rez Cartes, haciendo alusi\u00f3n a los \u00faltimos hechos ocurridos.<\/p>\n\n\n\n<p>Un punto donde la Presidenta de la Comisi\u00f3n de Desarrollo Social y Familia quiso ahondar fue en el nuevo robo, el cual se suma al acontecido la semana pasada en el Ministerio que encabeza Giorgio Jackson.<\/p>\n\n\n\n<p>\u201cEl robo de computadores del Servicio Mejor Ni\u00f1ez es extremadamente grave, porque la informaci\u00f3n de los casos de estos menores debe ser resguardada por ley, por contener informaci\u00f3n sensible de ni\u00f1ez bajo protecci\u00f3n y con medidas cautelares. \u00bfQui\u00e9n responde a todas estas faltas del Servicio Mejor Ni\u00f1ez? Yo le pregunto al ministro Jackson, a la subsecretaria, si dimensionan realmente la crisis, la grave crisis que hoy d\u00eda enfrenta este servicio. De verdad ya es insostenible\u201d, esboz\u00f3 la parlamentaria.<\/p>\n","protected":false},"excerpt":{"rendered":"<div class=\"pvc_clear\"><\/div>\n<p id=\"pvc_stats_43348\" class=\"pvc_stats total_only  \" data-element-id=\"43348\" style=\"\"><i class=\"pvc-stats-icon large\" aria-hidden=\"true\"><svg aria-hidden=\"true\" focusable=\"false\" data-prefix=\"far\" data-icon=\"chart-bar\" role=\"img\" xmlns=\"http:\/\/www.w3.org\/2000\/svg\" viewBox=\"0 0 512 512\" class=\"svg-inline--fa fa-chart-bar fa-w-16 fa-2x\"><path fill=\"currentColor\" d=\"M396.8 352h22.4c6.4 0 12.8-6.4 12.8-12.8V108.8c0-6.4-6.4-12.8-12.8-12.8h-22.4c-6.4 0-12.8 6.4-12.8 12.8v230.4c0 6.4 6.4 12.8 12.8 12.8zm-192 0h22.4c6.4 0 12.8-6.4 12.8-12.8V140.8c0-6.4-6.4-12.8-12.8-12.8h-22.4c-6.4 0-12.8 6.4-12.8 12.8v198.4c0 6.4 6.4 12.8 12.8 12.8zm96 0h22.4c6.4 0 12.8-6.4 12.8-12.8V204.8c0-6.4-6.4-12.8-12.8-12.8h-22.4c-6.4 0-12.8 6.4-12.8 12.8v134.4c0 6.4 6.4 12.8 12.8 12.8zM496 400H48V80c0-8.84-7.16-16-16-16H16C7.16 64 0 71.16 0 80v336c0 17.67 14.33 32 32 32h464c8.84 0 16-7.16 16-16v-16c0-8.84-7.16-16-16-16zm-387.2-48h22.4c6.4 0 12.8-6.4 12.8-12.8v-70.4c0-6.4-6.4-12.8-12.8-12.8h-22.4c-6.4 0-12.8 6.4-12.8 12.8v70.4c0 6.4 6.4 12.8 12.8 12.8z\" class=\"\"><\/path><\/svg><\/i> <img loading=\"lazy\" decoding=\"async\" width=\"16\" height=\"16\" alt=\"Loading\" src=\"https:\/\/temucotelevision.cl\/web\/wp-content\/plugins\/page-views-count\/ajax-loader-2x.gif\" border=0 \/><\/p>\n<div class=\"pvc_clear\"><\/div>\n<p>La Presidenta de la Comisi\u00f3n de Desarrollo Social y Familia de la C\u00e1mara de Diputados alz\u00f3 la voz para pedir<\/p>\n","protected":false},"author":1,"featured_media":43350,"comment_status":"open","ping_status":"open","sticky":false,"template":"","format":"standard","meta":{"colormag_page_container_layout":"default_layout","colormag_page_sidebar_layout":"default_layout","footnotes":""},"categories":[84],"tags":[788,1232,346,3034,6594],"class_list":["post-43348","post","type-post","status-publish","format-standard","has-post-thumbnail","hentry","category-politica","tag-diputada","tag-menor","tag-muerte","tag-ninez","tag-perez"],"a3_pvc":{"activated":true,"total_views":69,"today_views":0},"_links":{"self":[{"href":"https:\/\/temucotelevision.cl\/web\/wp-json\/wp\/v2\/posts\/43348","targetHints":{"allow":["GET"]}}],"collection":[{"href":"https:\/\/temucotelevision.cl\/web\/wp-json\/wp\/v2\/posts"}],"about":[{"href":"https:\/\/temucotelevision.cl\/web\/wp-json\/wp\/v2\/types\/post"}],"author":[{"embeddable":true,"href":"https:\/\/temucotelevision.cl\/web\/wp-json\/wp\/v2\/users\/1"}],"replies":[{"embeddable":true,"href":"https:\/\/temucotelevision.cl\/web\/wp-json\/wp\/v2\/comments?post=43348"}],"version-history":[{"count":1,"href":"https:\/\/temucotelevision.cl\/web\/wp-json\/wp\/v2\/posts\/43348\/revisions"}],"predecessor-version":[{"id":43351,"href":"https:\/\/temucotelevision.cl\/web\/wp-json\/wp\/v2\/posts\/43348\/revisions\/43351"}],"wp:featuredmedia":[{"embeddable":true,"href":"https:\/\/temucotelevision.cl\/web\/wp-json\/wp\/v2\/media\/43350"}],"wp:attachment":[{"href":"https:\/\/temucotelevision.cl\/web\/wp-json\/wp\/v2\/media?parent=43348"}],"wp:term":[{"taxonomy":"category","embeddable":true,"href":"https:\/\/temucotelevision.cl\/web\/wp-json\/wp\/v2\/categories?post=43348"},{"taxonomy":"post_tag","embeddable":true,"href":"https:\/\/temucotelevision.cl\/web\/wp-json\/wp\/v2\/tags?post=43348"}],"curies":[{"name":"wp","href":"https:\/\/api.w.org\/{rel}","templated":true}]}}