{"id":43344,"date":"2023-07-26T22:26:17","date_gmt":"2023-07-27T01:26:17","guid":{"rendered":"https:\/\/temucotelevision.cl\/web\/?p=43344"},"modified":"2023-07-27T11:07:51","modified_gmt":"2023-07-27T14:07:51","slug":"show-de-gala-por-el-63-aniversario-de-tolten","status":"publish","type":"post","link":"https:\/\/temucotelevision.cl\/web\/2023\/07\/26\/show-de-gala-por-el-63-aniversario-de-tolten\/","title":{"rendered":"Show de gala por el 63 aniversario de Tolt\u00e9n, m\u00fasica y talento que re\u00fane a la comunidad"},"content":{"rendered":"<div class=\"pvc_clear\"><\/div><p id=\"pvc_stats_43344\" class=\"pvc_stats total_only  \" data-element-id=\"43344\" style=\"\"><i class=\"pvc-stats-icon large\" aria-hidden=\"true\"><svg aria-hidden=\"true\" focusable=\"false\" data-prefix=\"far\" data-icon=\"chart-bar\" role=\"img\" xmlns=\"http:\/\/www.w3.org\/2000\/svg\" viewBox=\"0 0 512 512\" class=\"svg-inline--fa fa-chart-bar fa-w-16 fa-2x\"><path fill=\"currentColor\" d=\"M396.8 352h22.4c6.4 0 12.8-6.4 12.8-12.8V108.8c0-6.4-6.4-12.8-12.8-12.8h-22.4c-6.4 0-12.8 6.4-12.8 12.8v230.4c0 6.4 6.4 12.8 12.8 12.8zm-192 0h22.4c6.4 0 12.8-6.4 12.8-12.8V140.8c0-6.4-6.4-12.8-12.8-12.8h-22.4c-6.4 0-12.8 6.4-12.8 12.8v198.4c0 6.4 6.4 12.8 12.8 12.8zm96 0h22.4c6.4 0 12.8-6.4 12.8-12.8V204.8c0-6.4-6.4-12.8-12.8-12.8h-22.4c-6.4 0-12.8 6.4-12.8 12.8v134.4c0 6.4 6.4 12.8 12.8 12.8zM496 400H48V80c0-8.84-7.16-16-16-16H16C7.16 64 0 71.16 0 80v336c0 17.67 14.33 32 32 32h464c8.84 0 16-7.16 16-16v-16c0-8.84-7.16-16-16-16zm-387.2-48h22.4c6.4 0 12.8-6.4 12.8-12.8v-70.4c0-6.4-6.4-12.8-12.8-12.8h-22.4c-6.4 0-12.8 6.4-12.8 12.8v70.4c0 6.4 6.4 12.8 12.8 12.8z\" class=\"\"><\/path><\/svg><\/i> <img loading=\"lazy\" decoding=\"async\" width=\"16\" height=\"16\" alt=\"Loading\" src=\"https:\/\/temucotelevision.cl\/web\/wp-content\/plugins\/page-views-count\/ajax-loader-2x.gif\" border=0 \/><\/p><div class=\"pvc_clear\"><\/div>\n<p> La Municipalidad de Tolt\u00e9n se enorgullece en anunciar el esperado evento denominado &#8220;Show de Gala por el 63 Aniversario de Tolt\u00e9n&#8221;, una noche llena de m\u00fasica y talento que re\u00fane a toda la comunidad en torno a la celebraci\u00f3n de un hito muy relevante para esta hermosa comuna costera<\/p>\n\n\n\n<p>El evento, titulado &#8220;Rojo, en el Coraz\u00f3n, M\u00fasica entre Amigos&#8221;, busca no solo conmemorar el aniversario, sino tambi\u00e9n promover la uni\u00f3n familiar y recordar momentos ic\u00f3nicos de la d\u00e9cada de los 90 y 2000.<\/p>\n\n\n\n<p>La Gala contar\u00e1 con la presencia de destacados artistas nacionales, quienes formaron parte de las primeras generaciones del programa televisivo &#8220;Rojo, Fama Contrafama&#8221;, el cual cautiv\u00f3 a miles de familias chilenas durante las tardes. Entre los talentos que compartir\u00e1n su arte vocal, se encuentran Mar\u00eda Jimena Pereyra, Juan David Rodr\u00edguez, Carolina Soto y Patricio Garc\u00e9s. Ser\u00e1 una velada inigualable en la que estos \u00eddolos de la m\u00fasica nacional revivir\u00e1n su legado y deleitar\u00e1n a los asistentes con sus extraordinarias voces.<\/p>\n\n\n\n<p>El Gimnasio Municipal de Tolt\u00e9n ser\u00e1 el epicentro de esta gala el jueves 27 de Julio, a partir de las 20:00 horas. Lo m\u00e1s destacado es que, gracias a la gesti\u00f3n de la Alcald\u00eda y el Concejo Municipal, la entrada ser\u00e1 completamente gratuita, con el objetivo de hacer part\u00edcipes a todas las familias de Tolt\u00e9n y sus alrededores. Esta actividad representa una valiosa oportunidad para fortalecer los lazos familiares, permitiendo a padres, hijos y abuelos disfrutar juntos de una velada cultural \u00fanica en la regi\u00f3n.<\/p>\n\n\n\n<p>El Alcalde Guillermo Mart\u00ednez Soto, junto a todo el Concejo Municipal, extienden una c\u00e1lida invitaci\u00f3n a la comunidad de Tolt\u00e9n y a los visitantes a participar en este evento hist\u00f3rico. La velada no solo promete una tarde inolvidable con m\u00fasica excepcional, sino tambi\u00e9n fomentar la unidad y el apoyo mutuo entre las familias, valores fundamentales para el crecimiento y bienestar de la comunidad.<\/p>\n\n\n\n<p>En el marco del 63 aniversario de Tolt\u00e9n, esta gala busca crear memorias inolvidables y resaltar la importancia de las instancias que propician la convivencia familiar. As\u00ed, se reafirma el compromiso de la municipalidad por brindar espacios de entretenimiento y cultura que fortalezcan los lazos entre sus habitantes.<\/p>\n","protected":false},"excerpt":{"rendered":"<div class=\"pvc_clear\"><\/div>\n<p id=\"pvc_stats_43344\" class=\"pvc_stats total_only  \" data-element-id=\"43344\" style=\"\"><i class=\"pvc-stats-icon large\" aria-hidden=\"true\"><svg aria-hidden=\"true\" focusable=\"false\" data-prefix=\"far\" data-icon=\"chart-bar\" role=\"img\" xmlns=\"http:\/\/www.w3.org\/2000\/svg\" viewBox=\"0 0 512 512\" class=\"svg-inline--fa fa-chart-bar fa-w-16 fa-2x\"><path fill=\"currentColor\" d=\"M396.8 352h22.4c6.4 0 12.8-6.4 12.8-12.8V108.8c0-6.4-6.4-12.8-12.8-12.8h-22.4c-6.4 0-12.8 6.4-12.8 12.8v230.4c0 6.4 6.4 12.8 12.8 12.8zm-192 0h22.4c6.4 0 12.8-6.4 12.8-12.8V140.8c0-6.4-6.4-12.8-12.8-12.8h-22.4c-6.4 0-12.8 6.4-12.8 12.8v198.4c0 6.4 6.4 12.8 12.8 12.8zm96 0h22.4c6.4 0 12.8-6.4 12.8-12.8V204.8c0-6.4-6.4-12.8-12.8-12.8h-22.4c-6.4 0-12.8 6.4-12.8 12.8v134.4c0 6.4 6.4 12.8 12.8 12.8zM496 400H48V80c0-8.84-7.16-16-16-16H16C7.16 64 0 71.16 0 80v336c0 17.67 14.33 32 32 32h464c8.84 0 16-7.16 16-16v-16c0-8.84-7.16-16-16-16zm-387.2-48h22.4c6.4 0 12.8-6.4 12.8-12.8v-70.4c0-6.4-6.4-12.8-12.8-12.8h-22.4c-6.4 0-12.8 6.4-12.8 12.8v70.4c0 6.4 6.4 12.8 12.8 12.8z\" class=\"\"><\/path><\/svg><\/i> <img loading=\"lazy\" decoding=\"async\" width=\"16\" height=\"16\" alt=\"Loading\" src=\"https:\/\/temucotelevision.cl\/web\/wp-content\/plugins\/page-views-count\/ajax-loader-2x.gif\" border=0 \/><\/p>\n<div class=\"pvc_clear\"><\/div>\n<p>La Municipalidad de Tolt\u00e9n se enorgullece en anunciar el esperado evento denominado &#8220;Show de Gala por el 63 Aniversario de<\/p>\n","protected":false},"author":1,"featured_media":43345,"comment_status":"open","ping_status":"open","sticky":false,"template":"","format":"standard","meta":{"colormag_page_container_layout":"default_layout","colormag_page_sidebar_layout":"default_layout","footnotes":""},"categories":[86,14],"tags":[496,1777,616,215],"class_list":["post-43344","post","type-post","status-publish","format-standard","has-post-thumbnail","hentry","category-panoramas","category-temuco","tag-aniversario","tag-gala","tag-show","tag-tolten"],"a3_pvc":{"activated":true,"total_views":2032,"today_views":0},"_links":{"self":[{"href":"https:\/\/temucotelevision.cl\/web\/wp-json\/wp\/v2\/posts\/43344","targetHints":{"allow":["GET"]}}],"collection":[{"href":"https:\/\/temucotelevision.cl\/web\/wp-json\/wp\/v2\/posts"}],"about":[{"href":"https:\/\/temucotelevision.cl\/web\/wp-json\/wp\/v2\/types\/post"}],"author":[{"embeddable":true,"href":"https:\/\/temucotelevision.cl\/web\/wp-json\/wp\/v2\/users\/1"}],"replies":[{"embeddable":true,"href":"https:\/\/temucotelevision.cl\/web\/wp-json\/wp\/v2\/comments?post=43344"}],"version-history":[{"count":2,"href":"https:\/\/temucotelevision.cl\/web\/wp-json\/wp\/v2\/posts\/43344\/revisions"}],"predecessor-version":[{"id":43347,"href":"https:\/\/temucotelevision.cl\/web\/wp-json\/wp\/v2\/posts\/43344\/revisions\/43347"}],"wp:featuredmedia":[{"embeddable":true,"href":"https:\/\/temucotelevision.cl\/web\/wp-json\/wp\/v2\/media\/43345"}],"wp:attachment":[{"href":"https:\/\/temucotelevision.cl\/web\/wp-json\/wp\/v2\/media?parent=43344"}],"wp:term":[{"taxonomy":"category","embeddable":true,"href":"https:\/\/temucotelevision.cl\/web\/wp-json\/wp\/v2\/categories?post=43344"},{"taxonomy":"post_tag","embeddable":true,"href":"https:\/\/temucotelevision.cl\/web\/wp-json\/wp\/v2\/tags?post=43344"}],"curies":[{"name":"wp","href":"https:\/\/api.w.org\/{rel}","templated":true}]}}