{"id":43341,"date":"2023-07-26T21:48:53","date_gmt":"2023-07-27T00:48:53","guid":{"rendered":"https:\/\/temucotelevision.cl\/web\/?p=43341"},"modified":"2023-07-26T21:48:54","modified_gmt":"2023-07-27T00:48:54","slug":"gobierno-presento-querella-por-hechos-ocurridos-el-sabado-con-bus-que-transportaba-a-trabajadores-forestales","status":"publish","type":"post","link":"https:\/\/temucotelevision.cl\/web\/2023\/07\/26\/gobierno-presento-querella-por-hechos-ocurridos-el-sabado-con-bus-que-transportaba-a-trabajadores-forestales\/","title":{"rendered":"Gobierno present\u00f3 querella por hechos ocurridos el s\u00e1bado con bus que transportaba a trabajadores forestales"},"content":{"rendered":"<div class=\"pvc_clear\"><\/div><p id=\"pvc_stats_43341\" class=\"pvc_stats total_only  \" data-element-id=\"43341\" style=\"\"><i class=\"pvc-stats-icon large\" aria-hidden=\"true\"><svg aria-hidden=\"true\" focusable=\"false\" data-prefix=\"far\" data-icon=\"chart-bar\" role=\"img\" xmlns=\"http:\/\/www.w3.org\/2000\/svg\" viewBox=\"0 0 512 512\" class=\"svg-inline--fa fa-chart-bar fa-w-16 fa-2x\"><path fill=\"currentColor\" d=\"M396.8 352h22.4c6.4 0 12.8-6.4 12.8-12.8V108.8c0-6.4-6.4-12.8-12.8-12.8h-22.4c-6.4 0-12.8 6.4-12.8 12.8v230.4c0 6.4 6.4 12.8 12.8 12.8zm-192 0h22.4c6.4 0 12.8-6.4 12.8-12.8V140.8c0-6.4-6.4-12.8-12.8-12.8h-22.4c-6.4 0-12.8 6.4-12.8 12.8v198.4c0 6.4 6.4 12.8 12.8 12.8zm96 0h22.4c6.4 0 12.8-6.4 12.8-12.8V204.8c0-6.4-6.4-12.8-12.8-12.8h-22.4c-6.4 0-12.8 6.4-12.8 12.8v134.4c0 6.4 6.4 12.8 12.8 12.8zM496 400H48V80c0-8.84-7.16-16-16-16H16C7.16 64 0 71.16 0 80v336c0 17.67 14.33 32 32 32h464c8.84 0 16-7.16 16-16v-16c0-8.84-7.16-16-16-16zm-387.2-48h22.4c6.4 0 12.8-6.4 12.8-12.8v-70.4c0-6.4-6.4-12.8-12.8-12.8h-22.4c-6.4 0-12.8 6.4-12.8 12.8v70.4c0 6.4 6.4 12.8 12.8 12.8z\" class=\"\"><\/path><\/svg><\/i> <img loading=\"lazy\" decoding=\"async\" width=\"16\" height=\"16\" alt=\"Loading\" src=\"https:\/\/temucotelevision.cl\/web\/wp-content\/plugins\/page-views-count\/ajax-loader-2x.gif\" border=0 \/><\/p><div class=\"pvc_clear\"><\/div>\n<p>La Delegaci\u00f3n Presidencial Regional de La Araucan\u00eda present\u00f3 este martes una querella por el delito de secuestro, incendio y porte ilegal de armas de fuego, cometidos la ma\u00f1ana del d\u00eda s\u00e1bado 22 de julio en contra de un grupo de trabajadores forestales, quienes\u00a0concurr\u00edan hasta su lugar de trabajo a bordo de un bus, en la comuna de Collipulli.<\/p>\n\n\n\n<p><br>\u201cEstos hechos son de m\u00e1xima gravedad por violentar contra la seguridad y libertad de cada uno de estos trabajadores, lo que motiva la persecuci\u00f3n por parte de \u00e9sta Delegaci\u00f3n contra los responsables de estos delitos\u201d, dijo la autoridad regional.<\/p>\n\n\n\n<p><br>La situaci\u00f3n ocurri\u00f3 este s\u00e1bado, pasadas las 6 horas, cuando cinco trabajadores de la empresa Forestal SAFCO se desplazaban hacia su lugar de trabajo a bordo de un bus de propiedad de la empresa Servicios Forestales Tierras Coloradas Ltda en la comuna de Collipulli, cuando fueron interceptados por una camioneta marca Toyota de color rojo, desde donde bajaron dos sujetos a rostro cubierto, vistiendo ropa tipo militar y portando armas de fuego, quienes impidieron la marcha del bus, para luego subir e intimidar a los trabajadores deteni\u00e9ndolos y manteni\u00e9ndolos encerrados en la parte posterior veh\u00edculo.<\/p>\n\n\n\n<p><br>Los individuos dijeron a los trabajadores que \u201cest\u00e9n tranquilos, no es nada contra ustedes, esto es en contra de la forestal, no hagan uso de sus tel\u00e9fonos\u201d.<\/p>\n\n\n\n<p><br>En seguida, mediante intimidaci\u00f3n, obligan al conductor a tomar direcci\u00f3n hacia el sector Puente Chico de Bajo Malleco, hasta donde trasladan al veh\u00edculo con pasajeros, contra su voluntad.<\/p>\n\n\n\n<p><br>Una vez en el lugar, los desconocidos ordenaron a las v\u00edctimas bajarse del bus, para posteriormente rociarlo con l\u00edquido acelerante e incendiarlo, resultando completamente destruido por la acci\u00f3n del fuego.<\/p>\n\n\n\n<p><br>Posteriormente los sujetos abordan la camioneta de color rojo y huyen del lugar en direcci\u00f3n desconocida.<br>En el sitio del suceso se encontr\u00f3 una pancarta con la leyenda: \u201cLIBERTAD A LOS PPM DE ANGOL. TEMUCO. LEBU M. TORRES R. CALABRANO I. FRITZ C. TORRES P. MARILEO VUELVAN A NUESTROS PE\u00d1IS A SU TERRITORIO AMULEPE TAIN WUYCHAN\u201d.<\/p>\n","protected":false},"excerpt":{"rendered":"<div class=\"pvc_clear\"><\/div>\n<p id=\"pvc_stats_43341\" class=\"pvc_stats total_only  \" data-element-id=\"43341\" style=\"\"><i class=\"pvc-stats-icon large\" aria-hidden=\"true\"><svg aria-hidden=\"true\" focusable=\"false\" data-prefix=\"far\" data-icon=\"chart-bar\" role=\"img\" xmlns=\"http:\/\/www.w3.org\/2000\/svg\" viewBox=\"0 0 512 512\" class=\"svg-inline--fa fa-chart-bar fa-w-16 fa-2x\"><path fill=\"currentColor\" d=\"M396.8 352h22.4c6.4 0 12.8-6.4 12.8-12.8V108.8c0-6.4-6.4-12.8-12.8-12.8h-22.4c-6.4 0-12.8 6.4-12.8 12.8v230.4c0 6.4 6.4 12.8 12.8 12.8zm-192 0h22.4c6.4 0 12.8-6.4 12.8-12.8V140.8c0-6.4-6.4-12.8-12.8-12.8h-22.4c-6.4 0-12.8 6.4-12.8 12.8v198.4c0 6.4 6.4 12.8 12.8 12.8zm96 0h22.4c6.4 0 12.8-6.4 12.8-12.8V204.8c0-6.4-6.4-12.8-12.8-12.8h-22.4c-6.4 0-12.8 6.4-12.8 12.8v134.4c0 6.4 6.4 12.8 12.8 12.8zM496 400H48V80c0-8.84-7.16-16-16-16H16C7.16 64 0 71.16 0 80v336c0 17.67 14.33 32 32 32h464c8.84 0 16-7.16 16-16v-16c0-8.84-7.16-16-16-16zm-387.2-48h22.4c6.4 0 12.8-6.4 12.8-12.8v-70.4c0-6.4-6.4-12.8-12.8-12.8h-22.4c-6.4 0-12.8 6.4-12.8 12.8v70.4c0 6.4 6.4 12.8 12.8 12.8z\" class=\"\"><\/path><\/svg><\/i> <img loading=\"lazy\" decoding=\"async\" width=\"16\" height=\"16\" alt=\"Loading\" src=\"https:\/\/temucotelevision.cl\/web\/wp-content\/plugins\/page-views-count\/ajax-loader-2x.gif\" border=0 \/><\/p>\n<div class=\"pvc_clear\"><\/div>\n<p>La Delegaci\u00f3n Presidencial Regional de La Araucan\u00eda present\u00f3 este martes una querella por el delito de secuestro, incendio y porte<\/p>\n","protected":false},"author":1,"featured_media":43342,"comment_status":"open","ping_status":"open","sticky":false,"template":"","format":"standard","meta":{"colormag_page_container_layout":"default_layout","colormag_page_sidebar_layout":"default_layout","footnotes":""},"categories":[15],"tags":[197,267,206,459,852],"class_list":["post-43341","post","type-post","status-publish","format-standard","has-post-thumbnail","hentry","category-la-araucania","tag-bus","tag-forestales","tag-gobierno","tag-querella","tag-trabajadores"],"a3_pvc":{"activated":true,"total_views":3793,"today_views":0},"_links":{"self":[{"href":"https:\/\/temucotelevision.cl\/web\/wp-json\/wp\/v2\/posts\/43341","targetHints":{"allow":["GET"]}}],"collection":[{"href":"https:\/\/temucotelevision.cl\/web\/wp-json\/wp\/v2\/posts"}],"about":[{"href":"https:\/\/temucotelevision.cl\/web\/wp-json\/wp\/v2\/types\/post"}],"author":[{"embeddable":true,"href":"https:\/\/temucotelevision.cl\/web\/wp-json\/wp\/v2\/users\/1"}],"replies":[{"embeddable":true,"href":"https:\/\/temucotelevision.cl\/web\/wp-json\/wp\/v2\/comments?post=43341"}],"version-history":[{"count":1,"href":"https:\/\/temucotelevision.cl\/web\/wp-json\/wp\/v2\/posts\/43341\/revisions"}],"predecessor-version":[{"id":43343,"href":"https:\/\/temucotelevision.cl\/web\/wp-json\/wp\/v2\/posts\/43341\/revisions\/43343"}],"wp:featuredmedia":[{"embeddable":true,"href":"https:\/\/temucotelevision.cl\/web\/wp-json\/wp\/v2\/media\/43342"}],"wp:attachment":[{"href":"https:\/\/temucotelevision.cl\/web\/wp-json\/wp\/v2\/media?parent=43341"}],"wp:term":[{"taxonomy":"category","embeddable":true,"href":"https:\/\/temucotelevision.cl\/web\/wp-json\/wp\/v2\/categories?post=43341"},{"taxonomy":"post_tag","embeddable":true,"href":"https:\/\/temucotelevision.cl\/web\/wp-json\/wp\/v2\/tags?post=43341"}],"curies":[{"name":"wp","href":"https:\/\/api.w.org\/{rel}","templated":true}]}}