{"id":43336,"date":"2023-07-26T15:51:05","date_gmt":"2023-07-26T18:51:05","guid":{"rendered":"https:\/\/temucotelevision.cl\/web\/?p=43336"},"modified":"2023-07-27T22:31:11","modified_gmt":"2023-07-28T01:31:11","slug":"cartelera-bar-de-rene-semana-del-26-al-29-de-julio","status":"publish","type":"post","link":"https:\/\/temucotelevision.cl\/web\/2023\/07\/26\/cartelera-bar-de-rene-semana-del-26-al-29-de-julio\/","title":{"rendered":"Cartelera Bar de Ren\u00e9: Semana del 26 al 29 de julio"},"content":{"rendered":"<div class=\"pvc_clear\"><\/div><p id=\"pvc_stats_43336\" class=\"pvc_stats total_only  \" data-element-id=\"43336\" style=\"\"><i class=\"pvc-stats-icon large\" aria-hidden=\"true\"><svg aria-hidden=\"true\" focusable=\"false\" data-prefix=\"far\" data-icon=\"chart-bar\" role=\"img\" xmlns=\"http:\/\/www.w3.org\/2000\/svg\" viewBox=\"0 0 512 512\" class=\"svg-inline--fa fa-chart-bar fa-w-16 fa-2x\"><path fill=\"currentColor\" d=\"M396.8 352h22.4c6.4 0 12.8-6.4 12.8-12.8V108.8c0-6.4-6.4-12.8-12.8-12.8h-22.4c-6.4 0-12.8 6.4-12.8 12.8v230.4c0 6.4 6.4 12.8 12.8 12.8zm-192 0h22.4c6.4 0 12.8-6.4 12.8-12.8V140.8c0-6.4-6.4-12.8-12.8-12.8h-22.4c-6.4 0-12.8 6.4-12.8 12.8v198.4c0 6.4 6.4 12.8 12.8 12.8zm96 0h22.4c6.4 0 12.8-6.4 12.8-12.8V204.8c0-6.4-6.4-12.8-12.8-12.8h-22.4c-6.4 0-12.8 6.4-12.8 12.8v134.4c0 6.4 6.4 12.8 12.8 12.8zM496 400H48V80c0-8.84-7.16-16-16-16H16C7.16 64 0 71.16 0 80v336c0 17.67 14.33 32 32 32h464c8.84 0 16-7.16 16-16v-16c0-8.84-7.16-16-16-16zm-387.2-48h22.4c6.4 0 12.8-6.4 12.8-12.8v-70.4c0-6.4-6.4-12.8-12.8-12.8h-22.4c-6.4 0-12.8 6.4-12.8 12.8v70.4c0 6.4 6.4 12.8 12.8 12.8z\" class=\"\"><\/path><\/svg><\/i> <img loading=\"lazy\" decoding=\"async\" width=\"16\" height=\"16\" alt=\"Loading\" src=\"https:\/\/temucotelevision.cl\/web\/wp-content\/plugins\/page-views-count\/ajax-loader-2x.gif\" border=0 \/><\/p><div class=\"pvc_clear\"><\/div>\n<p>Bar De Ren\u00e9 el centro neur\u00e1lgico de la m\u00fasica independiente, presenta esta semana su cartelera de shows en vivo, proponiendo entretenidos panoramas en estos d\u00edas de invierno.<\/p>\n\n\n\n<p><strong>Mi\u00e9rcoles 26 de julio &#8211; Escenario el\u00e9ctrico 21:30 hrs<\/strong><\/p>\n\n\n\n<p>Parte esta semana con un concierto doble, dos bandas de estilos distintos, pero que se fusionan bastante bien en sus shows en vivo.&nbsp;Los encargados de abrir este concierto son los&nbsp;<strong>&#8220;Mitimitis&#8221;<\/strong>, banda oriunda de Santiago y que cultiva el indie pop, se formaron el 2018 y est\u00e1 integrada por Manuela y Daniel, m\u00e1s conocidos como Mani y Dani, dos j\u00f3venes que han dedicado sus \u00faltimos dos a\u00f1os de vida a crear m\u00fasica. Dentro de su discograf\u00eda destaca el larga duraci\u00f3n titulado&nbsp;<strong>&#8220;Terror En El Autocine&#8221;<\/strong>&nbsp;del que interpretar\u00e1n gran parte de sus canciones.&nbsp;<\/p>\n\n\n\n<p>La vuelta de &#8220;<strong>Los Estadios Vac\u00edos&#8221;<\/strong>&nbsp;a los escenarios es una gran raz\u00f3n para no perderte este super cruce musical de d\u00eda mi\u00e9rcoles en la noche. La banda intenta mezclar en sus canciones el hardcore punk, krautrock y el gospel, una apuesta bastante arriesgada, pero que llega a puerto finalmente. Debutaron el a\u00f1o 2018 con su primer EP&nbsp;<strong>&#8220;Adi\u00f3s Bugambi&#8221;<\/strong>, un exitoso puntapi\u00e9 inicial para una carrera auspiciosa, que se&nbsp;estanc\u00f3 en alg\u00fan momento, pero que hoy vuelve con fuerza y nueva formaci\u00f3n.&nbsp;<strong>Entradas v\u00eda Eventrid.<\/strong><\/p>\n\n\n\n<figure class=\"wp-block-image alignleft size-large is-resized\"><img loading=\"lazy\" decoding=\"async\" src=\"https:\/\/temucotelevision.cl\/web\/wp-content\/uploads\/2023\/07\/image-9-819x1024.png\" alt=\"\" class=\"wp-image-43338\" width=\"482\" height=\"603\" srcset=\"https:\/\/temucotelevision.cl\/web\/wp-content\/uploads\/2023\/07\/image-9-819x1024.png 819w, https:\/\/temucotelevision.cl\/web\/wp-content\/uploads\/2023\/07\/image-9-768x960.png 768w, https:\/\/temucotelevision.cl\/web\/wp-content\/uploads\/2023\/07\/image-9.png 1080w\" sizes=\"auto, (max-width: 482px) 100vw, 482px\" \/><\/figure>\n\n\n\n<p><strong>Jueves 27 de julio&nbsp;<\/strong>&#8211; <strong>Escenario el\u00e9ctrico 21:30 hrs <\/strong><\/p>\n\n\n\n<p>Este d\u00eda jueves es el turno de&nbsp;<strong>MKRNI (o tambi\u00e9n Makaroni)<\/strong>&nbsp;tr\u00edo de pop que naci\u00f3 el a\u00f1o 2008, cuando se unieron tres m\u00fasicos que estaban en pausa en sus respectivos proyectos, generando un estilo forjado principalmente en las fiestas y pistas de baile. Cuentan con cinco producciones y varios sencillos, entre los que sobresalen los discos&nbsp;<strong>&#8220;Canciones&#8221; del 2014 e &#8220;Hiperrealidad&#8221; del 2017<\/strong>, su m\u00fasica les ha conseguido un importante p\u00fablico y los ha llevado a importantes escenarios como&nbsp;<strong>Lollapalooza<\/strong>.<\/p>\n\n\n\n<p>Quienes comparten escenario con&nbsp;<strong>MKRNI<\/strong>&nbsp;en esta oportunidad son la banda&nbsp;<strong>&#8220;Sombra&#8221;<\/strong>&nbsp;proyecto musical que une a&nbsp;<strong>Jani Due\u00f1as y Cristobal Carvajal,<\/strong>&nbsp;quienes comenzaron a gestar su primer EP durante la pandemia, sonidos electr\u00f3nicos con elementos org\u00e1nicos y una est\u00e9tica bien oscura. Su canci\u00f3n debut&nbsp;<strong>&#8220;El baile de los muertos&#8221;,<\/strong>&nbsp;grafica muy bien lo que quieren transmitir con su m\u00fasica, con influencias que van desde Depeche Mode, Massive Attack, Radiohead y Portishead entre los m\u00e1s importantes.&nbsp;<strong>Entradas v\u00eda Passline.<\/strong><\/p>\n\n\n\n<p><strong>Viernes 28 de julio &#8211; Escenario el\u00e9ctrico 21:30 hrs<\/strong><\/p>\n\n\n\n<p>Se levanta el tel\u00f3n para una fecha colaborativa entre distintos movimientos musicales.&nbsp;<strong>&#8220;Romansito&#8221;<\/strong>&nbsp;viene a presentar su \u00faltima producci\u00f3n titulada&nbsp;<strong>&#8220;14&#8221;<\/strong>&nbsp;en alusi\u00f3n al 14 de febrero, son 13 canciones ligadas al estilo urbano, con letras rom\u00e1nticas y callejeras, algo inusual para lo acostumbrado el escenario el\u00e9ctrico de Bar de Ren\u00e9.<\/p>\n\n\n\n<p>La agrupaci\u00f3n con la que comparten escenario en esta oportunidad es&nbsp;<strong>&#8220;Capricho&#8221;<\/strong>, los m\u00fasicos anunciaron que tocar\u00e1n \u00edntegramente su primer disco&nbsp;<strong>&#8220;Displacer&#8221;<\/strong>&nbsp;en conjunto con invitados sorpresa para una velada distinta.<strong>&nbsp;Entradas v\u00eda Eventrid.<\/strong><\/p>\n\n\n\n<p><strong>S\u00e1bado 29 de Julio &#8211; Escenario el\u00e9ctrico 21:30 hrs&nbsp;<\/strong><\/p>\n\n\n\n<p>Finaliza esta semana con<strong>&nbsp;&#8220;Ermita\u00f1o&#8221;,<\/strong>&nbsp;la agrupaci\u00f3n chilena nace en el 2004 como una banda de baladas rock, la cual transita por la psicodelia, la m\u00fasica alternativa y rock latinoamericano. Sus producciones abordan las letras de permanente cuestionamiento al mundo, de hecho su EP<strong>&nbsp;&#8220;La balada de la muerte&#8221;&nbsp;<\/strong>del 2021 nace inspirado en el estallido social del 2019. El quinteto est\u00e1 conformado por&nbsp;<strong>Alejandro Ram\u00edrez (guitarra), Carlos Mej\u00edas (guitarra), Fernando Court (voz), Crist\u00f3bal Fa\u00fandez (bater\u00eda) y Crist\u00f3bal Kuskinen (bajo)<\/strong>&nbsp;quienes presentan canciones que invitan a reflexionar frente a lo que vivimos a nivel social, econ\u00f3mico y pol\u00edtico en estos \u00faltimos a\u00f1os.<\/p>\n\n\n\n<p>Esta jornada de<strong>&nbsp;rock chileno &#8211; argentino<\/strong>&nbsp;finaliza con la participaci\u00f3n de&nbsp;<strong>&#8220;Sue\u00f1o Inmoral&#8221;,<\/strong>&nbsp;banda oriunda de Mendoza que viene a presentar en vivo el disco&nbsp;<strong>&#8220;Deja Vu&#8221;<\/strong>, en el marco de su gira promocional que ha incluido varios conciertos principalmente en Buenos Aires y Santiago.&nbsp;<strong>Entradas v\u00eda Passline.<br><br>*Las entradas se gestionan directo con cada banda o artista a traves de sus redes sociales.<\/strong><\/p>\n\n\n\n<p class=\"has-text-align-center has-medium-font-size\"><strong>Cartelera Semanal<\/strong><\/p>\n\n\n\n<p class=\"has-text-align-center\">Mi\u00e9rcoles 26 de julio &#8211; Escenario el\u00e9ctrico 21:30 hrs<br><strong>&#8220;Mitimitis&#8221;&nbsp;+ &#8220;Los Estadios Vac\u00edos&#8221;<\/strong><br>&nbsp;Entradas v\u00eda Eventrid<\/p>\n\n\n\n<p class=\"has-text-align-center\">Jueves 27 de julio&nbsp;<br>Escenario el\u00e9ctrico 21:30 hrs&nbsp;<br><strong>&#8220;MKRNI&#8221; + &#8220;Sombra&#8221;&nbsp;<\/strong><br>&nbsp;Entradas v\u00eda Passline&nbsp;<\/p>\n\n\n\n<p class=\"has-text-align-center\">Viernes 28 de julio<br>Escenario el\u00e9ctrico 21:30 hrs<br><strong>&#8220;Romansito&#8221; &nbsp;+ &#8220;Capricho&#8221;&nbsp;<\/strong><br>&nbsp;Entradas v\u00eda Eventrid&nbsp;<\/p>\n\n\n\n<p class=\"has-text-align-center\">S\u00e1bado 29 de Julio&nbsp;<br>Escenario el\u00e9ctrico 21:30 hrs&nbsp;<br><strong>&#8220;Ermita\u00f1o&#8221; &nbsp;+ &#8220;Sue\u00f1o Inmoral&#8221; (Argentina)&nbsp;<\/strong><br>&nbsp;Entradas v\u00eda Passline&nbsp;<\/p>\n\n\n\n<p><\/p>\n","protected":false},"excerpt":{"rendered":"<div class=\"pvc_clear\"><\/div>\n<p id=\"pvc_stats_43336\" class=\"pvc_stats total_only  \" data-element-id=\"43336\" style=\"\"><i class=\"pvc-stats-icon large\" aria-hidden=\"true\"><svg aria-hidden=\"true\" focusable=\"false\" data-prefix=\"far\" data-icon=\"chart-bar\" role=\"img\" xmlns=\"http:\/\/www.w3.org\/2000\/svg\" viewBox=\"0 0 512 512\" class=\"svg-inline--fa fa-chart-bar fa-w-16 fa-2x\"><path fill=\"currentColor\" d=\"M396.8 352h22.4c6.4 0 12.8-6.4 12.8-12.8V108.8c0-6.4-6.4-12.8-12.8-12.8h-22.4c-6.4 0-12.8 6.4-12.8 12.8v230.4c0 6.4 6.4 12.8 12.8 12.8zm-192 0h22.4c6.4 0 12.8-6.4 12.8-12.8V140.8c0-6.4-6.4-12.8-12.8-12.8h-22.4c-6.4 0-12.8 6.4-12.8 12.8v198.4c0 6.4 6.4 12.8 12.8 12.8zm96 0h22.4c6.4 0 12.8-6.4 12.8-12.8V204.8c0-6.4-6.4-12.8-12.8-12.8h-22.4c-6.4 0-12.8 6.4-12.8 12.8v134.4c0 6.4 6.4 12.8 12.8 12.8zM496 400H48V80c0-8.84-7.16-16-16-16H16C7.16 64 0 71.16 0 80v336c0 17.67 14.33 32 32 32h464c8.84 0 16-7.16 16-16v-16c0-8.84-7.16-16-16-16zm-387.2-48h22.4c6.4 0 12.8-6.4 12.8-12.8v-70.4c0-6.4-6.4-12.8-12.8-12.8h-22.4c-6.4 0-12.8 6.4-12.8 12.8v70.4c0 6.4 6.4 12.8 12.8 12.8z\" class=\"\"><\/path><\/svg><\/i> <img loading=\"lazy\" decoding=\"async\" width=\"16\" height=\"16\" alt=\"Loading\" src=\"https:\/\/temucotelevision.cl\/web\/wp-content\/plugins\/page-views-count\/ajax-loader-2x.gif\" border=0 \/><\/p>\n<div class=\"pvc_clear\"><\/div>\n<p>Bar De Ren\u00e9 el centro neur\u00e1lgico de la m\u00fasica independiente, presenta esta semana su cartelera de shows en vivo, proponiendo<\/p>\n","protected":false},"author":143,"featured_media":43339,"comment_status":"open","ping_status":"open","sticky":false,"template":"","format":"standard","meta":{"colormag_page_container_layout":"default_layout","colormag_page_sidebar_layout":"default_layout","footnotes":""},"categories":[369,86],"tags":[],"class_list":["post-43336","post","type-post","status-publish","format-standard","has-post-thumbnail","hentry","category-musica","category-panoramas"],"a3_pvc":{"activated":true,"total_views":485,"today_views":0},"_links":{"self":[{"href":"https:\/\/temucotelevision.cl\/web\/wp-json\/wp\/v2\/posts\/43336","targetHints":{"allow":["GET"]}}],"collection":[{"href":"https:\/\/temucotelevision.cl\/web\/wp-json\/wp\/v2\/posts"}],"about":[{"href":"https:\/\/temucotelevision.cl\/web\/wp-json\/wp\/v2\/types\/post"}],"author":[{"embeddable":true,"href":"https:\/\/temucotelevision.cl\/web\/wp-json\/wp\/v2\/users\/143"}],"replies":[{"embeddable":true,"href":"https:\/\/temucotelevision.cl\/web\/wp-json\/wp\/v2\/comments?post=43336"}],"version-history":[{"count":2,"href":"https:\/\/temucotelevision.cl\/web\/wp-json\/wp\/v2\/posts\/43336\/revisions"}],"predecessor-version":[{"id":43374,"href":"https:\/\/temucotelevision.cl\/web\/wp-json\/wp\/v2\/posts\/43336\/revisions\/43374"}],"wp:featuredmedia":[{"embeddable":true,"href":"https:\/\/temucotelevision.cl\/web\/wp-json\/wp\/v2\/media\/43339"}],"wp:attachment":[{"href":"https:\/\/temucotelevision.cl\/web\/wp-json\/wp\/v2\/media?parent=43336"}],"wp:term":[{"taxonomy":"category","embeddable":true,"href":"https:\/\/temucotelevision.cl\/web\/wp-json\/wp\/v2\/categories?post=43336"},{"taxonomy":"post_tag","embeddable":true,"href":"https:\/\/temucotelevision.cl\/web\/wp-json\/wp\/v2\/tags?post=43336"}],"curies":[{"name":"wp","href":"https:\/\/api.w.org\/{rel}","templated":true}]}}