{"id":43334,"date":"2023-07-26T13:56:35","date_gmt":"2023-07-26T16:56:35","guid":{"rendered":"https:\/\/temucotelevision.cl\/web\/?p=43334"},"modified":"2023-07-26T21:25:01","modified_gmt":"2023-07-27T00:25:01","slug":"fiscalia-consigue-condena-contra-sujeto-por-violar-a-joven-con-discapacidad-mental","status":"publish","type":"post","link":"https:\/\/temucotelevision.cl\/web\/2023\/07\/26\/fiscalia-consigue-condena-contra-sujeto-por-violar-a-joven-con-discapacidad-mental\/","title":{"rendered":"Fiscal\u00eda consigue condena contra sujeto por violar a joven con discapacidad mental"},"content":{"rendered":"<div class=\"pvc_clear\"><\/div><p id=\"pvc_stats_43334\" class=\"pvc_stats total_only  \" data-element-id=\"43334\" style=\"\"><i class=\"pvc-stats-icon large\" aria-hidden=\"true\"><svg aria-hidden=\"true\" focusable=\"false\" data-prefix=\"far\" data-icon=\"chart-bar\" role=\"img\" xmlns=\"http:\/\/www.w3.org\/2000\/svg\" viewBox=\"0 0 512 512\" class=\"svg-inline--fa fa-chart-bar fa-w-16 fa-2x\"><path fill=\"currentColor\" d=\"M396.8 352h22.4c6.4 0 12.8-6.4 12.8-12.8V108.8c0-6.4-6.4-12.8-12.8-12.8h-22.4c-6.4 0-12.8 6.4-12.8 12.8v230.4c0 6.4 6.4 12.8 12.8 12.8zm-192 0h22.4c6.4 0 12.8-6.4 12.8-12.8V140.8c0-6.4-6.4-12.8-12.8-12.8h-22.4c-6.4 0-12.8 6.4-12.8 12.8v198.4c0 6.4 6.4 12.8 12.8 12.8zm96 0h22.4c6.4 0 12.8-6.4 12.8-12.8V204.8c0-6.4-6.4-12.8-12.8-12.8h-22.4c-6.4 0-12.8 6.4-12.8 12.8v134.4c0 6.4 6.4 12.8 12.8 12.8zM496 400H48V80c0-8.84-7.16-16-16-16H16C7.16 64 0 71.16 0 80v336c0 17.67 14.33 32 32 32h464c8.84 0 16-7.16 16-16v-16c0-8.84-7.16-16-16-16zm-387.2-48h22.4c6.4 0 12.8-6.4 12.8-12.8v-70.4c0-6.4-6.4-12.8-12.8-12.8h-22.4c-6.4 0-12.8 6.4-12.8 12.8v70.4c0 6.4 6.4 12.8 12.8 12.8z\" class=\"\"><\/path><\/svg><\/i> <img loading=\"lazy\" decoding=\"async\" width=\"16\" height=\"16\" alt=\"Loading\" src=\"https:\/\/temucotelevision.cl\/web\/wp-content\/plugins\/page-views-count\/ajax-loader-2x.gif\" border=0 \/><\/p><div class=\"pvc_clear\"><\/div>\n<p>La v\u00edctima, quien posee una edad mental de una ni\u00f1a de preescolar, qued\u00f3 embarazada tras la agresi\u00f3n sexual.<\/p>\n\n\n\n<p>El Tribunal Oral en lo Penal de Temuco impuso una pena de 7 a\u00f1os de presidio efectivo contra un sujeto condenado por violar a una joven que posee una discapacidad mental, en marzo del 2022 en la comuna de Curacaut\u00edn.<\/p>\n\n\n\n<p>En el juicio la Fiscal\u00eda acredit\u00f3 que el hombre, identificado como Juan Carlos Herrera Campos (49), cometi\u00f3 el delito de violaci\u00f3n contra la joven, quien ten\u00eda 23 a\u00f1os a la \u00e9poca de los hechos, luego de trasladarla hasta un sector rural, consecuencia a lo cual qued\u00f3 embarazada despu\u00e9s de lo ocurrido.<\/p>\n\n\n\n<p>El fiscal jefe de Curacaut\u00edn, Iv\u00e1n Isla, expres\u00f3 que los hechos se dieron establecidos ante el tribunal \u201cconforme a las pruebas aportadas por Fiscal\u00eda, que consistieron b\u00e1sicamente en aporte periciales de ADN con las psiqui\u00e1tricas, que el acusado viol\u00f3 a esta joven, quien padece de un retardo mental grave.\u201d<\/p>\n\n\n\n<p>De acuerdo a las pericias realizadas, la v\u00edctima posee una edad mental de una ni\u00f1a de preescolar, por lo que depende de terceros para todas las actividades cotidianas.<\/p>\n\n\n\n<p>En el juicio la madre de la v\u00edctima declar\u00f3 que el condenado, aprovech\u00e1ndose de su confianza, le pidi\u00f3 permiso para que su hija le acompa\u00f1ara a colocar unos cables a una casa de campo, a lo cual accedi\u00f3. A su regreso, not\u00f3 un cambio de actitud en la joven, por lo que decidi\u00f3 realizarle un test de embarazo que dio positivo.<\/p>\n","protected":false},"excerpt":{"rendered":"<div class=\"pvc_clear\"><\/div>\n<p id=\"pvc_stats_43334\" class=\"pvc_stats total_only  \" data-element-id=\"43334\" style=\"\"><i class=\"pvc-stats-icon large\" aria-hidden=\"true\"><svg aria-hidden=\"true\" focusable=\"false\" data-prefix=\"far\" data-icon=\"chart-bar\" role=\"img\" xmlns=\"http:\/\/www.w3.org\/2000\/svg\" viewBox=\"0 0 512 512\" class=\"svg-inline--fa fa-chart-bar fa-w-16 fa-2x\"><path fill=\"currentColor\" d=\"M396.8 352h22.4c6.4 0 12.8-6.4 12.8-12.8V108.8c0-6.4-6.4-12.8-12.8-12.8h-22.4c-6.4 0-12.8 6.4-12.8 12.8v230.4c0 6.4 6.4 12.8 12.8 12.8zm-192 0h22.4c6.4 0 12.8-6.4 12.8-12.8V140.8c0-6.4-6.4-12.8-12.8-12.8h-22.4c-6.4 0-12.8 6.4-12.8 12.8v198.4c0 6.4 6.4 12.8 12.8 12.8zm96 0h22.4c6.4 0 12.8-6.4 12.8-12.8V204.8c0-6.4-6.4-12.8-12.8-12.8h-22.4c-6.4 0-12.8 6.4-12.8 12.8v134.4c0 6.4 6.4 12.8 12.8 12.8zM496 400H48V80c0-8.84-7.16-16-16-16H16C7.16 64 0 71.16 0 80v336c0 17.67 14.33 32 32 32h464c8.84 0 16-7.16 16-16v-16c0-8.84-7.16-16-16-16zm-387.2-48h22.4c6.4 0 12.8-6.4 12.8-12.8v-70.4c0-6.4-6.4-12.8-12.8-12.8h-22.4c-6.4 0-12.8 6.4-12.8 12.8v70.4c0 6.4 6.4 12.8 12.8 12.8z\" class=\"\"><\/path><\/svg><\/i> <img loading=\"lazy\" decoding=\"async\" width=\"16\" height=\"16\" alt=\"Loading\" src=\"https:\/\/temucotelevision.cl\/web\/wp-content\/plugins\/page-views-count\/ajax-loader-2x.gif\" border=0 \/><\/p>\n<div class=\"pvc_clear\"><\/div>\n<p>La v\u00edctima, quien posee una edad mental de una ni\u00f1a de preescolar, qued\u00f3 embarazada tras la agresi\u00f3n sexual. El Tribunal<\/p>\n","protected":false},"author":1,"featured_media":17199,"comment_status":"open","ping_status":"open","sticky":false,"template":"","format":"standard","meta":{"colormag_page_container_layout":"default_layout","colormag_page_sidebar_layout":"default_layout","footnotes":""},"categories":[15],"tags":[219,1131,448,191,338,189],"class_list":["post-43334","post","type-post","status-publish","format-standard","has-post-thumbnail","hentry","category-la-araucania","tag-condena","tag-discapacidad","tag-fiscalia","tag-joven","tag-sujeto","tag-violacion"],"a3_pvc":{"activated":true,"total_views":1909,"today_views":0},"_links":{"self":[{"href":"https:\/\/temucotelevision.cl\/web\/wp-json\/wp\/v2\/posts\/43334","targetHints":{"allow":["GET"]}}],"collection":[{"href":"https:\/\/temucotelevision.cl\/web\/wp-json\/wp\/v2\/posts"}],"about":[{"href":"https:\/\/temucotelevision.cl\/web\/wp-json\/wp\/v2\/types\/post"}],"author":[{"embeddable":true,"href":"https:\/\/temucotelevision.cl\/web\/wp-json\/wp\/v2\/users\/1"}],"replies":[{"embeddable":true,"href":"https:\/\/temucotelevision.cl\/web\/wp-json\/wp\/v2\/comments?post=43334"}],"version-history":[{"count":1,"href":"https:\/\/temucotelevision.cl\/web\/wp-json\/wp\/v2\/posts\/43334\/revisions"}],"predecessor-version":[{"id":43335,"href":"https:\/\/temucotelevision.cl\/web\/wp-json\/wp\/v2\/posts\/43334\/revisions\/43335"}],"wp:featuredmedia":[{"embeddable":true,"href":"https:\/\/temucotelevision.cl\/web\/wp-json\/wp\/v2\/media\/17199"}],"wp:attachment":[{"href":"https:\/\/temucotelevision.cl\/web\/wp-json\/wp\/v2\/media?parent=43334"}],"wp:term":[{"taxonomy":"category","embeddable":true,"href":"https:\/\/temucotelevision.cl\/web\/wp-json\/wp\/v2\/categories?post=43334"},{"taxonomy":"post_tag","embeddable":true,"href":"https:\/\/temucotelevision.cl\/web\/wp-json\/wp\/v2\/tags?post=43334"}],"curies":[{"name":"wp","href":"https:\/\/api.w.org\/{rel}","templated":true}]}}