{"id":43332,"date":"2023-07-26T13:36:18","date_gmt":"2023-07-26T16:36:18","guid":{"rendered":"https:\/\/temucotelevision.cl\/web\/?p=43332"},"modified":"2023-07-26T13:36:19","modified_gmt":"2023-07-26T16:36:19","slug":"diputado-jorge-rathgeb-oficia-al-serviu-por-retraso-en-construccion-de-viviendas-adjudicadas-por-subsidios-rurales","status":"publish","type":"post","link":"https:\/\/temucotelevision.cl\/web\/2023\/07\/26\/diputado-jorge-rathgeb-oficia-al-serviu-por-retraso-en-construccion-de-viviendas-adjudicadas-por-subsidios-rurales\/","title":{"rendered":"Diputado Jorge Rathgeb oficia al Serviu por retraso en construcci\u00f3n de viviendas adjudicadas por subsidios rurales"},"content":{"rendered":"<div class=\"pvc_clear\"><\/div><p id=\"pvc_stats_43332\" class=\"pvc_stats total_only  \" data-element-id=\"43332\" style=\"\"><i class=\"pvc-stats-icon large\" aria-hidden=\"true\"><svg aria-hidden=\"true\" focusable=\"false\" data-prefix=\"far\" data-icon=\"chart-bar\" role=\"img\" xmlns=\"http:\/\/www.w3.org\/2000\/svg\" viewBox=\"0 0 512 512\" class=\"svg-inline--fa fa-chart-bar fa-w-16 fa-2x\"><path fill=\"currentColor\" d=\"M396.8 352h22.4c6.4 0 12.8-6.4 12.8-12.8V108.8c0-6.4-6.4-12.8-12.8-12.8h-22.4c-6.4 0-12.8 6.4-12.8 12.8v230.4c0 6.4 6.4 12.8 12.8 12.8zm-192 0h22.4c6.4 0 12.8-6.4 12.8-12.8V140.8c0-6.4-6.4-12.8-12.8-12.8h-22.4c-6.4 0-12.8 6.4-12.8 12.8v198.4c0 6.4 6.4 12.8 12.8 12.8zm96 0h22.4c6.4 0 12.8-6.4 12.8-12.8V204.8c0-6.4-6.4-12.8-12.8-12.8h-22.4c-6.4 0-12.8 6.4-12.8 12.8v134.4c0 6.4 6.4 12.8 12.8 12.8zM496 400H48V80c0-8.84-7.16-16-16-16H16C7.16 64 0 71.16 0 80v336c0 17.67 14.33 32 32 32h464c8.84 0 16-7.16 16-16v-16c0-8.84-7.16-16-16-16zm-387.2-48h22.4c6.4 0 12.8-6.4 12.8-12.8v-70.4c0-6.4-6.4-12.8-12.8-12.8h-22.4c-6.4 0-12.8 6.4-12.8 12.8v70.4c0 6.4 6.4 12.8 12.8 12.8z\" class=\"\"><\/path><\/svg><\/i> <img loading=\"lazy\" decoding=\"async\" width=\"16\" height=\"16\" alt=\"Loading\" src=\"https:\/\/temucotelevision.cl\/web\/wp-content\/plugins\/page-views-count\/ajax-loader-2x.gif\" border=0 \/><\/p><div class=\"pvc_clear\"><\/div>\n<p><strong>El legislador indic\u00f3 que hay personas que por m\u00e1s de tres a\u00f1os han esperado la ejecuci\u00f3n de obras, las que no se han realizado en parte debido al clima de inseguridad que se vive en La Araucan\u00eda y donde las constructoras evitan postular a proyectos.<\/strong><\/p>\n\n\n\n<p>El sue\u00f1o de la casa propia para algunas familias ha quedado solo en el papel, debiendo esperar a\u00f1os para tener su vivienda sobre todo en sectores rurales de La Araucan\u00eda.<\/p>\n\n\n\n<p>El diputado de Renovaci\u00f3n Nacional y presidente regional de la colectividad, Jorge Rathgeb, ofici\u00f3 al Serviu, para que se informen los pasos a seguir, considerando que muchos vecinos se mantienen a la espera de la ejecuci\u00f3n de obras, las cuales no se han realizado.<\/p>\n\n\n\n<p>La inseguridad que se vive actualmente en sectores apartados del radio urbano ha provocado que las empresas no quieran postular a proyectos, lo cual ha provocado demoras que incluso llegan a los tres a\u00f1os.<\/p>\n\n\n\n<p>El diputado Rathgeb, espera que el Serviu de a conocer la hoja de ruta que se aplicar\u00e1, considerando que esto se traduce en la actualidad en que las personas est\u00e1n recibiendo un papel, pero que en la pr\u00e1ctica y de momento no queda en nada.<\/p>\n\n\n\n<p>\u201cNecesitamos saber cuales son las diligencias que van a realizar para efecto de poder concretar la construcci\u00f3n o la aplicaci\u00f3n de los subsidios rurales, ya que muchos de elloss ya van casi 3 a\u00f1os de que se otorgaron y no se han aplicado o se han realizado la construcci\u00f3n de parte de las empresas, lo que genera problemas en los vecinos que viven en estos sectores y que fueron beneficiadas de estos subsidios en los que no se han edificado estas viviendas\u201d, se\u00f1al\u00f3 Rathgeb.<\/p>\n\n\n\n<p><\/p>\n","protected":false},"excerpt":{"rendered":"<div class=\"pvc_clear\"><\/div>\n<p id=\"pvc_stats_43332\" class=\"pvc_stats total_only  \" data-element-id=\"43332\" style=\"\"><i class=\"pvc-stats-icon large\" aria-hidden=\"true\"><svg aria-hidden=\"true\" focusable=\"false\" data-prefix=\"far\" data-icon=\"chart-bar\" role=\"img\" xmlns=\"http:\/\/www.w3.org\/2000\/svg\" viewBox=\"0 0 512 512\" class=\"svg-inline--fa fa-chart-bar fa-w-16 fa-2x\"><path fill=\"currentColor\" d=\"M396.8 352h22.4c6.4 0 12.8-6.4 12.8-12.8V108.8c0-6.4-6.4-12.8-12.8-12.8h-22.4c-6.4 0-12.8 6.4-12.8 12.8v230.4c0 6.4 6.4 12.8 12.8 12.8zm-192 0h22.4c6.4 0 12.8-6.4 12.8-12.8V140.8c0-6.4-6.4-12.8-12.8-12.8h-22.4c-6.4 0-12.8 6.4-12.8 12.8v198.4c0 6.4 6.4 12.8 12.8 12.8zm96 0h22.4c6.4 0 12.8-6.4 12.8-12.8V204.8c0-6.4-6.4-12.8-12.8-12.8h-22.4c-6.4 0-12.8 6.4-12.8 12.8v134.4c0 6.4 6.4 12.8 12.8 12.8zM496 400H48V80c0-8.84-7.16-16-16-16H16C7.16 64 0 71.16 0 80v336c0 17.67 14.33 32 32 32h464c8.84 0 16-7.16 16-16v-16c0-8.84-7.16-16-16-16zm-387.2-48h22.4c6.4 0 12.8-6.4 12.8-12.8v-70.4c0-6.4-6.4-12.8-12.8-12.8h-22.4c-6.4 0-12.8 6.4-12.8 12.8v70.4c0 6.4 6.4 12.8 12.8 12.8z\" class=\"\"><\/path><\/svg><\/i> <img loading=\"lazy\" decoding=\"async\" width=\"16\" height=\"16\" alt=\"Loading\" src=\"https:\/\/temucotelevision.cl\/web\/wp-content\/plugins\/page-views-count\/ajax-loader-2x.gif\" border=0 \/><\/p>\n<div class=\"pvc_clear\"><\/div>\n<p>El legislador indic\u00f3 que hay personas que por m\u00e1s de tres a\u00f1os han esperado la ejecuci\u00f3n de obras, las que<\/p>\n","protected":false},"author":1,"featured_media":7849,"comment_status":"open","ping_status":"open","sticky":false,"template":"","format":"standard","meta":{"colormag_page_container_layout":"default_layout","colormag_page_sidebar_layout":"default_layout","footnotes":""},"categories":[84],"tags":[1160,154,2093,336,355],"class_list":["post-43332","post","type-post","status-publish","format-standard","has-post-thumbnail","hentry","category-politica","tag-construccion","tag-diputado","tag-jorge-rathgeb","tag-serviu","tag-viviendas"],"a3_pvc":{"activated":true,"total_views":99,"today_views":0},"_links":{"self":[{"href":"https:\/\/temucotelevision.cl\/web\/wp-json\/wp\/v2\/posts\/43332","targetHints":{"allow":["GET"]}}],"collection":[{"href":"https:\/\/temucotelevision.cl\/web\/wp-json\/wp\/v2\/posts"}],"about":[{"href":"https:\/\/temucotelevision.cl\/web\/wp-json\/wp\/v2\/types\/post"}],"author":[{"embeddable":true,"href":"https:\/\/temucotelevision.cl\/web\/wp-json\/wp\/v2\/users\/1"}],"replies":[{"embeddable":true,"href":"https:\/\/temucotelevision.cl\/web\/wp-json\/wp\/v2\/comments?post=43332"}],"version-history":[{"count":1,"href":"https:\/\/temucotelevision.cl\/web\/wp-json\/wp\/v2\/posts\/43332\/revisions"}],"predecessor-version":[{"id":43333,"href":"https:\/\/temucotelevision.cl\/web\/wp-json\/wp\/v2\/posts\/43332\/revisions\/43333"}],"wp:featuredmedia":[{"embeddable":true,"href":"https:\/\/temucotelevision.cl\/web\/wp-json\/wp\/v2\/media\/7849"}],"wp:attachment":[{"href":"https:\/\/temucotelevision.cl\/web\/wp-json\/wp\/v2\/media?parent=43332"}],"wp:term":[{"taxonomy":"category","embeddable":true,"href":"https:\/\/temucotelevision.cl\/web\/wp-json\/wp\/v2\/categories?post=43332"},{"taxonomy":"post_tag","embeddable":true,"href":"https:\/\/temucotelevision.cl\/web\/wp-json\/wp\/v2\/tags?post=43332"}],"curies":[{"name":"wp","href":"https:\/\/api.w.org\/{rel}","templated":true}]}}