{"id":43329,"date":"2023-07-26T12:24:36","date_gmt":"2023-07-26T15:24:36","guid":{"rendered":"https:\/\/temucotelevision.cl\/web\/?p=43329"},"modified":"2023-07-27T22:32:37","modified_gmt":"2023-07-28T01:32:37","slug":"opinion-nuevo-proyecto-de-teletrabajo-entre-la-nada-y-la-cosa-ninguna","status":"publish","type":"post","link":"https:\/\/temucotelevision.cl\/web\/2023\/07\/26\/opinion-nuevo-proyecto-de-teletrabajo-entre-la-nada-y-la-cosa-ninguna\/","title":{"rendered":"Opini\u00f3n: Nuevo proyecto de Teletrabajo, entre la nada y la cosa ninguna"},"content":{"rendered":"<div class=\"pvc_clear\"><\/div><p id=\"pvc_stats_43329\" class=\"pvc_stats total_only  \" data-element-id=\"43329\" style=\"\"><i class=\"pvc-stats-icon large\" aria-hidden=\"true\"><svg aria-hidden=\"true\" focusable=\"false\" data-prefix=\"far\" data-icon=\"chart-bar\" role=\"img\" xmlns=\"http:\/\/www.w3.org\/2000\/svg\" viewBox=\"0 0 512 512\" class=\"svg-inline--fa fa-chart-bar fa-w-16 fa-2x\"><path fill=\"currentColor\" d=\"M396.8 352h22.4c6.4 0 12.8-6.4 12.8-12.8V108.8c0-6.4-6.4-12.8-12.8-12.8h-22.4c-6.4 0-12.8 6.4-12.8 12.8v230.4c0 6.4 6.4 12.8 12.8 12.8zm-192 0h22.4c6.4 0 12.8-6.4 12.8-12.8V140.8c0-6.4-6.4-12.8-12.8-12.8h-22.4c-6.4 0-12.8 6.4-12.8 12.8v198.4c0 6.4 6.4 12.8 12.8 12.8zm96 0h22.4c6.4 0 12.8-6.4 12.8-12.8V204.8c0-6.4-6.4-12.8-12.8-12.8h-22.4c-6.4 0-12.8 6.4-12.8 12.8v134.4c0 6.4 6.4 12.8 12.8 12.8zM496 400H48V80c0-8.84-7.16-16-16-16H16C7.16 64 0 71.16 0 80v336c0 17.67 14.33 32 32 32h464c8.84 0 16-7.16 16-16v-16c0-8.84-7.16-16-16-16zm-387.2-48h22.4c6.4 0 12.8-6.4 12.8-12.8v-70.4c0-6.4-6.4-12.8-12.8-12.8h-22.4c-6.4 0-12.8 6.4-12.8 12.8v70.4c0 6.4 6.4 12.8 12.8 12.8z\" class=\"\"><\/path><\/svg><\/i> <img loading=\"lazy\" decoding=\"async\" width=\"16\" height=\"16\" alt=\"Loading\" src=\"https:\/\/temucotelevision.cl\/web\/wp-content\/plugins\/page-views-count\/ajax-loader-2x.gif\" border=0 \/><\/p><div class=\"pvc_clear\"><\/div>\n<p>Se\u00f1or director:<\/p>\n\n\n\n<p>Respecto de la propuesta sobre conciliaci\u00f3n laboral que ingres\u00f3 el Gobierno al Senado, sobre teletrabajo para cuidadores, es conveniente advertir algunos aspectos para lograr certeza jur\u00eddica.<\/p>\n\n\n\n<p>Si bien el proyecto recoge la posibilidad de pactar teletrabajo y el uso de jornadas h\u00edbridas como un derecho laboral para quienes tienen un empleo y, adem\u00e1s, desarrollen tareas de cuidado no remunerado de ni\u00f1os menores de 12 a\u00f1os y personas con dependencia moderada o severa, la ley no asegura al trabajador instancias de teletrabajo a todo evento, en las que no pueda negarse el empleador bajo ning\u00fan efecto.<\/p>\n\n\n\n<p>Tal como se present\u00f3, solo queda sujeta a acuerdo de las partes y esa modalidad ya est\u00e1 contemplada en la legislaci\u00f3n actual. Falta que sea un derecho efectivo del trabajador y una obligaci\u00f3n del empleador. \u00bfD\u00f3nde est\u00e1 la coercitividad?.<\/p>\n\n\n\n<p>Tal como se ve es una regulaci\u00f3n m\u00e1s que impulsa el Gobierno desde la pandemia, pero no hay novedad en la normativa.&nbsp;<\/p>\n\n\n\n<p>El Gobierno sigue dando tareas a la Inspecci\u00f3n del Trabajo para que regule sus nuevas normas cero prometedoras para la poblaci\u00f3n chilena, sin darse cuenta de lo que est\u00e1 en su nariz. Esta entidad est\u00e1 100% colapsada, lo que no le asegura cumplimiento de la ley a los trabajadores.<\/p>\n\n\n\n<p>Adem\u00e1s, al d\u00eda de hoy para que sea un real cambio y se tenga certeza jur\u00eddica, la nueva ley de teletrabajo tendr\u00eda que especificar los rubros o funciones a los que se les asegurar\u00e1 este derecho. Tal como se hizo con el art 22 inc. 2, que aunque tiene sus falencias, al menos especific\u00f3 cu\u00e1les eran los rubros que pod\u00edan ser contratados bajo esa modalidad.<\/p>\n\n\n\n<p>Y, por otra parte, luego que sea una obligaci\u00f3n para ciertos rubros, puede dar al empleador la concesi\u00f3n de decidir si da teletrabajo o trabajo h\u00edbrido. Eso si podr\u00eda ser un avance en la ley que arroje concesiones rec\u00edprocas a ambas partes.<\/p>\n\n\n\n<div class=\"wp-block-media-text alignwide is-stacked-on-mobile\"><figure class=\"wp-block-media-text__media\"><img loading=\"lazy\" decoding=\"async\" width=\"1024\" height=\"916\" src=\"https:\/\/temucotelevision.cl\/web\/wp-content\/uploads\/2023\/07\/Foto-Abogada-laboral-Cristina-Melo-1-1024x916.jpeg\" alt=\"\" class=\"wp-image-43330 size-full\" srcset=\"https:\/\/temucotelevision.cl\/web\/wp-content\/uploads\/2023\/07\/Foto-Abogada-laboral-Cristina-Melo-1-1024x916.jpeg 1024w, https:\/\/temucotelevision.cl\/web\/wp-content\/uploads\/2023\/07\/Foto-Abogada-laboral-Cristina-Melo-1-768x687.jpeg 768w, https:\/\/temucotelevision.cl\/web\/wp-content\/uploads\/2023\/07\/Foto-Abogada-laboral-Cristina-Melo-1.jpeg 1188w\" sizes=\"auto, (max-width: 1024px) 100vw, 1024px\" \/><\/figure><div class=\"wp-block-media-text__content\">\n<p>Por todo lo anterior, en vez de robustecer fundaciones nuevas que crean talleres para pintar bancas, una buena idea ser\u00eda inyectar mayores recursos a la Inspecci\u00f3n del Trabajo para asegurarle a m\u00e1s de 4 millones de chilenos el cumplimiento efectivo de sus derechos laborales, porque una vez m\u00e1s estamos votando un proyecto que est\u00e1 entre la nada y la cosa ninguna.<\/p>\n<\/div><\/div>\n\n\n\n<p><strong>Cristina Melo<\/strong><\/p>\n\n\n\n<p>Abogada Laboral<\/p>\n\n\n\n<p>Fundadora Comunidad de Trabajadores Informados<\/p>\n","protected":false},"excerpt":{"rendered":"<div class=\"pvc_clear\"><\/div>\n<p id=\"pvc_stats_43329\" class=\"pvc_stats total_only  \" data-element-id=\"43329\" style=\"\"><i class=\"pvc-stats-icon large\" aria-hidden=\"true\"><svg aria-hidden=\"true\" focusable=\"false\" data-prefix=\"far\" data-icon=\"chart-bar\" role=\"img\" xmlns=\"http:\/\/www.w3.org\/2000\/svg\" viewBox=\"0 0 512 512\" class=\"svg-inline--fa fa-chart-bar fa-w-16 fa-2x\"><path fill=\"currentColor\" d=\"M396.8 352h22.4c6.4 0 12.8-6.4 12.8-12.8V108.8c0-6.4-6.4-12.8-12.8-12.8h-22.4c-6.4 0-12.8 6.4-12.8 12.8v230.4c0 6.4 6.4 12.8 12.8 12.8zm-192 0h22.4c6.4 0 12.8-6.4 12.8-12.8V140.8c0-6.4-6.4-12.8-12.8-12.8h-22.4c-6.4 0-12.8 6.4-12.8 12.8v198.4c0 6.4 6.4 12.8 12.8 12.8zm96 0h22.4c6.4 0 12.8-6.4 12.8-12.8V204.8c0-6.4-6.4-12.8-12.8-12.8h-22.4c-6.4 0-12.8 6.4-12.8 12.8v134.4c0 6.4 6.4 12.8 12.8 12.8zM496 400H48V80c0-8.84-7.16-16-16-16H16C7.16 64 0 71.16 0 80v336c0 17.67 14.33 32 32 32h464c8.84 0 16-7.16 16-16v-16c0-8.84-7.16-16-16-16zm-387.2-48h22.4c6.4 0 12.8-6.4 12.8-12.8v-70.4c0-6.4-6.4-12.8-12.8-12.8h-22.4c-6.4 0-12.8 6.4-12.8 12.8v70.4c0 6.4 6.4 12.8 12.8 12.8z\" class=\"\"><\/path><\/svg><\/i> <img loading=\"lazy\" decoding=\"async\" width=\"16\" height=\"16\" alt=\"Loading\" src=\"https:\/\/temucotelevision.cl\/web\/wp-content\/plugins\/page-views-count\/ajax-loader-2x.gif\" border=0 \/><\/p>\n<div class=\"pvc_clear\"><\/div>\n<p>Se\u00f1or director: Respecto de la propuesta sobre conciliaci\u00f3n laboral que ingres\u00f3 el Gobierno al Senado, sobre teletrabajo para cuidadores, es<\/p>\n","protected":false},"author":1,"featured_media":21262,"comment_status":"open","ping_status":"open","sticky":false,"template":"","format":"standard","meta":{"colormag_page_container_layout":"default_layout","colormag_page_sidebar_layout":"default_layout","footnotes":""},"categories":[14],"tags":[2575,155,2319],"class_list":["post-43329","post","type-post","status-publish","format-standard","has-post-thumbnail","hentry","category-temuco","tag-propuesta","tag-proyecto","tag-teletrabajo"],"a3_pvc":{"activated":true,"total_views":680,"today_views":0},"_links":{"self":[{"href":"https:\/\/temucotelevision.cl\/web\/wp-json\/wp\/v2\/posts\/43329","targetHints":{"allow":["GET"]}}],"collection":[{"href":"https:\/\/temucotelevision.cl\/web\/wp-json\/wp\/v2\/posts"}],"about":[{"href":"https:\/\/temucotelevision.cl\/web\/wp-json\/wp\/v2\/types\/post"}],"author":[{"embeddable":true,"href":"https:\/\/temucotelevision.cl\/web\/wp-json\/wp\/v2\/users\/1"}],"replies":[{"embeddable":true,"href":"https:\/\/temucotelevision.cl\/web\/wp-json\/wp\/v2\/comments?post=43329"}],"version-history":[{"count":1,"href":"https:\/\/temucotelevision.cl\/web\/wp-json\/wp\/v2\/posts\/43329\/revisions"}],"predecessor-version":[{"id":43331,"href":"https:\/\/temucotelevision.cl\/web\/wp-json\/wp\/v2\/posts\/43329\/revisions\/43331"}],"wp:featuredmedia":[{"embeddable":true,"href":"https:\/\/temucotelevision.cl\/web\/wp-json\/wp\/v2\/media\/21262"}],"wp:attachment":[{"href":"https:\/\/temucotelevision.cl\/web\/wp-json\/wp\/v2\/media?parent=43329"}],"wp:term":[{"taxonomy":"category","embeddable":true,"href":"https:\/\/temucotelevision.cl\/web\/wp-json\/wp\/v2\/categories?post=43329"},{"taxonomy":"post_tag","embeddable":true,"href":"https:\/\/temucotelevision.cl\/web\/wp-json\/wp\/v2\/tags?post=43329"}],"curies":[{"name":"wp","href":"https:\/\/api.w.org\/{rel}","templated":true}]}}