{"id":43318,"date":"2023-07-26T11:01:17","date_gmt":"2023-07-26T14:01:17","guid":{"rendered":"https:\/\/temucotelevision.cl\/web\/?p=43318"},"modified":"2023-07-26T11:01:18","modified_gmt":"2023-07-26T14:01:18","slug":"dirigentes-de-los-asentamientos-de-la-reforma-agraria-exigen-reparacion-y-justicia-al-presidente-boric","status":"publish","type":"post","link":"https:\/\/temucotelevision.cl\/web\/2023\/07\/26\/dirigentes-de-los-asentamientos-de-la-reforma-agraria-exigen-reparacion-y-justicia-al-presidente-boric\/","title":{"rendered":"Dirigentes de los asentamientos de la reforma agraria exigen reparaci\u00f3n y justicia al Presidente Boric"},"content":{"rendered":"<div class=\"pvc_clear\"><\/div><p id=\"pvc_stats_43318\" class=\"pvc_stats total_only  \" data-element-id=\"43318\" style=\"\"><i class=\"pvc-stats-icon large\" aria-hidden=\"true\"><svg aria-hidden=\"true\" focusable=\"false\" data-prefix=\"far\" data-icon=\"chart-bar\" role=\"img\" xmlns=\"http:\/\/www.w3.org\/2000\/svg\" viewBox=\"0 0 512 512\" class=\"svg-inline--fa fa-chart-bar fa-w-16 fa-2x\"><path fill=\"currentColor\" d=\"M396.8 352h22.4c6.4 0 12.8-6.4 12.8-12.8V108.8c0-6.4-6.4-12.8-12.8-12.8h-22.4c-6.4 0-12.8 6.4-12.8 12.8v230.4c0 6.4 6.4 12.8 12.8 12.8zm-192 0h22.4c6.4 0 12.8-6.4 12.8-12.8V140.8c0-6.4-6.4-12.8-12.8-12.8h-22.4c-6.4 0-12.8 6.4-12.8 12.8v198.4c0 6.4 6.4 12.8 12.8 12.8zm96 0h22.4c6.4 0 12.8-6.4 12.8-12.8V204.8c0-6.4-6.4-12.8-12.8-12.8h-22.4c-6.4 0-12.8 6.4-12.8 12.8v134.4c0 6.4 6.4 12.8 12.8 12.8zM496 400H48V80c0-8.84-7.16-16-16-16H16C7.16 64 0 71.16 0 80v336c0 17.67 14.33 32 32 32h464c8.84 0 16-7.16 16-16v-16c0-8.84-7.16-16-16-16zm-387.2-48h22.4c6.4 0 12.8-6.4 12.8-12.8v-70.4c0-6.4-6.4-12.8-12.8-12.8h-22.4c-6.4 0-12.8 6.4-12.8 12.8v70.4c0 6.4 6.4 12.8 12.8 12.8z\" class=\"\"><\/path><\/svg><\/i> <img loading=\"lazy\" decoding=\"async\" width=\"16\" height=\"16\" alt=\"Loading\" src=\"https:\/\/temucotelevision.cl\/web\/wp-content\/plugins\/page-views-count\/ajax-loader-2x.gif\" border=0 \/><\/p><div class=\"pvc_clear\"><\/div>\n<p>Medio centenar de dirigentes de los Asentamientos de la Reforma Agraria de las regiones de La Araucan\u00eda y Los R\u00edos, se movilizar\u00e1n hoy hacia La Moneda para presentar una petici\u00f3n de reparaci\u00f3n al presidente Gabriel Boric Font. Al cumplirse 50 a\u00f1os del golpe de estado y la revocaci\u00f3n ilegal de los Asentamientos de la Reforma Agraria, los afectados buscan justicia por los da\u00f1os sufridos y las violaciones a los derechos humanos que afectaron a sus familias.<\/p>\n\n\n\n<p>Los Asentamientos de la Reforma Agraria, regulados por la Ley 16.640, fueron objeto de una revocaci\u00f3n ilegal por parte de militares y personas influyentes, incluyendo a JULIO PONCE LEROU, quienes despojaron a los campesinos de sus tierras, bienes muebles e inmuebles. Durante d\u00e9cadas, estas comunidades han enfrentado el olvido, la negaci\u00f3n y la omisi\u00f3n de los gobiernos posteriores a la dictadura militar.<\/p>\n\n\n\n<p>Hoy, a las 10:30 AM, los dirigentes presentar\u00e1n una carta al presidente de la Rep\u00fablica, solicitando justicia y reparaci\u00f3n para sanar las heridas abiertas por este oscuro cap\u00edtulo de la historia de Chile.<\/p>\n\n\n\n<p>&#8220;Es hora de que nuestras voces sean escuchadas y nuestras demandas sean atendidas. Hemos esperado demasiado tiempo para obtener justicia por lo que nos fue arrebatado injustamente&#8221;, afirm\u00f3 uno de los dirigentes de los Asentamientos.<\/p>\n\n\n\n<p>Se invita a todos los medios de comunicaci\u00f3n a un punto de prensa que se llevar\u00e1 a cabo hoy, 26 de julio, a las 10:30 AM, en La Moneda, Santiago de Chile, donde los dirigentes expresar\u00e1n sus exigencias y buscar\u00e1n el apoyo y la atenci\u00f3n del presidente Boric en esta importante causa.<\/p>\n\n\n\n<p>Con esta iniciativa, los afectados esperan que se haga justicia y que se repare el da\u00f1o causado por la revocaci\u00f3n ilegal de los Asentamientos de la Reforma Agraria, en un paso hacia la reconciliaci\u00f3n y la construcci\u00f3n de una sociedad m\u00e1s justa y equitativ<\/p>\n","protected":false},"excerpt":{"rendered":"<div class=\"pvc_clear\"><\/div>\n<p id=\"pvc_stats_43318\" class=\"pvc_stats total_only  \" data-element-id=\"43318\" style=\"\"><i class=\"pvc-stats-icon large\" aria-hidden=\"true\"><svg aria-hidden=\"true\" focusable=\"false\" data-prefix=\"far\" data-icon=\"chart-bar\" role=\"img\" xmlns=\"http:\/\/www.w3.org\/2000\/svg\" viewBox=\"0 0 512 512\" class=\"svg-inline--fa fa-chart-bar fa-w-16 fa-2x\"><path fill=\"currentColor\" d=\"M396.8 352h22.4c6.4 0 12.8-6.4 12.8-12.8V108.8c0-6.4-6.4-12.8-12.8-12.8h-22.4c-6.4 0-12.8 6.4-12.8 12.8v230.4c0 6.4 6.4 12.8 12.8 12.8zm-192 0h22.4c6.4 0 12.8-6.4 12.8-12.8V140.8c0-6.4-6.4-12.8-12.8-12.8h-22.4c-6.4 0-12.8 6.4-12.8 12.8v198.4c0 6.4 6.4 12.8 12.8 12.8zm96 0h22.4c6.4 0 12.8-6.4 12.8-12.8V204.8c0-6.4-6.4-12.8-12.8-12.8h-22.4c-6.4 0-12.8 6.4-12.8 12.8v134.4c0 6.4 6.4 12.8 12.8 12.8zM496 400H48V80c0-8.84-7.16-16-16-16H16C7.16 64 0 71.16 0 80v336c0 17.67 14.33 32 32 32h464c8.84 0 16-7.16 16-16v-16c0-8.84-7.16-16-16-16zm-387.2-48h22.4c6.4 0 12.8-6.4 12.8-12.8v-70.4c0-6.4-6.4-12.8-12.8-12.8h-22.4c-6.4 0-12.8 6.4-12.8 12.8v70.4c0 6.4 6.4 12.8 12.8 12.8z\" class=\"\"><\/path><\/svg><\/i> <img loading=\"lazy\" decoding=\"async\" width=\"16\" height=\"16\" alt=\"Loading\" src=\"https:\/\/temucotelevision.cl\/web\/wp-content\/plugins\/page-views-count\/ajax-loader-2x.gif\" border=0 \/><\/p>\n<div class=\"pvc_clear\"><\/div>\n<p>Medio centenar de dirigentes de los Asentamientos de la Reforma Agraria de las regiones de La Araucan\u00eda y Los R\u00edos,<\/p>\n","protected":false},"author":1,"featured_media":43319,"comment_status":"open","ping_status":"open","sticky":false,"template":"","format":"standard","meta":{"colormag_page_container_layout":"default_layout","colormag_page_sidebar_layout":"default_layout","footnotes":""},"categories":[84,14],"tags":[6613,4411,3989,176,112],"class_list":["post-43318","post","type-post","status-publish","format-standard","has-post-thumbnail","hentry","category-politica","category-temuco","tag-asentamientos","tag-aucan-huilcaman","tag-boric","tag-presidente","tag-reforma"],"a3_pvc":{"activated":true,"total_views":2124,"today_views":0},"_links":{"self":[{"href":"https:\/\/temucotelevision.cl\/web\/wp-json\/wp\/v2\/posts\/43318","targetHints":{"allow":["GET"]}}],"collection":[{"href":"https:\/\/temucotelevision.cl\/web\/wp-json\/wp\/v2\/posts"}],"about":[{"href":"https:\/\/temucotelevision.cl\/web\/wp-json\/wp\/v2\/types\/post"}],"author":[{"embeddable":true,"href":"https:\/\/temucotelevision.cl\/web\/wp-json\/wp\/v2\/users\/1"}],"replies":[{"embeddable":true,"href":"https:\/\/temucotelevision.cl\/web\/wp-json\/wp\/v2\/comments?post=43318"}],"version-history":[{"count":1,"href":"https:\/\/temucotelevision.cl\/web\/wp-json\/wp\/v2\/posts\/43318\/revisions"}],"predecessor-version":[{"id":43320,"href":"https:\/\/temucotelevision.cl\/web\/wp-json\/wp\/v2\/posts\/43318\/revisions\/43320"}],"wp:featuredmedia":[{"embeddable":true,"href":"https:\/\/temucotelevision.cl\/web\/wp-json\/wp\/v2\/media\/43319"}],"wp:attachment":[{"href":"https:\/\/temucotelevision.cl\/web\/wp-json\/wp\/v2\/media?parent=43318"}],"wp:term":[{"taxonomy":"category","embeddable":true,"href":"https:\/\/temucotelevision.cl\/web\/wp-json\/wp\/v2\/categories?post=43318"},{"taxonomy":"post_tag","embeddable":true,"href":"https:\/\/temucotelevision.cl\/web\/wp-json\/wp\/v2\/tags?post=43318"}],"curies":[{"name":"wp","href":"https:\/\/api.w.org\/{rel}","templated":true}]}}