{"id":43316,"date":"2023-07-26T10:54:27","date_gmt":"2023-07-26T13:54:27","guid":{"rendered":"https:\/\/temucotelevision.cl\/web\/?p=43316"},"modified":"2023-07-26T10:54:28","modified_gmt":"2023-07-26T13:54:28","slug":"diputado-leal-pide-la-salida-de-nuevo-encargado-de-tierras-de-la-conadi-tras-promover-activamente-las-usurpaciones-en-la-macrozona-sur","status":"publish","type":"post","link":"https:\/\/temucotelevision.cl\/web\/2023\/07\/26\/diputado-leal-pide-la-salida-de-nuevo-encargado-de-tierras-de-la-conadi-tras-promover-activamente-las-usurpaciones-en-la-macrozona-sur\/","title":{"rendered":"Diputado Leal pide la salida de nuevo encargado de tierras de la Conadi tras promover activamente las usurpaciones en la Macrozona Sur"},"content":{"rendered":"<div class=\"pvc_clear\"><\/div><p id=\"pvc_stats_43316\" class=\"pvc_stats total_only  \" data-element-id=\"43316\" style=\"\"><i class=\"pvc-stats-icon large\" aria-hidden=\"true\"><svg aria-hidden=\"true\" focusable=\"false\" data-prefix=\"far\" data-icon=\"chart-bar\" role=\"img\" xmlns=\"http:\/\/www.w3.org\/2000\/svg\" viewBox=\"0 0 512 512\" class=\"svg-inline--fa fa-chart-bar fa-w-16 fa-2x\"><path fill=\"currentColor\" d=\"M396.8 352h22.4c6.4 0 12.8-6.4 12.8-12.8V108.8c0-6.4-6.4-12.8-12.8-12.8h-22.4c-6.4 0-12.8 6.4-12.8 12.8v230.4c0 6.4 6.4 12.8 12.8 12.8zm-192 0h22.4c6.4 0 12.8-6.4 12.8-12.8V140.8c0-6.4-6.4-12.8-12.8-12.8h-22.4c-6.4 0-12.8 6.4-12.8 12.8v198.4c0 6.4 6.4 12.8 12.8 12.8zm96 0h22.4c6.4 0 12.8-6.4 12.8-12.8V204.8c0-6.4-6.4-12.8-12.8-12.8h-22.4c-6.4 0-12.8 6.4-12.8 12.8v134.4c0 6.4 6.4 12.8 12.8 12.8zM496 400H48V80c0-8.84-7.16-16-16-16H16C7.16 64 0 71.16 0 80v336c0 17.67 14.33 32 32 32h464c8.84 0 16-7.16 16-16v-16c0-8.84-7.16-16-16-16zm-387.2-48h22.4c6.4 0 12.8-6.4 12.8-12.8v-70.4c0-6.4-6.4-12.8-12.8-12.8h-22.4c-6.4 0-12.8 6.4-12.8 12.8v70.4c0 6.4 6.4 12.8 12.8 12.8z\" class=\"\"><\/path><\/svg><\/i> <img loading=\"lazy\" decoding=\"async\" width=\"16\" height=\"16\" alt=\"Loading\" src=\"https:\/\/temucotelevision.cl\/web\/wp-content\/plugins\/page-views-count\/ajax-loader-2x.gif\" border=0 \/><\/p><div class=\"pvc_clear\"><\/div>\n<p><em>El parlamentario calific\u00f3 como una \u201cburla\u201d con las v\u00edctimas de la Regi\u00f3n de La Araucan\u00eda la designaci\u00f3n de Felipe \u00d1anco al interior de la Corporaci\u00f3n Nacional de Desarrollo Ind\u00edgena.<\/em>&nbsp;<\/p>\n\n\n\n<p>Como un \u201cdesprop\u00f3sito\u201d y una \u201cburla con las miles de v\u00edctimas de la Macrozona Sur\u201d calific\u00f3 el diputado por la Regi\u00f3n de La Araucan\u00eda, Henry Leal (UDI), la reciente designaci\u00f3n de Felipe \u00d1anco Melillan como nuevo jefe del Departamento Fondo de Tierras de la Corporaci\u00f3n Nacional de Desarrollo Ind\u00edgena (Conadi) -dependiente del Ministerio de Desarrollo Social-, considerando que en redes sociales aparece validando y promoviendo las usurpaciones de tierra en la zona.<\/p>\n\n\n\n<p>Al respecto, y junto con anunciar el env\u00edo de un oficio al ministro de la cartera, Giorgio Jackson, solicitando las razones y argumentos t\u00e9cnicos que justificaron dicha decisi\u00f3n, el parlamentario gremialista tild\u00f3 de \u201cinaceptable\u201d y \u201ccontradictoria\u201d la contrataci\u00f3n de \u00d1anco en dicha repartici\u00f3n, manifestando incluso que \u201ces un insulto para todas las personas de La Araucan\u00eda y la Provincia de Arauco que durante d\u00e9cadas han sufrido con la toma de sus terrenos y propiedades\u201d.<\/p>\n\n\n\n<p>\u201cEs absolutamente incomprensible que el Gobierno haya designado como encargado de tierras de la Conadi a un activista de las usurpaciones en la Macrozona Sur, a una persona que ha validado las tomas de terreno y que ha promovido el uso de la violencia como m\u00e9todo de acci\u00f3n pol\u00edtica. Si no se trata de un error, estamos hablando entonces de una provocaci\u00f3n y de un acto de burla con quienes justamente han sufrido el accionar de todos estos grupos violentos, los que ahora seguramente est\u00e1n celebrando la designaci\u00f3n de uno de los suyos en un cargo estrat\u00e9gico de la corporaci\u00f3n\u201d, critic\u00f3 el diputado de la Bancada UDI, quien advirti\u00f3 que \u201clo m\u00e1s grave de todo es que tendr\u00e1 la libertad de disponer de millonarios recursos para promover sus propios intereses\u201d.<\/p>\n\n\n\n<p>Por lo mismo, Leal llam\u00f3 al Ejecutivo a reconsiderar la decisi\u00f3n y a remover del cargo a Felipe \u00d1anco, recordando que en distintas publicaciones en redes sociales celebr\u00f3 la toma de terrenos por parte de grupos violentistas, por lo que alert\u00f3 que su reciente designaci\u00f3n \u201ces una grave amenaza para los vecinos, trabajadores y agricultores de la zona, que ven con suma preocupaci\u00f3n que la misma persona que valid\u00f3 las tomas hoy est\u00e9 a cargo del proceso de compra de esas tierras\u201d.<\/p>\n\n\n\n<p>\u201cEsperamos que el Gobierno, y en espec\u00edfico el ministro Jackson, act\u00faen en consecuencia y remuevan del cargo a esta persona, por lo incompatible que reviste su designaci\u00f3n. El Ejecutivo no puede estar promoviendo un proyecto de ley que endurece las penas contra las usurpaciones, pero al mismo tiempo designa como encargado de tierras de la Conadi a quien valid\u00f3 y justific\u00f3 las tomas en la Macrozona Sur. Es una inconsecuencia brutal, y lo m\u00e1s grave de todo es que demuestra un absoluto abandono con las v\u00edctimas de terrorismo en nuestro pa\u00eds\u201d, reiteraron el legislador UDI.<\/p>\n","protected":false},"excerpt":{"rendered":"<div class=\"pvc_clear\"><\/div>\n<p id=\"pvc_stats_43316\" class=\"pvc_stats total_only  \" data-element-id=\"43316\" style=\"\"><i class=\"pvc-stats-icon large\" aria-hidden=\"true\"><svg aria-hidden=\"true\" focusable=\"false\" data-prefix=\"far\" data-icon=\"chart-bar\" role=\"img\" xmlns=\"http:\/\/www.w3.org\/2000\/svg\" viewBox=\"0 0 512 512\" class=\"svg-inline--fa fa-chart-bar fa-w-16 fa-2x\"><path fill=\"currentColor\" d=\"M396.8 352h22.4c6.4 0 12.8-6.4 12.8-12.8V108.8c0-6.4-6.4-12.8-12.8-12.8h-22.4c-6.4 0-12.8 6.4-12.8 12.8v230.4c0 6.4 6.4 12.8 12.8 12.8zm-192 0h22.4c6.4 0 12.8-6.4 12.8-12.8V140.8c0-6.4-6.4-12.8-12.8-12.8h-22.4c-6.4 0-12.8 6.4-12.8 12.8v198.4c0 6.4 6.4 12.8 12.8 12.8zm96 0h22.4c6.4 0 12.8-6.4 12.8-12.8V204.8c0-6.4-6.4-12.8-12.8-12.8h-22.4c-6.4 0-12.8 6.4-12.8 12.8v134.4c0 6.4 6.4 12.8 12.8 12.8zM496 400H48V80c0-8.84-7.16-16-16-16H16C7.16 64 0 71.16 0 80v336c0 17.67 14.33 32 32 32h464c8.84 0 16-7.16 16-16v-16c0-8.84-7.16-16-16-16zm-387.2-48h22.4c6.4 0 12.8-6.4 12.8-12.8v-70.4c0-6.4-6.4-12.8-12.8-12.8h-22.4c-6.4 0-12.8 6.4-12.8 12.8v70.4c0 6.4 6.4 12.8 12.8 12.8z\" class=\"\"><\/path><\/svg><\/i> <img loading=\"lazy\" decoding=\"async\" width=\"16\" height=\"16\" alt=\"Loading\" src=\"https:\/\/temucotelevision.cl\/web\/wp-content\/plugins\/page-views-count\/ajax-loader-2x.gif\" border=0 \/><\/p>\n<div class=\"pvc_clear\"><\/div>\n<p>El parlamentario calific\u00f3 como una \u201cburla\u201d con las v\u00edctimas de la Regi\u00f3n de La Araucan\u00eda la designaci\u00f3n de Felipe \u00d1anco<\/p>\n","protected":false},"author":1,"featured_media":41427,"comment_status":"open","ping_status":"open","sticky":false,"template":"","format":"standard","meta":{"colormag_page_container_layout":"default_layout","colormag_page_sidebar_layout":"default_layout","footnotes":""},"categories":[84],"tags":[187,154,5283,750,3745],"class_list":["post-43316","post","type-post","status-publish","format-standard","has-post-thumbnail","hentry","category-politica","tag-conadi","tag-diputado","tag-leal","tag-tierras","tag-usurpaciones"],"a3_pvc":{"activated":true,"total_views":73,"today_views":0},"_links":{"self":[{"href":"https:\/\/temucotelevision.cl\/web\/wp-json\/wp\/v2\/posts\/43316","targetHints":{"allow":["GET"]}}],"collection":[{"href":"https:\/\/temucotelevision.cl\/web\/wp-json\/wp\/v2\/posts"}],"about":[{"href":"https:\/\/temucotelevision.cl\/web\/wp-json\/wp\/v2\/types\/post"}],"author":[{"embeddable":true,"href":"https:\/\/temucotelevision.cl\/web\/wp-json\/wp\/v2\/users\/1"}],"replies":[{"embeddable":true,"href":"https:\/\/temucotelevision.cl\/web\/wp-json\/wp\/v2\/comments?post=43316"}],"version-history":[{"count":1,"href":"https:\/\/temucotelevision.cl\/web\/wp-json\/wp\/v2\/posts\/43316\/revisions"}],"predecessor-version":[{"id":43317,"href":"https:\/\/temucotelevision.cl\/web\/wp-json\/wp\/v2\/posts\/43316\/revisions\/43317"}],"wp:featuredmedia":[{"embeddable":true,"href":"https:\/\/temucotelevision.cl\/web\/wp-json\/wp\/v2\/media\/41427"}],"wp:attachment":[{"href":"https:\/\/temucotelevision.cl\/web\/wp-json\/wp\/v2\/media?parent=43316"}],"wp:term":[{"taxonomy":"category","embeddable":true,"href":"https:\/\/temucotelevision.cl\/web\/wp-json\/wp\/v2\/categories?post=43316"},{"taxonomy":"post_tag","embeddable":true,"href":"https:\/\/temucotelevision.cl\/web\/wp-json\/wp\/v2\/tags?post=43316"}],"curies":[{"name":"wp","href":"https:\/\/api.w.org\/{rel}","templated":true}]}}