{"id":43313,"date":"2023-07-26T10:44:35","date_gmt":"2023-07-26T13:44:35","guid":{"rendered":"https:\/\/temucotelevision.cl\/web\/?p=43313"},"modified":"2023-07-26T10:44:50","modified_gmt":"2023-07-26T13:44:50","slug":"cancer-de-cabeza-y-cuello-inmunoterapia-demuestra-mayor-eficacia-en-tasa-de-respuesta-y-supervivencia","status":"publish","type":"post","link":"https:\/\/temucotelevision.cl\/web\/2023\/07\/26\/cancer-de-cabeza-y-cuello-inmunoterapia-demuestra-mayor-eficacia-en-tasa-de-respuesta-y-supervivencia\/","title":{"rendered":"C\u00e1ncer de Cabeza y Cuello: Inmunoterapia demuestra mayor eficacia en tasa de respuesta y supervivencia"},"content":{"rendered":"<div class=\"pvc_clear\"><\/div><p id=\"pvc_stats_43313\" class=\"pvc_stats total_only  \" data-element-id=\"43313\" style=\"\"><i class=\"pvc-stats-icon large\" aria-hidden=\"true\"><svg aria-hidden=\"true\" focusable=\"false\" data-prefix=\"far\" data-icon=\"chart-bar\" role=\"img\" xmlns=\"http:\/\/www.w3.org\/2000\/svg\" viewBox=\"0 0 512 512\" class=\"svg-inline--fa fa-chart-bar fa-w-16 fa-2x\"><path fill=\"currentColor\" d=\"M396.8 352h22.4c6.4 0 12.8-6.4 12.8-12.8V108.8c0-6.4-6.4-12.8-12.8-12.8h-22.4c-6.4 0-12.8 6.4-12.8 12.8v230.4c0 6.4 6.4 12.8 12.8 12.8zm-192 0h22.4c6.4 0 12.8-6.4 12.8-12.8V140.8c0-6.4-6.4-12.8-12.8-12.8h-22.4c-6.4 0-12.8 6.4-12.8 12.8v198.4c0 6.4 6.4 12.8 12.8 12.8zm96 0h22.4c6.4 0 12.8-6.4 12.8-12.8V204.8c0-6.4-6.4-12.8-12.8-12.8h-22.4c-6.4 0-12.8 6.4-12.8 12.8v134.4c0 6.4 6.4 12.8 12.8 12.8zM496 400H48V80c0-8.84-7.16-16-16-16H16C7.16 64 0 71.16 0 80v336c0 17.67 14.33 32 32 32h464c8.84 0 16-7.16 16-16v-16c0-8.84-7.16-16-16-16zm-387.2-48h22.4c6.4 0 12.8-6.4 12.8-12.8v-70.4c0-6.4-6.4-12.8-12.8-12.8h-22.4c-6.4 0-12.8 6.4-12.8 12.8v70.4c0 6.4 6.4 12.8 12.8 12.8z\" class=\"\"><\/path><\/svg><\/i> <img loading=\"lazy\" decoding=\"async\" width=\"16\" height=\"16\" alt=\"Loading\" src=\"https:\/\/temucotelevision.cl\/web\/wp-content\/plugins\/page-views-count\/ajax-loader-2x.gif\" border=0 \/><\/p><div class=\"pvc_clear\"><\/div>\n<p>Esta terapia biol\u00f3gica hoy representa la gran esperanza en el tratamiento de este tipo de patolog\u00eda, que cobra la vida de 500 personas al a\u00f1o en el pa\u00eds y que representa entre el 8% y el 10% de los c\u00e1nceres diagnosticados en Chile.<\/p>\n\n\n\n<p><br>\u2022 Actualmente, en la Regi\u00f3n de La Araucan\u00eda, el Centro de Investigaci\u00f3n del C\u00e1ncer James Lind se encuentra aplicando estudios cl\u00ednicos para avanzar en esta materia.<\/p>\n\n\n\n<p><br>En Chile, el c\u00e1ncer es la primera causa de muerte. Esta enfermedad se expresa de distintas maneras, entre las que se encuentran las que afectan a cabeza y cuello atacando principalmente las cavidades paranasales y orales, adem\u00e1s de la orofaringe, faringe y laringe.<\/p>\n\n\n\n<p><br><strong>Este 27 de julio se conmemora el D\u00eda Mundial contra el c\u00e1ncer de cabeza y cuello,\u00a0<\/strong>tipolog\u00eda que ha ido en aumento debido a diferentes factores de riesgo ambientales, entre los que destacan el consumo del tabaco y alcohol. En menor medida, pacientes que presentan infecci\u00f3n por el Virus de Papiloma Humano (VPH) tambi\u00e9n est\u00e1n m\u00e1s propensos a desarrollar un c\u00e1ncer de cabeza y cuello.<\/p>\n\n\n\n<p><br><strong>\u00bfQu\u00e9 tan com\u00fan es este tipo de c\u00e1ncer?<\/strong><br>A nivel nacional la prevalencia de este tipo de c\u00e1ncer, alcanza entre 8% y 10%, seg\u00fan cifras del Departamento de Estad\u00edsticas e Informaci\u00f3n de Salud (DEIS), afectando principalmente a hombres de entre 40 y 65 a\u00f1os. Sin embargo, en los \u00faltimos a\u00f1os se ha detectado un aumento de casos en mujeres.<\/p>\n\n\n\n<p><br>Dentro de los\u00a0<strong>signos de alerta<\/strong>\u00a0que pueden dar luces de que un paciente podr\u00eda estar sufriendo un c\u00e1ncer de cabeza y cuello, se enumeran los siguientes:<\/p>\n\n\n\n<p><br>\u2022 Una \u00falcera que no desaparece en 2 o 3 semanas.<br>\u2022 Lesiones blanquecinas recurrentes.<br>\u2022 Aumento de volumen.<br>\u2022 Dolor permanente o persistente en la zona.<br>\u2022 Disfon\u00eda.<br>\u2022 En menor medida, y siempre acompa\u00f1ado de alguno de los s\u00edntomas anteriores, se puede presentar fiebre, baja de peso y disminuci\u00f3n del apetitito.<\/p>\n\n\n\n<p><br><strong>Nuevas oportunidades terap\u00e9uticas<\/strong><br>Los \u00faltimos estudios cl\u00ednicos realizados a nivel mundial sobre este tipo de c\u00e1ncer revelan que la incorporaci\u00f3n de la inmunoterapia mejora el porcentaje de pacientes con mayor tasa de sobrevida y sin secuelas posteriores, lo que ha supuesto un hito en esta patolog\u00eda.\u00a0Este tipo de tratamiento, que consiste en utilizar la capacidad del sistema inmune para atacar y destruir las c\u00e9lulas cancerosas, est\u00e1 en constante desarrollo. Chile tambi\u00e9n es escenario de la realizaci\u00f3n de estudios cl\u00ednicos en este \u00e1mbito.<\/p>\n\n\n\n<p><br>As\u00ed lo relata el\u00a0<strong>doctor Eduardo Y\u00e1\u00f1ez, director del Centro de Investigaci\u00f3n del C\u00e1ncer James Lind, en la Regi\u00f3n de La Araucan\u00eda<\/strong>, que actualmente se encuentra aplicando dos estudios cl\u00ednicos para avanzar en nuevos tratamientos de vanguardia para combatir este tipo de c\u00e1ncer.<\/p>\n\n\n\n<p><br>El primero de ellos, es un estudio en Fase II, que busca confirmar si la combinaci\u00f3n del medicamento llamado BNT113, en conjunto con el uso de pembrolizumab, permite convertirse en un tratamiento de primera l\u00ednea en personas con carcinoma con c\u00e9lulas escamosas de cabeza y cuello con\u00a0determinantes terap\u00e9uticos como PDL-1 +(Prote\u00edna que controla las respuestas inmunitarias del cuerpo), as\u00ed como tambi\u00e9n HPV 16 + (un tipo de virus de papiloma humano). Esta investigaci\u00f3n se extender\u00e1 durante los pr\u00f3ximos 5 a\u00f1os, en 168 centros de 20 pa\u00edses, con un total de 285 personas con este tipo de c\u00e1ncer.<\/p>\n\n\n\n<p><br>El segundo estudio que se est\u00e1 aplicando en el centro James Lind, busca que pacientes con Carcinoma Escamoso Cabeza y Cuello en etapa metast\u00e1sica, puedan ser tratados solo con inmunoterapia, a trav\u00e9s del uso de una coformulaci\u00f3n de los medicamentos vibostolimab con pembrolizumab.<\/p>\n\n\n\n<p><br>En este sentido,<strong>\u00a0el Dr. Y\u00e1\u00f1ez explica que \u201cla investigaci\u00f3n cl\u00ednica en c\u00e1ncer es esencial para avanzar en el tratamiento de esta enfermedad y en Chile se est\u00e1n realizando importantes avances en este campo, gracias al trabajo de investigadores y cl\u00ednicos comprometidos con la lucha contra el c\u00e1ncer\u201d.<\/strong>\u00a0Estas terapias representan una nueva esperanza en el tratamiento del c\u00e1ncer de cabeza y cuello, que anualmente cobra la vida de 500 personas en el pa\u00eds.<\/p>\n","protected":false},"excerpt":{"rendered":"<div class=\"pvc_clear\"><\/div>\n<p id=\"pvc_stats_43313\" class=\"pvc_stats total_only  \" data-element-id=\"43313\" style=\"\"><i class=\"pvc-stats-icon large\" aria-hidden=\"true\"><svg aria-hidden=\"true\" focusable=\"false\" data-prefix=\"far\" data-icon=\"chart-bar\" role=\"img\" xmlns=\"http:\/\/www.w3.org\/2000\/svg\" viewBox=\"0 0 512 512\" class=\"svg-inline--fa fa-chart-bar fa-w-16 fa-2x\"><path fill=\"currentColor\" d=\"M396.8 352h22.4c6.4 0 12.8-6.4 12.8-12.8V108.8c0-6.4-6.4-12.8-12.8-12.8h-22.4c-6.4 0-12.8 6.4-12.8 12.8v230.4c0 6.4 6.4 12.8 12.8 12.8zm-192 0h22.4c6.4 0 12.8-6.4 12.8-12.8V140.8c0-6.4-6.4-12.8-12.8-12.8h-22.4c-6.4 0-12.8 6.4-12.8 12.8v198.4c0 6.4 6.4 12.8 12.8 12.8zm96 0h22.4c6.4 0 12.8-6.4 12.8-12.8V204.8c0-6.4-6.4-12.8-12.8-12.8h-22.4c-6.4 0-12.8 6.4-12.8 12.8v134.4c0 6.4 6.4 12.8 12.8 12.8zM496 400H48V80c0-8.84-7.16-16-16-16H16C7.16 64 0 71.16 0 80v336c0 17.67 14.33 32 32 32h464c8.84 0 16-7.16 16-16v-16c0-8.84-7.16-16-16-16zm-387.2-48h22.4c6.4 0 12.8-6.4 12.8-12.8v-70.4c0-6.4-6.4-12.8-12.8-12.8h-22.4c-6.4 0-12.8 6.4-12.8 12.8v70.4c0 6.4 6.4 12.8 12.8 12.8z\" class=\"\"><\/path><\/svg><\/i> <img loading=\"lazy\" decoding=\"async\" width=\"16\" height=\"16\" alt=\"Loading\" src=\"https:\/\/temucotelevision.cl\/web\/wp-content\/plugins\/page-views-count\/ajax-loader-2x.gif\" border=0 \/><\/p>\n<div class=\"pvc_clear\"><\/div>\n<p>Esta terapia biol\u00f3gica hoy representa la gran esperanza en el tratamiento de este tipo de patolog\u00eda, que cobra la vida<\/p>\n","protected":false},"author":1,"featured_media":43314,"comment_status":"open","ping_status":"open","sticky":false,"template":"","format":"standard","meta":{"colormag_page_container_layout":"default_layout","colormag_page_sidebar_layout":"default_layout","footnotes":""},"categories":[101],"tags":[3958,1914,2801,6612],"class_list":["post-43313","post","type-post","status-publish","format-standard","has-post-thumbnail","hentry","category-actualidad","tag-cabeza","tag-cancer","tag-cuello","tag-inmunoterapia"],"a3_pvc":{"activated":true,"total_views":2155,"today_views":0},"_links":{"self":[{"href":"https:\/\/temucotelevision.cl\/web\/wp-json\/wp\/v2\/posts\/43313","targetHints":{"allow":["GET"]}}],"collection":[{"href":"https:\/\/temucotelevision.cl\/web\/wp-json\/wp\/v2\/posts"}],"about":[{"href":"https:\/\/temucotelevision.cl\/web\/wp-json\/wp\/v2\/types\/post"}],"author":[{"embeddable":true,"href":"https:\/\/temucotelevision.cl\/web\/wp-json\/wp\/v2\/users\/1"}],"replies":[{"embeddable":true,"href":"https:\/\/temucotelevision.cl\/web\/wp-json\/wp\/v2\/comments?post=43313"}],"version-history":[{"count":1,"href":"https:\/\/temucotelevision.cl\/web\/wp-json\/wp\/v2\/posts\/43313\/revisions"}],"predecessor-version":[{"id":43315,"href":"https:\/\/temucotelevision.cl\/web\/wp-json\/wp\/v2\/posts\/43313\/revisions\/43315"}],"wp:featuredmedia":[{"embeddable":true,"href":"https:\/\/temucotelevision.cl\/web\/wp-json\/wp\/v2\/media\/43314"}],"wp:attachment":[{"href":"https:\/\/temucotelevision.cl\/web\/wp-json\/wp\/v2\/media?parent=43313"}],"wp:term":[{"taxonomy":"category","embeddable":true,"href":"https:\/\/temucotelevision.cl\/web\/wp-json\/wp\/v2\/categories?post=43313"},{"taxonomy":"post_tag","embeddable":true,"href":"https:\/\/temucotelevision.cl\/web\/wp-json\/wp\/v2\/tags?post=43313"}],"curies":[{"name":"wp","href":"https:\/\/api.w.org\/{rel}","templated":true}]}}