{"id":43310,"date":"2023-07-26T10:34:24","date_gmt":"2023-07-26T13:34:24","guid":{"rendered":"https:\/\/temucotelevision.cl\/web\/?p=43310"},"modified":"2023-07-26T10:34:25","modified_gmt":"2023-07-26T13:34:25","slug":"chef-matsuhisa-da-el-puntapie-inicial-a-las-60-exclusivas-residencias-de-nobu-residence-los-cabos","status":"publish","type":"post","link":"https:\/\/temucotelevision.cl\/web\/2023\/07\/26\/chef-matsuhisa-da-el-puntapie-inicial-a-las-60-exclusivas-residencias-de-nobu-residence-los-cabos\/","title":{"rendered":"Chef Matsuhisa da el puntapi\u00e9 inicial a las 60 exclusivas residencias de Nobu Residence Los Cabos"},"content":{"rendered":"<div class=\"pvc_clear\"><\/div><p id=\"pvc_stats_43310\" class=\"pvc_stats total_only  \" data-element-id=\"43310\" style=\"\"><i class=\"pvc-stats-icon large\" aria-hidden=\"true\"><svg aria-hidden=\"true\" focusable=\"false\" data-prefix=\"far\" data-icon=\"chart-bar\" role=\"img\" xmlns=\"http:\/\/www.w3.org\/2000\/svg\" viewBox=\"0 0 512 512\" class=\"svg-inline--fa fa-chart-bar fa-w-16 fa-2x\"><path fill=\"currentColor\" d=\"M396.8 352h22.4c6.4 0 12.8-6.4 12.8-12.8V108.8c0-6.4-6.4-12.8-12.8-12.8h-22.4c-6.4 0-12.8 6.4-12.8 12.8v230.4c0 6.4 6.4 12.8 12.8 12.8zm-192 0h22.4c6.4 0 12.8-6.4 12.8-12.8V140.8c0-6.4-6.4-12.8-12.8-12.8h-22.4c-6.4 0-12.8 6.4-12.8 12.8v198.4c0 6.4 6.4 12.8 12.8 12.8zm96 0h22.4c6.4 0 12.8-6.4 12.8-12.8V204.8c0-6.4-6.4-12.8-12.8-12.8h-22.4c-6.4 0-12.8 6.4-12.8 12.8v134.4c0 6.4 6.4 12.8 12.8 12.8zM496 400H48V80c0-8.84-7.16-16-16-16H16C7.16 64 0 71.16 0 80v336c0 17.67 14.33 32 32 32h464c8.84 0 16-7.16 16-16v-16c0-8.84-7.16-16-16-16zm-387.2-48h22.4c6.4 0 12.8-6.4 12.8-12.8v-70.4c0-6.4-6.4-12.8-12.8-12.8h-22.4c-6.4 0-12.8 6.4-12.8 12.8v70.4c0 6.4 6.4 12.8 12.8 12.8z\" class=\"\"><\/path><\/svg><\/i> <img loading=\"lazy\" decoding=\"async\" width=\"16\" height=\"16\" alt=\"Loading\" src=\"https:\/\/temucotelevision.cl\/web\/wp-content\/plugins\/page-views-count\/ajax-loader-2x.gif\" border=0 \/><\/p><div class=\"pvc_clear\"><\/div>\n<p><strong><em>Si bien ya est\u00e1 disponible desde marzo de este a\u00f1o, la extensi\u00f3n residencial del lujoso y sofisticado Nobu Hotel Los Cabos fue inaugurada la semana pasada por el reconocido chef que da nombre a la exclusiva marca, que hoy ofrece a sus hu\u00e9spedes \u201cun hogar lejos de casa\u201d.<\/em><\/strong><strong><em><\/em><\/strong><\/p>\n\n\n\n<p>Ubicado a orillas del Oc\u00e9ano Pac\u00edfico, en Baja California Sur, <strong>Nobu Residences Los Cabos<\/strong> se presenta como la extensi\u00f3n residencial del fabuloso Nobu Hotels Los Cabos, con un concepto totalmente privado de 60 exclusivas residencias, que mantienen el emblem\u00e1tico dise\u00f1o de la propiedad y ofrecen a sus hu\u00e9spedes un servicio de lujo, restaurantes exclusivos y amenidades \u00fanicas.<\/p>\n\n\n\n<p>Con cuatro tipos de residencias, que promedian una tarifa inicial de USD 1.600 por noche, este nuevo espacio ofrece categor\u00edas que van desde una o dos habitaciones, con vista al jard\u00edn o el campo de golf; hasta tres y cuatro habitaciones, con piscina o terraza privadas.&nbsp;<\/p>\n\n\n\n<p>&nbsp;\u201cNobu Hotel Los Cabos se ha convertido en el destino de lujo preferido por los m\u00e1s exigentes hu\u00e9spedes y sibaritas de todo el mundo, por lo que este nuevo concepto espera atender la demanda de los viajeros que buscan productos <em>multi-room <\/em>de alta categor\u00eda\u201d, coment\u00f3 Leonel Reyes, Director Corporativo para Latinoam\u00e9rica de RCD Hotels.<\/p>\n\n\n\n<p>\u201cSi bien esta extensi\u00f3n est\u00e1 disponible desde marzo de este a\u00f1o, su apertura oficial se realiz\u00f3 la semana pasada y cont\u00f3 con la presencia del famoso chef japon\u00e9s, creador del concepto, Nobu Matsuhisa; como tambi\u00e9n, con la alta direcci\u00f3n de RCD Hotels, de la mano de Roberto Chapur, e invitados VIP, que dieron el puntapi\u00e9 inicial con el corte de cinta\u201d, agreg\u00f3 Reyes.&nbsp;<\/p>\n\n\n\n<p>El lanzamiento de este nuevo espacio, que mantiene a la combinaci\u00f3n perfecta entre el minimalismo japon\u00e9s contempor\u00e1neo y los acabados mexicanos de origen local que ofrece el hotel, incluy\u00f3 adem\u00e1s la apertura de Muna Restaurant, un espacio gastron\u00f3mico adicional para el complejo que presenta un men\u00fa de inspiraci\u00f3n mediterr\u00e1nea, con exquisitos sabores, aromas y texturas de la regi\u00f3n, junto a M Bar, donde los hu\u00e9spedes podr\u00e1n deleitarse con impresionantes vistas de la puesta de sol y exquisitos c\u00f3cteles insignia.<\/p>\n\n\n\n<p>Nobu Residences Los Cabos present\u00f3 adem\u00e1s una nueva pista de <em>pickleball<\/em>, que se suma a las ya vanguardistas amenidades <em>wellness<\/em> que ofrece el recinto. &nbsp;<\/p>\n\n\n\n<p>El concepto de &#8220;hogar lejos de casa&#8221; que trae este espacio invita a sus hu\u00e9spedes a disfrutar de una suite privada de lujo y al mismo tiempo de los beneficios de una estad\u00eda en un hotel de alta gama. Cada residencia est\u00e1 equipada con una cocina de \u00faltima generaci\u00f3n, dando la opci\u00f3n de preparar comidas o reservar un chef privado para servirles mientras est\u00e1n en la intimidad de su propia suite.<\/p>\n","protected":false},"excerpt":{"rendered":"<div class=\"pvc_clear\"><\/div>\n<p id=\"pvc_stats_43310\" class=\"pvc_stats total_only  \" data-element-id=\"43310\" style=\"\"><i class=\"pvc-stats-icon large\" aria-hidden=\"true\"><svg aria-hidden=\"true\" focusable=\"false\" data-prefix=\"far\" data-icon=\"chart-bar\" role=\"img\" xmlns=\"http:\/\/www.w3.org\/2000\/svg\" viewBox=\"0 0 512 512\" class=\"svg-inline--fa fa-chart-bar fa-w-16 fa-2x\"><path fill=\"currentColor\" d=\"M396.8 352h22.4c6.4 0 12.8-6.4 12.8-12.8V108.8c0-6.4-6.4-12.8-12.8-12.8h-22.4c-6.4 0-12.8 6.4-12.8 12.8v230.4c0 6.4 6.4 12.8 12.8 12.8zm-192 0h22.4c6.4 0 12.8-6.4 12.8-12.8V140.8c0-6.4-6.4-12.8-12.8-12.8h-22.4c-6.4 0-12.8 6.4-12.8 12.8v198.4c0 6.4 6.4 12.8 12.8 12.8zm96 0h22.4c6.4 0 12.8-6.4 12.8-12.8V204.8c0-6.4-6.4-12.8-12.8-12.8h-22.4c-6.4 0-12.8 6.4-12.8 12.8v134.4c0 6.4 6.4 12.8 12.8 12.8zM496 400H48V80c0-8.84-7.16-16-16-16H16C7.16 64 0 71.16 0 80v336c0 17.67 14.33 32 32 32h464c8.84 0 16-7.16 16-16v-16c0-8.84-7.16-16-16-16zm-387.2-48h22.4c6.4 0 12.8-6.4 12.8-12.8v-70.4c0-6.4-6.4-12.8-12.8-12.8h-22.4c-6.4 0-12.8 6.4-12.8 12.8v70.4c0 6.4 6.4 12.8 12.8 12.8z\" class=\"\"><\/path><\/svg><\/i> <img loading=\"lazy\" decoding=\"async\" width=\"16\" height=\"16\" alt=\"Loading\" src=\"https:\/\/temucotelevision.cl\/web\/wp-content\/plugins\/page-views-count\/ajax-loader-2x.gif\" border=0 \/><\/p>\n<div class=\"pvc_clear\"><\/div>\n<p>Si bien ya est\u00e1 disponible desde marzo de este a\u00f1o, la extensi\u00f3n residencial del lujoso y sofisticado Nobu Hotel Los<\/p>\n","protected":false},"author":1,"featured_media":43311,"comment_status":"open","ping_status":"open","sticky":false,"template":"","format":"standard","meta":{"colormag_page_container_layout":"default_layout","colormag_page_sidebar_layout":"default_layout","footnotes":""},"categories":[101],"tags":[1348,6611,4186,6610,531],"class_list":["post-43310","post","type-post","status-publish","format-standard","has-post-thumbnail","hentry","category-actualidad","tag-chef","tag-los-cabos","tag-mexico","tag-residencias","tag-vacaciones"],"a3_pvc":{"activated":true,"total_views":3941,"today_views":0},"_links":{"self":[{"href":"https:\/\/temucotelevision.cl\/web\/wp-json\/wp\/v2\/posts\/43310","targetHints":{"allow":["GET"]}}],"collection":[{"href":"https:\/\/temucotelevision.cl\/web\/wp-json\/wp\/v2\/posts"}],"about":[{"href":"https:\/\/temucotelevision.cl\/web\/wp-json\/wp\/v2\/types\/post"}],"author":[{"embeddable":true,"href":"https:\/\/temucotelevision.cl\/web\/wp-json\/wp\/v2\/users\/1"}],"replies":[{"embeddable":true,"href":"https:\/\/temucotelevision.cl\/web\/wp-json\/wp\/v2\/comments?post=43310"}],"version-history":[{"count":1,"href":"https:\/\/temucotelevision.cl\/web\/wp-json\/wp\/v2\/posts\/43310\/revisions"}],"predecessor-version":[{"id":43312,"href":"https:\/\/temucotelevision.cl\/web\/wp-json\/wp\/v2\/posts\/43310\/revisions\/43312"}],"wp:featuredmedia":[{"embeddable":true,"href":"https:\/\/temucotelevision.cl\/web\/wp-json\/wp\/v2\/media\/43311"}],"wp:attachment":[{"href":"https:\/\/temucotelevision.cl\/web\/wp-json\/wp\/v2\/media?parent=43310"}],"wp:term":[{"taxonomy":"category","embeddable":true,"href":"https:\/\/temucotelevision.cl\/web\/wp-json\/wp\/v2\/categories?post=43310"},{"taxonomy":"post_tag","embeddable":true,"href":"https:\/\/temucotelevision.cl\/web\/wp-json\/wp\/v2\/tags?post=43310"}],"curies":[{"name":"wp","href":"https:\/\/api.w.org\/{rel}","templated":true}]}}