{"id":43298,"date":"2023-07-25T19:24:12","date_gmt":"2023-07-25T22:24:12","guid":{"rendered":"https:\/\/temucotelevision.cl\/web\/?p=43298"},"modified":"2023-07-25T22:32:35","modified_gmt":"2023-07-26T01:32:35","slug":"la-musica-esta-de-duelo-hasta-siempre-querida-cecilia-la-incomparable","status":"publish","type":"post","link":"https:\/\/temucotelevision.cl\/web\/2023\/07\/25\/la-musica-esta-de-duelo-hasta-siempre-querida-cecilia-la-incomparable\/","title":{"rendered":"La m\u00fasica est\u00e1\u00a0de duelo: Hasta Siempre Querida Cecilia &#8220;La Incomparable&#8221;"},"content":{"rendered":"<div class=\"pvc_clear\"><\/div><p id=\"pvc_stats_43298\" class=\"pvc_stats total_only  \" data-element-id=\"43298\" style=\"\"><i class=\"pvc-stats-icon large\" aria-hidden=\"true\"><svg aria-hidden=\"true\" focusable=\"false\" data-prefix=\"far\" data-icon=\"chart-bar\" role=\"img\" xmlns=\"http:\/\/www.w3.org\/2000\/svg\" viewBox=\"0 0 512 512\" class=\"svg-inline--fa fa-chart-bar fa-w-16 fa-2x\"><path fill=\"currentColor\" d=\"M396.8 352h22.4c6.4 0 12.8-6.4 12.8-12.8V108.8c0-6.4-6.4-12.8-12.8-12.8h-22.4c-6.4 0-12.8 6.4-12.8 12.8v230.4c0 6.4 6.4 12.8 12.8 12.8zm-192 0h22.4c6.4 0 12.8-6.4 12.8-12.8V140.8c0-6.4-6.4-12.8-12.8-12.8h-22.4c-6.4 0-12.8 6.4-12.8 12.8v198.4c0 6.4 6.4 12.8 12.8 12.8zm96 0h22.4c6.4 0 12.8-6.4 12.8-12.8V204.8c0-6.4-6.4-12.8-12.8-12.8h-22.4c-6.4 0-12.8 6.4-12.8 12.8v134.4c0 6.4 6.4 12.8 12.8 12.8zM496 400H48V80c0-8.84-7.16-16-16-16H16C7.16 64 0 71.16 0 80v336c0 17.67 14.33 32 32 32h464c8.84 0 16-7.16 16-16v-16c0-8.84-7.16-16-16-16zm-387.2-48h22.4c6.4 0 12.8-6.4 12.8-12.8v-70.4c0-6.4-6.4-12.8-12.8-12.8h-22.4c-6.4 0-12.8 6.4-12.8 12.8v70.4c0 6.4 6.4 12.8 12.8 12.8z\" class=\"\"><\/path><\/svg><\/i> <img loading=\"lazy\" decoding=\"async\" width=\"16\" height=\"16\" alt=\"Loading\" src=\"https:\/\/temucotelevision.cl\/web\/wp-content\/plugins\/page-views-count\/ajax-loader-2x.gif\" border=0 \/><\/p><div class=\"pvc_clear\"><\/div>\n<p>Como compa\u00f1\u00eda discogr\u00e1fica, <strong>l<\/strong>amentamos profundamente el fallecimiento de Cecilia \u201cLa Incomparable\u201d, nos embarga una tristeza enorme por la partida de qui\u00e9n ser\u00e1 por siempre, nuestra amiga, colega y artista. Sentimos mucho su partida, ya que fue parte de la historia de nuestra familia Master Media Chile durante 10 a\u00f1os, dejando un gran legado hist\u00f3rico, el que mantendremos intacto por siempre. Es \u00fanica e incomparable, no solo por su ic\u00f3nica voz, tambi\u00e9n por su legado imborrable en la historia de la m\u00fasica chilena.<br>&nbsp;<br>Recordaremos eternamente su incansable trabajo, el que comenz\u00f3 en la \u00e9poca de los a\u00f1os \u201c60, rompiendo todos los esquemas de lo que se entend\u00eda como artista por esos tiempos, visionar\u00eda y adelantada a su \u00e9poca, no se dej\u00f3 amedrentar por las cr\u00edticas de quienes no valoraban su talento y construy\u00f3 un nuevo concepto de crear m\u00fasica en Chile, el que continuar\u00e1 vivo de generaci\u00f3n tras generaci\u00f3n.<\/p>\n\n\n\n<figure class=\"wp-block-image alignleft size-large is-resized\"><img loading=\"lazy\" decoding=\"async\" src=\"https:\/\/temucotelevision.cl\/web\/wp-content\/uploads\/2023\/07\/image-7-1024x1024.png\" alt=\"\" class=\"wp-image-43302\" width=\"351\" height=\"351\" srcset=\"https:\/\/temucotelevision.cl\/web\/wp-content\/uploads\/2023\/07\/image-7-1024x1024.png 1024w, https:\/\/temucotelevision.cl\/web\/wp-content\/uploads\/2023\/07\/image-7-1000x1000.png 1000w, https:\/\/temucotelevision.cl\/web\/wp-content\/uploads\/2023\/07\/image-7-768x768.png 768w, https:\/\/temucotelevision.cl\/web\/wp-content\/uploads\/2023\/07\/image-7-150x150.png 150w, https:\/\/temucotelevision.cl\/web\/wp-content\/uploads\/2023\/07\/image-7.png 1280w\" sizes=\"auto, (max-width: 351px) 100vw, 351px\" \/><\/figure>\n\n\n\n<p><br><br>Agradeciendo, su m\u00fasica, su incomparable calidad humana y talento, el a\u00f1o 2022 junto a la Red Archi, tuvimos el honor de entregar a \u201cCecilia\u201d un merecido reconocimiento, destacando sus 60 a\u00f1os de trayectoria y todos los a\u00f1os de trabajo en los que se posicion\u00f3 m\u00e1s all\u00e1 de lo musical, siendo un referente para la mujer chilena, conquistando generaciones.<br><br>Como sello discogr\u00e1fico, nuestra amiga Cecilia, continuar\u00e1 siendo una de las artistas m\u00e1s trascendentes de la cultura musical en Chile y por qu\u00e9 no decirlo en el extranjero.<\/p>\n\n\n\n<p><\/p>\n\n\n\n<figure class=\"wp-block-embed is-type-video is-provider-youtube wp-block-embed-youtube wp-embed-aspect-16-9 wp-has-aspect-ratio\"><div class=\"wp-block-embed__wrapper\">\n<div class=\"epyt-video-wrapper\"><iframe loading=\"lazy\"  id=\"_ytid_13019\"  width=\"800\" height=\"450\"  data-origwidth=\"800\" data-origheight=\"450\" src=\"https:\/\/www.youtube.com\/embed\/uH9ePZN7FSA?enablejsapi=1&#038;autoplay=0&#038;cc_load_policy=0&#038;cc_lang_pref=&#038;iv_load_policy=1&#038;loop=0&#038;rel=1&#038;fs=1&#038;playsinline=0&#038;autohide=2&#038;theme=dark&#038;color=red&#038;controls=1&#038;disablekb=0&#038;\" class=\"__youtube_prefs__  epyt-is-override  no-lazyload\" title=\"YouTube player\"  allow=\"fullscreen; accelerometer; autoplay; clipboard-write; encrypted-media; gyroscope; picture-in-picture; web-share\" referrerpolicy=\"strict-origin-when-cross-origin\" allowfullscreen data-no-lazy=\"1\" data-skipgform_ajax_framebjll=\"\"><\/iframe><\/div>\n<\/div><\/figure>\n","protected":false},"excerpt":{"rendered":"<div class=\"pvc_clear\"><\/div>\n<p id=\"pvc_stats_43298\" class=\"pvc_stats total_only  \" data-element-id=\"43298\" style=\"\"><i class=\"pvc-stats-icon large\" aria-hidden=\"true\"><svg aria-hidden=\"true\" focusable=\"false\" data-prefix=\"far\" data-icon=\"chart-bar\" role=\"img\" xmlns=\"http:\/\/www.w3.org\/2000\/svg\" viewBox=\"0 0 512 512\" class=\"svg-inline--fa fa-chart-bar fa-w-16 fa-2x\"><path fill=\"currentColor\" d=\"M396.8 352h22.4c6.4 0 12.8-6.4 12.8-12.8V108.8c0-6.4-6.4-12.8-12.8-12.8h-22.4c-6.4 0-12.8 6.4-12.8 12.8v230.4c0 6.4 6.4 12.8 12.8 12.8zm-192 0h22.4c6.4 0 12.8-6.4 12.8-12.8V140.8c0-6.4-6.4-12.8-12.8-12.8h-22.4c-6.4 0-12.8 6.4-12.8 12.8v198.4c0 6.4 6.4 12.8 12.8 12.8zm96 0h22.4c6.4 0 12.8-6.4 12.8-12.8V204.8c0-6.4-6.4-12.8-12.8-12.8h-22.4c-6.4 0-12.8 6.4-12.8 12.8v134.4c0 6.4 6.4 12.8 12.8 12.8zM496 400H48V80c0-8.84-7.16-16-16-16H16C7.16 64 0 71.16 0 80v336c0 17.67 14.33 32 32 32h464c8.84 0 16-7.16 16-16v-16c0-8.84-7.16-16-16-16zm-387.2-48h22.4c6.4 0 12.8-6.4 12.8-12.8v-70.4c0-6.4-6.4-12.8-12.8-12.8h-22.4c-6.4 0-12.8 6.4-12.8 12.8v70.4c0 6.4 6.4 12.8 12.8 12.8z\" class=\"\"><\/path><\/svg><\/i> <img loading=\"lazy\" decoding=\"async\" width=\"16\" height=\"16\" alt=\"Loading\" src=\"https:\/\/temucotelevision.cl\/web\/wp-content\/plugins\/page-views-count\/ajax-loader-2x.gif\" border=0 \/><\/p>\n<div class=\"pvc_clear\"><\/div>\n<p>Como compa\u00f1\u00eda discogr\u00e1fica, lamentamos profundamente el fallecimiento de Cecilia \u201cLa Incomparable\u201d, nos embarga una tristeza enorme por la partida de<\/p>\n","protected":false},"author":143,"featured_media":43301,"comment_status":"open","ping_status":"open","sticky":false,"template":"","format":"standard","meta":{"colormag_page_container_layout":"default_layout","colormag_page_sidebar_layout":"default_layout","footnotes":""},"categories":[369,18],"tags":[580,4974,311],"class_list":["post-43298","post","type-post","status-publish","format-standard","has-post-thumbnail","hentry","category-musica","category-nacional","tag-artista","tag-duelo","tag-musica"],"a3_pvc":{"activated":true,"total_views":1500,"today_views":0},"_links":{"self":[{"href":"https:\/\/temucotelevision.cl\/web\/wp-json\/wp\/v2\/posts\/43298","targetHints":{"allow":["GET"]}}],"collection":[{"href":"https:\/\/temucotelevision.cl\/web\/wp-json\/wp\/v2\/posts"}],"about":[{"href":"https:\/\/temucotelevision.cl\/web\/wp-json\/wp\/v2\/types\/post"}],"author":[{"embeddable":true,"href":"https:\/\/temucotelevision.cl\/web\/wp-json\/wp\/v2\/users\/143"}],"replies":[{"embeddable":true,"href":"https:\/\/temucotelevision.cl\/web\/wp-json\/wp\/v2\/comments?post=43298"}],"version-history":[{"count":4,"href":"https:\/\/temucotelevision.cl\/web\/wp-json\/wp\/v2\/posts\/43298\/revisions"}],"predecessor-version":[{"id":43309,"href":"https:\/\/temucotelevision.cl\/web\/wp-json\/wp\/v2\/posts\/43298\/revisions\/43309"}],"wp:featuredmedia":[{"embeddable":true,"href":"https:\/\/temucotelevision.cl\/web\/wp-json\/wp\/v2\/media\/43301"}],"wp:attachment":[{"href":"https:\/\/temucotelevision.cl\/web\/wp-json\/wp\/v2\/media?parent=43298"}],"wp:term":[{"taxonomy":"category","embeddable":true,"href":"https:\/\/temucotelevision.cl\/web\/wp-json\/wp\/v2\/categories?post=43298"},{"taxonomy":"post_tag","embeddable":true,"href":"https:\/\/temucotelevision.cl\/web\/wp-json\/wp\/v2\/tags?post=43298"}],"curies":[{"name":"wp","href":"https:\/\/api.w.org\/{rel}","templated":true}]}}