{"id":43209,"date":"2023-07-24T13:29:11","date_gmt":"2023-07-24T16:29:11","guid":{"rendered":"https:\/\/temucotelevision.cl\/web\/?p=43209"},"modified":"2023-07-24T17:34:29","modified_gmt":"2023-07-24T20:34:29","slug":"tragedia-en-el-sector-salto-de-la-princesa-dos-personas-fallecidas-tras-derrumbe-durante-una-acampada","status":"publish","type":"post","link":"https:\/\/temucotelevision.cl\/web\/2023\/07\/24\/tragedia-en-el-sector-salto-de-la-princesa-dos-personas-fallecidas-tras-derrumbe-durante-una-acampada\/","title":{"rendered":"Tragedia en el sector Salto de la Princesa en Curacaut\u00edn: Dos personas fallecidas tras derrumbe durante una acampada"},"content":{"rendered":"<div class=\"pvc_clear\"><\/div><p id=\"pvc_stats_43209\" class=\"pvc_stats total_only  \" data-element-id=\"43209\" style=\"\"><i class=\"pvc-stats-icon large\" aria-hidden=\"true\"><svg aria-hidden=\"true\" focusable=\"false\" data-prefix=\"far\" data-icon=\"chart-bar\" role=\"img\" xmlns=\"http:\/\/www.w3.org\/2000\/svg\" viewBox=\"0 0 512 512\" class=\"svg-inline--fa fa-chart-bar fa-w-16 fa-2x\"><path fill=\"currentColor\" d=\"M396.8 352h22.4c6.4 0 12.8-6.4 12.8-12.8V108.8c0-6.4-6.4-12.8-12.8-12.8h-22.4c-6.4 0-12.8 6.4-12.8 12.8v230.4c0 6.4 6.4 12.8 12.8 12.8zm-192 0h22.4c6.4 0 12.8-6.4 12.8-12.8V140.8c0-6.4-6.4-12.8-12.8-12.8h-22.4c-6.4 0-12.8 6.4-12.8 12.8v198.4c0 6.4 6.4 12.8 12.8 12.8zm96 0h22.4c6.4 0 12.8-6.4 12.8-12.8V204.8c0-6.4-6.4-12.8-12.8-12.8h-22.4c-6.4 0-12.8 6.4-12.8 12.8v134.4c0 6.4 6.4 12.8 12.8 12.8zM496 400H48V80c0-8.84-7.16-16-16-16H16C7.16 64 0 71.16 0 80v336c0 17.67 14.33 32 32 32h464c8.84 0 16-7.16 16-16v-16c0-8.84-7.16-16-16-16zm-387.2-48h22.4c6.4 0 12.8-6.4 12.8-12.8v-70.4c0-6.4-6.4-12.8-12.8-12.8h-22.4c-6.4 0-12.8 6.4-12.8 12.8v70.4c0 6.4 6.4 12.8 12.8 12.8z\" class=\"\"><\/path><\/svg><\/i> <img loading=\"lazy\" decoding=\"async\" width=\"16\" height=\"16\" alt=\"Loading\" src=\"https:\/\/temucotelevision.cl\/web\/wp-content\/plugins\/page-views-count\/ajax-loader-2x.gif\" border=0 \/><\/p><div class=\"pvc_clear\"><\/div>\n<p>Uno de los fallecidos es voluntario de Bomberos de Concepci\u00f3n. Los rescatistas rindieron honores.<\/p>\n\n\n\n<p>En una desafortunada tragedia, dos personas perdieron la vida tras quedar atrapadas bajo un derrumbe en el sector Salto de la Princesa en la comuna de Curacaut\u00edn. Seg\u00fan la informaci\u00f3n preliminar, las v\u00edctimas eran un hombre y una mujer que hab\u00edan acampado en el lugar durante la tarde del d\u00eda anterior.<\/p>\n\n\n\n<p>El derrumbe ocurri\u00f3 durante la noche, dejando atrapadas a las dos personas bajo escombros. Tras recibir el reporte del incidente, personal de bomberos y carabineros se dirigieron al lugar y, tras un arduo esfuerzo, lograron extraer los cuerpos de las v\u00edctimas.<\/p>\n\n\n\n<p>Hasta el momento, no se ha proporcionado informaci\u00f3n detallada sobre la identidad de las personas fallecidas ni sobre las circunstancias exactas del derrumbe. Se espera que el Fiscal de primeras diligencias y el servicio m\u00e9dico legal realicen las investigaciones pertinentes para esclarecer lo sucedido.<\/p>\n\n\n\n<p>Las autoridades competentes trabajar\u00e1n para determinar las causas del derrumbe y evaluar las medidas necesarias para evitar futuros incidentes similares.<\/p>\n\n\n\n<p>Se insta a los excursionistas y visitantes a mantenerse alerta sobre las condiciones del terreno en \u00e1reas de acampada y seguir las recomendaciones de las autoridades para garantizar la seguridad durante sus actividades al aire libre.<\/p>\n\n\n\n<p>El equipo de prensa seguir\u00e1 atento a los detalles que surjan de la investigaci\u00f3n en curso y proporcionar\u00e1 informaci\u00f3n actualizada a medida que est\u00e9 disponible. <\/p>\n\n\n\n<p>Informaci\u00f3n Gentileza comunicaciones Bomberos Araucania<\/p>\n\n\n\n<p>Actualizado:<\/p>\n\n\n\n<p>Carabineros recibi\u00f3 esta ma\u00f1ana un llamado telef\u00f3nico de una mujer que manifestaba que en el sector del salto de la princesa se hab\u00eda provocado un derrumbe que aplast\u00f3 un carpa de camping en la que se encontraban personas.<\/p>\n\n\n\n<p><br>Personal policial se constituy\u00f3 en sitio del suceso, esto es el kil\u00f3metro 76 de la Ruta internacional Ch-181, sector Salto de la Princesa, donde entrevistaron a la recepcionista de las caba\u00f1as y zona de camping, quien relat\u00f3 que aproximadamente a las 09:45 horas lleg\u00f3 a su lugar de trabajo y se traslad\u00f3 hasta los estanques de acopio de agua. Mientras se desplazaba por un camino vecinal, para verificar la situaci\u00f3n del agua, se pudo percatar que parte del cerro que da hacia el sector del camping se hab\u00eda desprendido, observando que hab\u00eda en el lugar un auto color blanco y a un costado una carpa para pernoctar, la cual se encontraba cubierta de tierra y un \u00e1rbol, por lo que efectu\u00f3 el llamado a carabineros para informar lo sucedido.<\/p>\n\n\n\n<p><br>La denunciante explic\u00f3 que ayer domingo, en horas de la tarde, cuando ella se retiraba de su lugar de trabajo, se encontr\u00f3 con ese autom\u00f3vil, en el cual se desplazaban un hombre y una mujer, quienes le manifestaron que har\u00eda uso del camping del lugar durante la noche y que esta ma\u00f1ana proceder\u00edan a registrar su ingreso.<\/p>\n\n\n\n<p><br>Despu\u00e9s de despejar el lugar voluntarios de Bomberos lograron el rescate de los cuerpos desde el interior de la carpa.<\/p>\n\n\n\n<figure class=\"wp-block-image size-large\"><img loading=\"lazy\" decoding=\"async\" width=\"1024\" height=\"690\" src=\"https:\/\/temucotelevision.cl\/web\/wp-content\/uploads\/2023\/07\/bc33febc-b1a1-4d9f-ad78-00ad23417e48-1024x690.jpg\" alt=\"\" class=\"wp-image-43208\" srcset=\"https:\/\/temucotelevision.cl\/web\/wp-content\/uploads\/2023\/07\/bc33febc-b1a1-4d9f-ad78-00ad23417e48-1024x690.jpg 1024w, https:\/\/temucotelevision.cl\/web\/wp-content\/uploads\/2023\/07\/bc33febc-b1a1-4d9f-ad78-00ad23417e48-768x518.jpg 768w, https:\/\/temucotelevision.cl\/web\/wp-content\/uploads\/2023\/07\/bc33febc-b1a1-4d9f-ad78-00ad23417e48-1536x1036.jpg 1536w, https:\/\/temucotelevision.cl\/web\/wp-content\/uploads\/2023\/07\/bc33febc-b1a1-4d9f-ad78-00ad23417e48.jpg 1590w\" sizes=\"auto, (max-width: 1024px) 100vw, 1024px\" \/><\/figure>\n","protected":false},"excerpt":{"rendered":"<div class=\"pvc_clear\"><\/div>\n<p id=\"pvc_stats_43209\" class=\"pvc_stats total_only  \" data-element-id=\"43209\" style=\"\"><i class=\"pvc-stats-icon large\" aria-hidden=\"true\"><svg aria-hidden=\"true\" focusable=\"false\" data-prefix=\"far\" data-icon=\"chart-bar\" role=\"img\" xmlns=\"http:\/\/www.w3.org\/2000\/svg\" viewBox=\"0 0 512 512\" class=\"svg-inline--fa fa-chart-bar fa-w-16 fa-2x\"><path fill=\"currentColor\" d=\"M396.8 352h22.4c6.4 0 12.8-6.4 12.8-12.8V108.8c0-6.4-6.4-12.8-12.8-12.8h-22.4c-6.4 0-12.8 6.4-12.8 12.8v230.4c0 6.4 6.4 12.8 12.8 12.8zm-192 0h22.4c6.4 0 12.8-6.4 12.8-12.8V140.8c0-6.4-6.4-12.8-12.8-12.8h-22.4c-6.4 0-12.8 6.4-12.8 12.8v198.4c0 6.4 6.4 12.8 12.8 12.8zm96 0h22.4c6.4 0 12.8-6.4 12.8-12.8V204.8c0-6.4-6.4-12.8-12.8-12.8h-22.4c-6.4 0-12.8 6.4-12.8 12.8v134.4c0 6.4 6.4 12.8 12.8 12.8zM496 400H48V80c0-8.84-7.16-16-16-16H16C7.16 64 0 71.16 0 80v336c0 17.67 14.33 32 32 32h464c8.84 0 16-7.16 16-16v-16c0-8.84-7.16-16-16-16zm-387.2-48h22.4c6.4 0 12.8-6.4 12.8-12.8v-70.4c0-6.4-6.4-12.8-12.8-12.8h-22.4c-6.4 0-12.8 6.4-12.8 12.8v70.4c0 6.4 6.4 12.8 12.8 12.8z\" class=\"\"><\/path><\/svg><\/i> <img loading=\"lazy\" decoding=\"async\" width=\"16\" height=\"16\" alt=\"Loading\" src=\"https:\/\/temucotelevision.cl\/web\/wp-content\/plugins\/page-views-count\/ajax-loader-2x.gif\" border=0 \/><\/p>\n<div class=\"pvc_clear\"><\/div>\n<p>Uno de los fallecidos es voluntario de Bomberos de Concepci\u00f3n. Los rescatistas rindieron honores. En una desafortunada tragedia, dos personas<\/p>\n","protected":false},"author":1,"featured_media":43207,"comment_status":"open","ping_status":"open","sticky":false,"template":"","format":"standard","meta":{"colormag_page_container_layout":"default_layout","colormag_page_sidebar_layout":"default_layout","footnotes":""},"categories":[15],"tags":[766],"class_list":["post-43209","post","type-post","status-publish","format-standard","has-post-thumbnail","hentry","category-la-araucania","tag-personas"],"a3_pvc":{"activated":true,"total_views":2739,"today_views":0},"_links":{"self":[{"href":"https:\/\/temucotelevision.cl\/web\/wp-json\/wp\/v2\/posts\/43209","targetHints":{"allow":["GET"]}}],"collection":[{"href":"https:\/\/temucotelevision.cl\/web\/wp-json\/wp\/v2\/posts"}],"about":[{"href":"https:\/\/temucotelevision.cl\/web\/wp-json\/wp\/v2\/types\/post"}],"author":[{"embeddable":true,"href":"https:\/\/temucotelevision.cl\/web\/wp-json\/wp\/v2\/users\/1"}],"replies":[{"embeddable":true,"href":"https:\/\/temucotelevision.cl\/web\/wp-json\/wp\/v2\/comments?post=43209"}],"version-history":[{"count":9,"href":"https:\/\/temucotelevision.cl\/web\/wp-json\/wp\/v2\/posts\/43209\/revisions"}],"predecessor-version":[{"id":43234,"href":"https:\/\/temucotelevision.cl\/web\/wp-json\/wp\/v2\/posts\/43209\/revisions\/43234"}],"wp:featuredmedia":[{"embeddable":true,"href":"https:\/\/temucotelevision.cl\/web\/wp-json\/wp\/v2\/media\/43207"}],"wp:attachment":[{"href":"https:\/\/temucotelevision.cl\/web\/wp-json\/wp\/v2\/media?parent=43209"}],"wp:term":[{"taxonomy":"category","embeddable":true,"href":"https:\/\/temucotelevision.cl\/web\/wp-json\/wp\/v2\/categories?post=43209"},{"taxonomy":"post_tag","embeddable":true,"href":"https:\/\/temucotelevision.cl\/web\/wp-json\/wp\/v2\/tags?post=43209"}],"curies":[{"name":"wp","href":"https:\/\/api.w.org\/{rel}","templated":true}]}}