{"id":43200,"date":"2023-07-24T11:53:40","date_gmt":"2023-07-24T14:53:40","guid":{"rendered":"https:\/\/temucotelevision.cl\/web\/?p=43200"},"modified":"2023-07-24T11:57:38","modified_gmt":"2023-07-24T14:57:38","slug":"investigan-incendio-estructural-en-collipulli-vivienda-patronal-fue-consumida-por-la-llamas","status":"publish","type":"post","link":"https:\/\/temucotelevision.cl\/web\/2023\/07\/24\/investigan-incendio-estructural-en-collipulli-vivienda-patronal-fue-consumida-por-la-llamas\/","title":{"rendered":"Investigan incendio estructural en Collipulli: Vivienda patronal fue consumida por la llamas"},"content":{"rendered":"<div class=\"pvc_clear\"><\/div><p id=\"pvc_stats_43200\" class=\"pvc_stats total_only  \" data-element-id=\"43200\" style=\"\"><i class=\"pvc-stats-icon large\" aria-hidden=\"true\"><svg aria-hidden=\"true\" focusable=\"false\" data-prefix=\"far\" data-icon=\"chart-bar\" role=\"img\" xmlns=\"http:\/\/www.w3.org\/2000\/svg\" viewBox=\"0 0 512 512\" class=\"svg-inline--fa fa-chart-bar fa-w-16 fa-2x\"><path fill=\"currentColor\" d=\"M396.8 352h22.4c6.4 0 12.8-6.4 12.8-12.8V108.8c0-6.4-6.4-12.8-12.8-12.8h-22.4c-6.4 0-12.8 6.4-12.8 12.8v230.4c0 6.4 6.4 12.8 12.8 12.8zm-192 0h22.4c6.4 0 12.8-6.4 12.8-12.8V140.8c0-6.4-6.4-12.8-12.8-12.8h-22.4c-6.4 0-12.8 6.4-12.8 12.8v198.4c0 6.4 6.4 12.8 12.8 12.8zm96 0h22.4c6.4 0 12.8-6.4 12.8-12.8V204.8c0-6.4-6.4-12.8-12.8-12.8h-22.4c-6.4 0-12.8 6.4-12.8 12.8v134.4c0 6.4 6.4 12.8 12.8 12.8zM496 400H48V80c0-8.84-7.16-16-16-16H16C7.16 64 0 71.16 0 80v336c0 17.67 14.33 32 32 32h464c8.84 0 16-7.16 16-16v-16c0-8.84-7.16-16-16-16zm-387.2-48h22.4c6.4 0 12.8-6.4 12.8-12.8v-70.4c0-6.4-6.4-12.8-12.8-12.8h-22.4c-6.4 0-12.8 6.4-12.8 12.8v70.4c0 6.4 6.4 12.8 12.8 12.8z\" class=\"\"><\/path><\/svg><\/i> <img loading=\"lazy\" decoding=\"async\" width=\"16\" height=\"16\" alt=\"Loading\" src=\"https:\/\/temucotelevision.cl\/web\/wp-content\/plugins\/page-views-count\/ajax-loader-2x.gif\" border=0 \/><\/p><div class=\"pvc_clear\"><\/div>\n<p>Un grave incendio estructural de una vivienda estilo &#8220;patronal&#8221; ha conmocionado a la comuna de Collipulli durante la noche de este domingo. El siniestro se ha registrado en el sector de La Suerte, espec\u00edficamente en el camino hacia San Andr\u00e9s, a la altura del kil\u00f3metro 29.<\/p>\n\n\n\n<p>El incendio comenz\u00f3 durante la noche, cuando las llamas se propagaron r\u00e1pidamente por la residencia, ocasionando da\u00f1os significativos en la propiedad. La vivienda, de arquitectura tradicional, se encontraba ubicada en un lugar emblem\u00e1tico de la comuna.<\/p>\n\n\n\n<p>Los equipos de emergencia se desplazaron al lugar del incidente para controlar el fuego, no se han reportado heridos, pero la magnitud del incendio ha generado preocupaci\u00f3n entre los vecinos de la zona.<\/p>\n\n\n\n<p>Las causas del incendio a\u00fan no han sido determinadas, y se espera que las autoridades realicen una investigaci\u00f3n exhaustiva para esclarecer los motivos detr\u00e1s de este lamentable incidente.<\/p>\n\n\n\n<div class=\"wp-block-media-text alignwide is-stacked-on-mobile\"><figure class=\"wp-block-media-text__media\"><video controls src=\"https:\/\/temucotelevision.cl\/web\/wp-content\/uploads\/2023\/07\/WhatsApp-Video-2023-07-24-at-08.45.25.mp4\"><\/video><\/figure><div class=\"wp-block-media-text__content\">\n<p>A medida que se disponga de m\u00e1s informaci\u00f3n sobre el incendio y sus consecuencias, se proporcionar\u00e1n actualizaciones a la comunidad y a los medios de comunicaci\u00f3n locales.<\/p>\n<\/div><\/div>\n\n\n\n<p><\/p>\n","protected":false},"excerpt":{"rendered":"<div class=\"pvc_clear\"><\/div>\n<p id=\"pvc_stats_43200\" class=\"pvc_stats total_only  \" data-element-id=\"43200\" style=\"\"><i class=\"pvc-stats-icon large\" aria-hidden=\"true\"><svg aria-hidden=\"true\" focusable=\"false\" data-prefix=\"far\" data-icon=\"chart-bar\" role=\"img\" xmlns=\"http:\/\/www.w3.org\/2000\/svg\" viewBox=\"0 0 512 512\" class=\"svg-inline--fa fa-chart-bar fa-w-16 fa-2x\"><path fill=\"currentColor\" d=\"M396.8 352h22.4c6.4 0 12.8-6.4 12.8-12.8V108.8c0-6.4-6.4-12.8-12.8-12.8h-22.4c-6.4 0-12.8 6.4-12.8 12.8v230.4c0 6.4 6.4 12.8 12.8 12.8zm-192 0h22.4c6.4 0 12.8-6.4 12.8-12.8V140.8c0-6.4-6.4-12.8-12.8-12.8h-22.4c-6.4 0-12.8 6.4-12.8 12.8v198.4c0 6.4 6.4 12.8 12.8 12.8zm96 0h22.4c6.4 0 12.8-6.4 12.8-12.8V204.8c0-6.4-6.4-12.8-12.8-12.8h-22.4c-6.4 0-12.8 6.4-12.8 12.8v134.4c0 6.4 6.4 12.8 12.8 12.8zM496 400H48V80c0-8.84-7.16-16-16-16H16C7.16 64 0 71.16 0 80v336c0 17.67 14.33 32 32 32h464c8.84 0 16-7.16 16-16v-16c0-8.84-7.16-16-16-16zm-387.2-48h22.4c6.4 0 12.8-6.4 12.8-12.8v-70.4c0-6.4-6.4-12.8-12.8-12.8h-22.4c-6.4 0-12.8 6.4-12.8 12.8v70.4c0 6.4 6.4 12.8 12.8 12.8z\" class=\"\"><\/path><\/svg><\/i> <img loading=\"lazy\" decoding=\"async\" width=\"16\" height=\"16\" alt=\"Loading\" src=\"https:\/\/temucotelevision.cl\/web\/wp-content\/plugins\/page-views-count\/ajax-loader-2x.gif\" border=0 \/><\/p>\n<div class=\"pvc_clear\"><\/div>\n<p>Un grave incendio estructural de una vivienda estilo &#8220;patronal&#8221; ha conmocionado a la comuna de Collipulli durante la noche de<\/p>\n","protected":false},"author":1,"featured_media":43201,"comment_status":"open","ping_status":"open","sticky":false,"template":"","format":"standard","meta":{"colormag_page_container_layout":"default_layout","colormag_page_sidebar_layout":"default_layout","footnotes":""},"categories":[15],"tags":[713,291,866],"class_list":["post-43200","post","type-post","status-publish","format-standard","has-post-thumbnail","hentry","category-la-araucania","tag-collipulli","tag-incendio","tag-vivienda"],"a3_pvc":{"activated":true,"total_views":2445,"today_views":0},"_links":{"self":[{"href":"https:\/\/temucotelevision.cl\/web\/wp-json\/wp\/v2\/posts\/43200","targetHints":{"allow":["GET"]}}],"collection":[{"href":"https:\/\/temucotelevision.cl\/web\/wp-json\/wp\/v2\/posts"}],"about":[{"href":"https:\/\/temucotelevision.cl\/web\/wp-json\/wp\/v2\/types\/post"}],"author":[{"embeddable":true,"href":"https:\/\/temucotelevision.cl\/web\/wp-json\/wp\/v2\/users\/1"}],"replies":[{"embeddable":true,"href":"https:\/\/temucotelevision.cl\/web\/wp-json\/wp\/v2\/comments?post=43200"}],"version-history":[{"count":3,"href":"https:\/\/temucotelevision.cl\/web\/wp-json\/wp\/v2\/posts\/43200\/revisions"}],"predecessor-version":[{"id":43206,"href":"https:\/\/temucotelevision.cl\/web\/wp-json\/wp\/v2\/posts\/43200\/revisions\/43206"}],"wp:featuredmedia":[{"embeddable":true,"href":"https:\/\/temucotelevision.cl\/web\/wp-json\/wp\/v2\/media\/43201"}],"wp:attachment":[{"href":"https:\/\/temucotelevision.cl\/web\/wp-json\/wp\/v2\/media?parent=43200"}],"wp:term":[{"taxonomy":"category","embeddable":true,"href":"https:\/\/temucotelevision.cl\/web\/wp-json\/wp\/v2\/categories?post=43200"},{"taxonomy":"post_tag","embeddable":true,"href":"https:\/\/temucotelevision.cl\/web\/wp-json\/wp\/v2\/tags?post=43200"}],"curies":[{"name":"wp","href":"https:\/\/api.w.org\/{rel}","templated":true}]}}