{"id":43197,"date":"2023-07-23T22:23:26","date_gmt":"2023-07-24T01:23:26","guid":{"rendered":"https:\/\/temucotelevision.cl\/web\/?p=43197"},"modified":"2023-07-23T22:23:27","modified_gmt":"2023-07-24T01:23:27","slug":"competicion-intensa-segundo-escolar-ajedrez-club-torres-del-nielol-de-temuco","status":"publish","type":"post","link":"https:\/\/temucotelevision.cl\/web\/2023\/07\/23\/competicion-intensa-segundo-escolar-ajedrez-club-torres-del-nielol-de-temuco\/","title":{"rendered":"Competici\u00f3n Intensa: Segundo escolar ajedrez Club Torres del \u00d1ielol de Temuco"},"content":{"rendered":"<div class=\"pvc_clear\"><\/div><p id=\"pvc_stats_43197\" class=\"pvc_stats total_only  \" data-element-id=\"43197\" style=\"\"><i class=\"pvc-stats-icon large\" aria-hidden=\"true\"><svg aria-hidden=\"true\" focusable=\"false\" data-prefix=\"far\" data-icon=\"chart-bar\" role=\"img\" xmlns=\"http:\/\/www.w3.org\/2000\/svg\" viewBox=\"0 0 512 512\" class=\"svg-inline--fa fa-chart-bar fa-w-16 fa-2x\"><path fill=\"currentColor\" d=\"M396.8 352h22.4c6.4 0 12.8-6.4 12.8-12.8V108.8c0-6.4-6.4-12.8-12.8-12.8h-22.4c-6.4 0-12.8 6.4-12.8 12.8v230.4c0 6.4 6.4 12.8 12.8 12.8zm-192 0h22.4c6.4 0 12.8-6.4 12.8-12.8V140.8c0-6.4-6.4-12.8-12.8-12.8h-22.4c-6.4 0-12.8 6.4-12.8 12.8v198.4c0 6.4 6.4 12.8 12.8 12.8zm96 0h22.4c6.4 0 12.8-6.4 12.8-12.8V204.8c0-6.4-6.4-12.8-12.8-12.8h-22.4c-6.4 0-12.8 6.4-12.8 12.8v134.4c0 6.4 6.4 12.8 12.8 12.8zM496 400H48V80c0-8.84-7.16-16-16-16H16C7.16 64 0 71.16 0 80v336c0 17.67 14.33 32 32 32h464c8.84 0 16-7.16 16-16v-16c0-8.84-7.16-16-16-16zm-387.2-48h22.4c6.4 0 12.8-6.4 12.8-12.8v-70.4c0-6.4-6.4-12.8-12.8-12.8h-22.4c-6.4 0-12.8 6.4-12.8 12.8v70.4c0 6.4 6.4 12.8 12.8 12.8z\" class=\"\"><\/path><\/svg><\/i> <img loading=\"lazy\" decoding=\"async\" width=\"16\" height=\"16\" alt=\"Loading\" src=\"https:\/\/temucotelevision.cl\/web\/wp-content\/plugins\/page-views-count\/ajax-loader-2x.gif\" border=0 \/><\/p><div class=\"pvc_clear\"><\/div>\n<p><strong>Evento se realizar\u00e1 el d\u00eda S\u00e1bado 29 de Julio.<\/strong><\/p>\n\n\n\n<p>Hasta el d\u00eda\u00a0 pr\u00f3ximo Jueves 27 de Julio\u00a0 se encuentran abiertas las inscripciones\u00a0 para\u00a0 los\u00a0 escolares que deseen\u00a0 participar del Segundo Campeonato Escolar\u00a0A\u00f1o 2023\u00a0organizado\u00a0 por el CLUB DE\u00a0 AJEDREZ\u00a0 TORRES DEL \u00d1IELOL\u00a0 DE TEMUCO con el valioso apoyo de\u00a0 la Corporaci\u00f3n Municipal y el Departamento de Deportes de\u00a0 Temuco.-<\/p>\n\n\n\n<p>La&nbsp; Presidenta del Club de Ajedrez&nbsp; Torres del \u00d1ielol Alejandra D\u00edaz indic\u00f3 que \u201c la iniciativa&nbsp;&nbsp; se enmarca en el plan de trabajo del a\u00f1o 2023 &nbsp;del Club de Ajedrez Torres del \u00d1ielol de Temuco en conjunto con la Corporaci\u00f3n Municipal&nbsp; y el Departamento de deportes de la Municipalidad de&nbsp; Temuco y&nbsp; est\u00e1 dirigida a&nbsp; todos los estudiantes de los distintos establecimientos educacionales de Temuco y la Regi\u00f3n, municipales, particulares y particulares subvencionados\u201d.<\/p>\n\n\n\n<p>El&nbsp; primer campeonato&nbsp;&nbsp; &nbsp;efectuado en el mes de Junio&nbsp; del presente a\u00f1o convoc\u00f3 a m\u00e1s de un centenar de escolares&nbsp;&nbsp; de la&nbsp; Comuna de&nbsp; Temuco entre 8&nbsp; y 18 a\u00f1os pertenecientes a&nbsp; distintos establecimientos educacionales de Temuco,&nbsp;&nbsp; tanto municipales,&nbsp; particulares subvencionados&nbsp;&nbsp; y particulares.<\/p>\n\n\n\n<p>Ello da cuenta del inter\u00e9s&nbsp; que existe en los escolares de nuestra ciudad por&nbsp;&nbsp; la pr\u00e1ctica del deporte ciencia, lo cual&nbsp; es muy importante atendido los innumerables beneficios que proporciona&nbsp; la pr\u00e1ctica del ajedrez en los estudiantes, se\u00f1al\u00f3&nbsp; Alejandra D\u00edaz, Presidenta del Club Torres del \u00d1ielol.<\/p>\n\n\n\n<p>La invitaci\u00f3n est\u00e1 abierta a&nbsp; todos los ajedrecistas escolares de&nbsp; la Comuna de Temuco y toda la regi\u00f3n.<\/p>\n\n\n\n<p>Link inscripci\u00f3n : <a href=\"https:\/\/docs.google.com\/forms\/d\/e\/1FAIpQLSdXPWb3uROiS4UoQoZBKfFWSUVSTA0DzisIVBN3JjdR01FHxg\/viewform\" target=\"_blank\" rel=\"noreferrer noopener\">https:\/\/docs.google.com\/forms\/d\/e\/1FAIpQLSdXPWb3uROiS4UoQoZBKfFWSUVSTA0DzisIVBN3JjdR01FHxg\/viewform<\/a><\/p>\n\n\n\n<p>La competencia se&nbsp; realizar\u00e1 &nbsp;&nbsp;en el sal\u00f3n VIP de Temuco&nbsp; a contar de las&nbsp; 09.30 hrs del d\u00eda 29 de Julio&nbsp; y contempla las&nbsp; siguientes categor\u00edas mixtas:<\/p>\n\n\n\n<p>Sub 10 considera a&nbsp; Sub 8&nbsp; (nacidos a contar del&nbsp; 1 de Enero de 2015 y&nbsp; 2013)&nbsp;&nbsp; Sub 14 considera a Sub 12&nbsp; (nacidos a contar del 1 de Enero de 2011 y&nbsp; 2009)&nbsp;&nbsp; Sub 18 Considera a Sub 16 (nacidos a contar del 1 de Enero de 2007 y 2005)<\/p>\n\n\n\n<p>El formato &nbsp;de juego ser\u00e1 por Sistema Suizo a 5 rondas con un tiempo de juego para cada participante de 15\u00b4+ 2\u00b4\u00b4 de incremento por movida desde la primera.<\/p>\n\n\n\n<p>Interesados pueden dirigir consultas a :<\/p>\n\n\n\n<p><a href=\"mailto:clubdeajedreztorresdelnielol@gmail.com\">clubdeajedreztorresdelnielol@gmail.com<\/a><\/p>\n\n\n\n<p>TEMUCO,&nbsp; Julio 2023.-<\/p>\n","protected":false},"excerpt":{"rendered":"<div class=\"pvc_clear\"><\/div>\n<p id=\"pvc_stats_43197\" class=\"pvc_stats total_only  \" data-element-id=\"43197\" style=\"\"><i class=\"pvc-stats-icon large\" aria-hidden=\"true\"><svg aria-hidden=\"true\" focusable=\"false\" data-prefix=\"far\" data-icon=\"chart-bar\" role=\"img\" xmlns=\"http:\/\/www.w3.org\/2000\/svg\" viewBox=\"0 0 512 512\" class=\"svg-inline--fa fa-chart-bar fa-w-16 fa-2x\"><path fill=\"currentColor\" d=\"M396.8 352h22.4c6.4 0 12.8-6.4 12.8-12.8V108.8c0-6.4-6.4-12.8-12.8-12.8h-22.4c-6.4 0-12.8 6.4-12.8 12.8v230.4c0 6.4 6.4 12.8 12.8 12.8zm-192 0h22.4c6.4 0 12.8-6.4 12.8-12.8V140.8c0-6.4-6.4-12.8-12.8-12.8h-22.4c-6.4 0-12.8 6.4-12.8 12.8v198.4c0 6.4 6.4 12.8 12.8 12.8zm96 0h22.4c6.4 0 12.8-6.4 12.8-12.8V204.8c0-6.4-6.4-12.8-12.8-12.8h-22.4c-6.4 0-12.8 6.4-12.8 12.8v134.4c0 6.4 6.4 12.8 12.8 12.8zM496 400H48V80c0-8.84-7.16-16-16-16H16C7.16 64 0 71.16 0 80v336c0 17.67 14.33 32 32 32h464c8.84 0 16-7.16 16-16v-16c0-8.84-7.16-16-16-16zm-387.2-48h22.4c6.4 0 12.8-6.4 12.8-12.8v-70.4c0-6.4-6.4-12.8-12.8-12.8h-22.4c-6.4 0-12.8 6.4-12.8 12.8v70.4c0 6.4 6.4 12.8 12.8 12.8z\" class=\"\"><\/path><\/svg><\/i> <img loading=\"lazy\" decoding=\"async\" width=\"16\" height=\"16\" alt=\"Loading\" src=\"https:\/\/temucotelevision.cl\/web\/wp-content\/plugins\/page-views-count\/ajax-loader-2x.gif\" border=0 \/><\/p>\n<div class=\"pvc_clear\"><\/div>\n<p>Evento se realizar\u00e1 el d\u00eda S\u00e1bado 29 de Julio. Hasta el d\u00eda\u00a0 pr\u00f3ximo Jueves 27 de Julio\u00a0 se encuentran abiertas<\/p>\n","protected":false},"author":1,"featured_media":43198,"comment_status":"open","ping_status":"open","sticky":false,"template":"","format":"standard","meta":{"colormag_page_container_layout":"default_layout","colormag_page_sidebar_layout":"default_layout","footnotes":""},"categories":[86,14],"tags":[3033,910,660],"class_list":["post-43197","post","type-post","status-publish","format-standard","has-post-thumbnail","hentry","category-panoramas","category-temuco","tag-ajedrez","tag-campeonato","tag-escolar"],"a3_pvc":{"activated":true,"total_views":1139,"today_views":0},"_links":{"self":[{"href":"https:\/\/temucotelevision.cl\/web\/wp-json\/wp\/v2\/posts\/43197","targetHints":{"allow":["GET"]}}],"collection":[{"href":"https:\/\/temucotelevision.cl\/web\/wp-json\/wp\/v2\/posts"}],"about":[{"href":"https:\/\/temucotelevision.cl\/web\/wp-json\/wp\/v2\/types\/post"}],"author":[{"embeddable":true,"href":"https:\/\/temucotelevision.cl\/web\/wp-json\/wp\/v2\/users\/1"}],"replies":[{"embeddable":true,"href":"https:\/\/temucotelevision.cl\/web\/wp-json\/wp\/v2\/comments?post=43197"}],"version-history":[{"count":1,"href":"https:\/\/temucotelevision.cl\/web\/wp-json\/wp\/v2\/posts\/43197\/revisions"}],"predecessor-version":[{"id":43199,"href":"https:\/\/temucotelevision.cl\/web\/wp-json\/wp\/v2\/posts\/43197\/revisions\/43199"}],"wp:featuredmedia":[{"embeddable":true,"href":"https:\/\/temucotelevision.cl\/web\/wp-json\/wp\/v2\/media\/43198"}],"wp:attachment":[{"href":"https:\/\/temucotelevision.cl\/web\/wp-json\/wp\/v2\/media?parent=43197"}],"wp:term":[{"taxonomy":"category","embeddable":true,"href":"https:\/\/temucotelevision.cl\/web\/wp-json\/wp\/v2\/categories?post=43197"},{"taxonomy":"post_tag","embeddable":true,"href":"https:\/\/temucotelevision.cl\/web\/wp-json\/wp\/v2\/tags?post=43197"}],"curies":[{"name":"wp","href":"https:\/\/api.w.org\/{rel}","templated":true}]}}