{"id":43115,"date":"2023-07-19T14:50:51","date_gmt":"2023-07-19T17:50:51","guid":{"rendered":"https:\/\/temucotelevision.cl\/web\/?p=43115"},"modified":"2023-07-19T14:50:52","modified_gmt":"2023-07-19T17:50:52","slug":"fiscalia-formaliza-a-carabinero-por-los-delitos-de-vejaciones-injustas-y-obstaculizacion-de-libre-difusion-en-contra-de-camarografo-durante-manifestacion-en-temuco","status":"publish","type":"post","link":"https:\/\/temucotelevision.cl\/web\/2023\/07\/19\/fiscalia-formaliza-a-carabinero-por-los-delitos-de-vejaciones-injustas-y-obstaculizacion-de-libre-difusion-en-contra-de-camarografo-durante-manifestacion-en-temuco\/","title":{"rendered":"Fiscal\u00eda formaliza a carabinero por los delitos de vejaciones injustas y obstaculizaci\u00f3n de libre difusi\u00f3n en contra  de camar\u00f3grafo durante manifestaci\u00f3n en Temuco"},"content":{"rendered":"<div class=\"pvc_clear\"><\/div><p id=\"pvc_stats_43115\" class=\"pvc_stats total_only  \" data-element-id=\"43115\" style=\"\"><i class=\"pvc-stats-icon large\" aria-hidden=\"true\"><svg aria-hidden=\"true\" focusable=\"false\" data-prefix=\"far\" data-icon=\"chart-bar\" role=\"img\" xmlns=\"http:\/\/www.w3.org\/2000\/svg\" viewBox=\"0 0 512 512\" class=\"svg-inline--fa fa-chart-bar fa-w-16 fa-2x\"><path fill=\"currentColor\" d=\"M396.8 352h22.4c6.4 0 12.8-6.4 12.8-12.8V108.8c0-6.4-6.4-12.8-12.8-12.8h-22.4c-6.4 0-12.8 6.4-12.8 12.8v230.4c0 6.4 6.4 12.8 12.8 12.8zm-192 0h22.4c6.4 0 12.8-6.4 12.8-12.8V140.8c0-6.4-6.4-12.8-12.8-12.8h-22.4c-6.4 0-12.8 6.4-12.8 12.8v198.4c0 6.4 6.4 12.8 12.8 12.8zm96 0h22.4c6.4 0 12.8-6.4 12.8-12.8V204.8c0-6.4-6.4-12.8-12.8-12.8h-22.4c-6.4 0-12.8 6.4-12.8 12.8v134.4c0 6.4 6.4 12.8 12.8 12.8zM496 400H48V80c0-8.84-7.16-16-16-16H16C7.16 64 0 71.16 0 80v336c0 17.67 14.33 32 32 32h464c8.84 0 16-7.16 16-16v-16c0-8.84-7.16-16-16-16zm-387.2-48h22.4c6.4 0 12.8-6.4 12.8-12.8v-70.4c0-6.4-6.4-12.8-12.8-12.8h-22.4c-6.4 0-12.8 6.4-12.8 12.8v70.4c0 6.4 6.4 12.8 12.8 12.8z\" class=\"\"><\/path><\/svg><\/i> <img loading=\"lazy\" decoding=\"async\" width=\"16\" height=\"16\" alt=\"Loading\" src=\"https:\/\/temucotelevision.cl\/web\/wp-content\/plugins\/page-views-count\/ajax-loader-2x.gif\" border=0 \/><\/p><div class=\"pvc_clear\"><\/div>\n<p>La Fiscal\u00eda Regional de Temuco ha llevado a cabo la formalizaci\u00f3n de un carabinero por  agresi\u00f3n injustificada y desproporcionada contra un camar\u00f3grafo de un medio televisivo durante una manifestaci\u00f3n en la ciudad en 2020. En un video compartido por el fiscal Ra\u00fal Espinoza, de la Unidad Regional de Derechos Humanos de la Fiscal\u00eda, se presentaron detalles sobre el caso.<\/p>\n\n\n\n<p>En el tribunal de garant\u00eda de Temuco, la Fiscal\u00eda formul\u00f3 cargos contra el funcionario policial por los delitos de vejaciones injustas (Art. 255 del C\u00f3digo Penal) y obstaculizaci\u00f3n de la libre difusi\u00f3n de informaciones a trav\u00e9s de medios de comunicaci\u00f3n social (Art. 36 de la Ley 19.733).<\/p>\n\n\n\n<p>El tribunal ha establecido un plazo de investigaci\u00f3n de 4 meses y ha impuesto al carabinero medidas cautelares de firma mensual y prohibici\u00f3n de acercarse a la v\u00edctima.<\/p>\n\n\n\n<p>Los hechos ocurrieron en la tarde del 22 de julio de 2020, cuando el camar\u00f3grafo, que trabajaba para UFROMEDIOS, se encontraba registrando junto a otros profesionales de los medios de comunicaci\u00f3n una manifestaci\u00f3n en la intersecci\u00f3n de las calles Olimpia y Las Encinas en Temuco. La manifestaci\u00f3n ten\u00eda lugar en contra de Mart\u00edn Pradenas, quien ese mismo d\u00eda el Juzgado de Garant\u00eda de Temuco rechaz\u00f3 la medida cautelar de prisi\u00f3n preventiva en su contra.<\/p>\n\n\n\n<p>Durante el registro de la manifestaci\u00f3n, el cabo segundo Francisco Ram\u00edrez Vergara, quien participaba en la detenci\u00f3n de un manifestante, habr\u00eda atacado al camar\u00f3grafo de manera injustificada y desproporcionada, impidiendo su labor period\u00edstica y posteriormente deteni\u00e9ndolo.<\/p>\n\n\n\n<p>Como consecuencia de la violencia ejercida por el funcionario, el camar\u00f3grafo cay\u00f3 al suelo y se golpe\u00f3 el rostro con la c\u00e1mara, sufriendo un hematoma en el p\u00e1rpado inferior derecho y una herida contuso-erosiva de car\u00e1cter leve.<\/p>\n\n\n\n<p>La formalizaci\u00f3n del carabinero por parte de la Fiscal\u00eda Regional de Temuco refuerza el compromiso de investigar y sancionar cualquier acto de violencia injustificada en el contexto de manifestaciones y garantizar la protecci\u00f3n de los derechos de los trabajadores de los medios de comunicaci\u00f3n.<\/p>\n\n\n\n<p>La comunidad espera que el proceso de investigaci\u00f3n se lleve a cabo de manera rigurosa y transparente, con el fin de determinar las responsabilidades correspondientes y prevenir situaciones similares en el futuro.<\/p>\n","protected":false},"excerpt":{"rendered":"<div class=\"pvc_clear\"><\/div>\n<p id=\"pvc_stats_43115\" class=\"pvc_stats total_only  \" data-element-id=\"43115\" style=\"\"><i class=\"pvc-stats-icon large\" aria-hidden=\"true\"><svg aria-hidden=\"true\" focusable=\"false\" data-prefix=\"far\" data-icon=\"chart-bar\" role=\"img\" xmlns=\"http:\/\/www.w3.org\/2000\/svg\" viewBox=\"0 0 512 512\" class=\"svg-inline--fa fa-chart-bar fa-w-16 fa-2x\"><path fill=\"currentColor\" d=\"M396.8 352h22.4c6.4 0 12.8-6.4 12.8-12.8V108.8c0-6.4-6.4-12.8-12.8-12.8h-22.4c-6.4 0-12.8 6.4-12.8 12.8v230.4c0 6.4 6.4 12.8 12.8 12.8zm-192 0h22.4c6.4 0 12.8-6.4 12.8-12.8V140.8c0-6.4-6.4-12.8-12.8-12.8h-22.4c-6.4 0-12.8 6.4-12.8 12.8v198.4c0 6.4 6.4 12.8 12.8 12.8zm96 0h22.4c6.4 0 12.8-6.4 12.8-12.8V204.8c0-6.4-6.4-12.8-12.8-12.8h-22.4c-6.4 0-12.8 6.4-12.8 12.8v134.4c0 6.4 6.4 12.8 12.8 12.8zM496 400H48V80c0-8.84-7.16-16-16-16H16C7.16 64 0 71.16 0 80v336c0 17.67 14.33 32 32 32h464c8.84 0 16-7.16 16-16v-16c0-8.84-7.16-16-16-16zm-387.2-48h22.4c6.4 0 12.8-6.4 12.8-12.8v-70.4c0-6.4-6.4-12.8-12.8-12.8h-22.4c-6.4 0-12.8 6.4-12.8 12.8v70.4c0 6.4 6.4 12.8 12.8 12.8z\" class=\"\"><\/path><\/svg><\/i> <img loading=\"lazy\" decoding=\"async\" width=\"16\" height=\"16\" alt=\"Loading\" src=\"https:\/\/temucotelevision.cl\/web\/wp-content\/plugins\/page-views-count\/ajax-loader-2x.gif\" border=0 \/><\/p>\n<div class=\"pvc_clear\"><\/div>\n<p>La Fiscal\u00eda Regional de Temuco ha llevado a cabo la formalizaci\u00f3n de un carabinero por agresi\u00f3n injustificada y desproporcionada contra<\/p>\n","protected":false},"author":1,"featured_media":43114,"comment_status":"open","ping_status":"open","sticky":false,"template":"","format":"standard","meta":{"colormag_page_container_layout":"default_layout","colormag_page_sidebar_layout":"default_layout","footnotes":""},"categories":[15],"tags":[448],"class_list":["post-43115","post","type-post","status-publish","format-standard","has-post-thumbnail","hentry","category-la-araucania","tag-fiscalia"],"a3_pvc":{"activated":true,"total_views":123,"today_views":0},"_links":{"self":[{"href":"https:\/\/temucotelevision.cl\/web\/wp-json\/wp\/v2\/posts\/43115","targetHints":{"allow":["GET"]}}],"collection":[{"href":"https:\/\/temucotelevision.cl\/web\/wp-json\/wp\/v2\/posts"}],"about":[{"href":"https:\/\/temucotelevision.cl\/web\/wp-json\/wp\/v2\/types\/post"}],"author":[{"embeddable":true,"href":"https:\/\/temucotelevision.cl\/web\/wp-json\/wp\/v2\/users\/1"}],"replies":[{"embeddable":true,"href":"https:\/\/temucotelevision.cl\/web\/wp-json\/wp\/v2\/comments?post=43115"}],"version-history":[{"count":1,"href":"https:\/\/temucotelevision.cl\/web\/wp-json\/wp\/v2\/posts\/43115\/revisions"}],"predecessor-version":[{"id":43116,"href":"https:\/\/temucotelevision.cl\/web\/wp-json\/wp\/v2\/posts\/43115\/revisions\/43116"}],"wp:featuredmedia":[{"embeddable":true,"href":"https:\/\/temucotelevision.cl\/web\/wp-json\/wp\/v2\/media\/43114"}],"wp:attachment":[{"href":"https:\/\/temucotelevision.cl\/web\/wp-json\/wp\/v2\/media?parent=43115"}],"wp:term":[{"taxonomy":"category","embeddable":true,"href":"https:\/\/temucotelevision.cl\/web\/wp-json\/wp\/v2\/categories?post=43115"},{"taxonomy":"post_tag","embeddable":true,"href":"https:\/\/temucotelevision.cl\/web\/wp-json\/wp\/v2\/tags?post=43115"}],"curies":[{"name":"wp","href":"https:\/\/api.w.org\/{rel}","templated":true}]}}