{"id":43110,"date":"2023-07-19T12:43:02","date_gmt":"2023-07-19T15:43:02","guid":{"rendered":"https:\/\/temucotelevision.cl\/web\/?p=43110"},"modified":"2023-07-22T11:57:42","modified_gmt":"2023-07-22T14:57:42","slug":"dos-cuerpos-encontrados-en-la-ruta-s-199-villarrica-freire-posibles-victimas-de-atropello","status":"publish","type":"post","link":"https:\/\/temucotelevision.cl\/web\/2023\/07\/19\/dos-cuerpos-encontrados-en-la-ruta-s-199-villarrica-freire-posibles-victimas-de-atropello\/","title":{"rendered":"<br>Dos cuerpos encontrados en la ruta S-199 Villarrica Freire: Posibles v\u00edctimas de atropello"},"content":{"rendered":"<div class=\"pvc_clear\"><\/div><p id=\"pvc_stats_43110\" class=\"pvc_stats total_only  \" data-element-id=\"43110\" style=\"\"><i class=\"pvc-stats-icon large\" aria-hidden=\"true\"><svg aria-hidden=\"true\" focusable=\"false\" data-prefix=\"far\" data-icon=\"chart-bar\" role=\"img\" xmlns=\"http:\/\/www.w3.org\/2000\/svg\" viewBox=\"0 0 512 512\" class=\"svg-inline--fa fa-chart-bar fa-w-16 fa-2x\"><path fill=\"currentColor\" d=\"M396.8 352h22.4c6.4 0 12.8-6.4 12.8-12.8V108.8c0-6.4-6.4-12.8-12.8-12.8h-22.4c-6.4 0-12.8 6.4-12.8 12.8v230.4c0 6.4 6.4 12.8 12.8 12.8zm-192 0h22.4c6.4 0 12.8-6.4 12.8-12.8V140.8c0-6.4-6.4-12.8-12.8-12.8h-22.4c-6.4 0-12.8 6.4-12.8 12.8v198.4c0 6.4 6.4 12.8 12.8 12.8zm96 0h22.4c6.4 0 12.8-6.4 12.8-12.8V204.8c0-6.4-6.4-12.8-12.8-12.8h-22.4c-6.4 0-12.8 6.4-12.8 12.8v134.4c0 6.4 6.4 12.8 12.8 12.8zM496 400H48V80c0-8.84-7.16-16-16-16H16C7.16 64 0 71.16 0 80v336c0 17.67 14.33 32 32 32h464c8.84 0 16-7.16 16-16v-16c0-8.84-7.16-16-16-16zm-387.2-48h22.4c6.4 0 12.8-6.4 12.8-12.8v-70.4c0-6.4-6.4-12.8-12.8-12.8h-22.4c-6.4 0-12.8 6.4-12.8 12.8v70.4c0 6.4 6.4 12.8 12.8 12.8z\" class=\"\"><\/path><\/svg><\/i> <img loading=\"lazy\" decoding=\"async\" width=\"16\" height=\"16\" alt=\"Loading\" src=\"https:\/\/temucotelevision.cl\/web\/wp-content\/plugins\/page-views-count\/ajax-loader-2x.gif\" border=0 \/><\/p><div class=\"pvc_clear\"><\/div>\n<p>En la tarde de ayer martes mientras Carabineros realizaba patrullaje en la ruta S-199 en direcci\u00f3n norte, espec\u00edficamente en el tramo Villarrica-Freire, se descubri\u00f3 un tr\u00e1gico escenario en el kil\u00f3metro 44. Dos cuerpos, correspondientes a una mujer adulta y un lactante, yac\u00edan tendidos a un costado de la carretera. Las primeras sospechas apuntan a un posible atropello, ya que en el lugar se encontraron piezas de un veh\u00edculo.<\/p>\n\n\n\n<p>La Fiscal\u00eda de Primeras Diligencias ha tomado el caso y ha instruido la presencia de la Secci\u00f3n de Investigaci\u00f3n de Accidentes en el Tr\u00e1nsito (SIAT) y personal de la Secci\u00f3n de Investigaci\u00f3n Policial (SIP) de Carabineros. Su tarea principal ser\u00e1 identificar al veh\u00edculo y conductor involucrados en este tr\u00e1gico incidente. Adem\u00e1s, se espera que estas unidades especializadas determinen la din\u00e1mica del hecho, es decir, las circunstancias precisas en las que se produjo el atropello.<\/p>\n\n\n\n<p>Hasta el momento, no se dispone de informaci\u00f3n adicional sobre las v\u00edctimas ni sobre las posibles causas del incidente. Sin embargo, se espera que los equipos de investigaci\u00f3n trabajen diligentemente para recopilar pruebas y esclarecer todos los aspectos relacionados con este tr\u00e1gico suceso.<\/p>\n\n\n\n<p>Las autoridades hacen un llamado a cualquier persona que pueda contar con informaci\u00f3n relevante sobre el incidente para que se acerque a las dependencias de Carabineros o a la Fiscal\u00eda, a fin de colaborar en la investigaci\u00f3n y brindar luz sobre este lamentable hecho.<\/p>\n\n\n\n<p>Las v\u00edctimas fueron identificadas como Cynthia Arias Gatica, nacida el 16\/09\/97. Y su hijo Amaaro Arias Arias, quien hab\u00eda nacido el 10\/05\/23<\/p>\n","protected":false},"excerpt":{"rendered":"<div class=\"pvc_clear\"><\/div>\n<p id=\"pvc_stats_43110\" class=\"pvc_stats total_only  \" data-element-id=\"43110\" style=\"\"><i class=\"pvc-stats-icon large\" aria-hidden=\"true\"><svg aria-hidden=\"true\" focusable=\"false\" data-prefix=\"far\" data-icon=\"chart-bar\" role=\"img\" xmlns=\"http:\/\/www.w3.org\/2000\/svg\" viewBox=\"0 0 512 512\" class=\"svg-inline--fa fa-chart-bar fa-w-16 fa-2x\"><path fill=\"currentColor\" d=\"M396.8 352h22.4c6.4 0 12.8-6.4 12.8-12.8V108.8c0-6.4-6.4-12.8-12.8-12.8h-22.4c-6.4 0-12.8 6.4-12.8 12.8v230.4c0 6.4 6.4 12.8 12.8 12.8zm-192 0h22.4c6.4 0 12.8-6.4 12.8-12.8V140.8c0-6.4-6.4-12.8-12.8-12.8h-22.4c-6.4 0-12.8 6.4-12.8 12.8v198.4c0 6.4 6.4 12.8 12.8 12.8zm96 0h22.4c6.4 0 12.8-6.4 12.8-12.8V204.8c0-6.4-6.4-12.8-12.8-12.8h-22.4c-6.4 0-12.8 6.4-12.8 12.8v134.4c0 6.4 6.4 12.8 12.8 12.8zM496 400H48V80c0-8.84-7.16-16-16-16H16C7.16 64 0 71.16 0 80v336c0 17.67 14.33 32 32 32h464c8.84 0 16-7.16 16-16v-16c0-8.84-7.16-16-16-16zm-387.2-48h22.4c6.4 0 12.8-6.4 12.8-12.8v-70.4c0-6.4-6.4-12.8-12.8-12.8h-22.4c-6.4 0-12.8 6.4-12.8 12.8v70.4c0 6.4 6.4 12.8 12.8 12.8z\" class=\"\"><\/path><\/svg><\/i> <img loading=\"lazy\" decoding=\"async\" width=\"16\" height=\"16\" alt=\"Loading\" src=\"https:\/\/temucotelevision.cl\/web\/wp-content\/plugins\/page-views-count\/ajax-loader-2x.gif\" border=0 \/><\/p>\n<div class=\"pvc_clear\"><\/div>\n<p>En la tarde de ayer martes mientras Carabineros realizaba patrullaje en la ruta S-199 en direcci\u00f3n norte, espec\u00edficamente en el<\/p>\n","protected":false},"author":1,"featured_media":43113,"comment_status":"open","ping_status":"open","sticky":false,"template":"","format":"standard","meta":{"colormag_page_container_layout":"default_layout","colormag_page_sidebar_layout":"default_layout","footnotes":""},"categories":[15],"tags":[780,695],"class_list":["post-43110","post","type-post","status-publish","format-standard","has-post-thumbnail","hentry","category-la-araucania","tag-fallecidos","tag-ruta"],"a3_pvc":{"activated":true,"total_views":9236,"today_views":0},"_links":{"self":[{"href":"https:\/\/temucotelevision.cl\/web\/wp-json\/wp\/v2\/posts\/43110","targetHints":{"allow":["GET"]}}],"collection":[{"href":"https:\/\/temucotelevision.cl\/web\/wp-json\/wp\/v2\/posts"}],"about":[{"href":"https:\/\/temucotelevision.cl\/web\/wp-json\/wp\/v2\/types\/post"}],"author":[{"embeddable":true,"href":"https:\/\/temucotelevision.cl\/web\/wp-json\/wp\/v2\/users\/1"}],"replies":[{"embeddable":true,"href":"https:\/\/temucotelevision.cl\/web\/wp-json\/wp\/v2\/comments?post=43110"}],"version-history":[{"count":2,"href":"https:\/\/temucotelevision.cl\/web\/wp-json\/wp\/v2\/posts\/43110\/revisions"}],"predecessor-version":[{"id":43112,"href":"https:\/\/temucotelevision.cl\/web\/wp-json\/wp\/v2\/posts\/43110\/revisions\/43112"}],"wp:featuredmedia":[{"embeddable":true,"href":"https:\/\/temucotelevision.cl\/web\/wp-json\/wp\/v2\/media\/43113"}],"wp:attachment":[{"href":"https:\/\/temucotelevision.cl\/web\/wp-json\/wp\/v2\/media?parent=43110"}],"wp:term":[{"taxonomy":"category","embeddable":true,"href":"https:\/\/temucotelevision.cl\/web\/wp-json\/wp\/v2\/categories?post=43110"},{"taxonomy":"post_tag","embeddable":true,"href":"https:\/\/temucotelevision.cl\/web\/wp-json\/wp\/v2\/tags?post=43110"}],"curies":[{"name":"wp","href":"https:\/\/api.w.org\/{rel}","templated":true}]}}