{"id":43108,"date":"2023-07-19T10:05:01","date_gmt":"2023-07-19T13:05:01","guid":{"rendered":"https:\/\/temucotelevision.cl\/web\/?p=43108"},"modified":"2023-07-19T10:05:02","modified_gmt":"2023-07-19T13:05:02","slug":"araucania-carabineros-frustro-robo-a-domicilio-en-temuco-4-personas-son-detenidas","status":"publish","type":"post","link":"https:\/\/temucotelevision.cl\/web\/2023\/07\/19\/araucania-carabineros-frustro-robo-a-domicilio-en-temuco-4-personas-son-detenidas\/","title":{"rendered":"Araucan\u00eda: Carabineros frustr\u00f3 robo a domicilio en Temuco, 4 personas son detenidas"},"content":{"rendered":"<div class=\"pvc_clear\"><\/div><p id=\"pvc_stats_43108\" class=\"pvc_stats total_only  \" data-element-id=\"43108\" style=\"\"><i class=\"pvc-stats-icon large\" aria-hidden=\"true\"><svg aria-hidden=\"true\" focusable=\"false\" data-prefix=\"far\" data-icon=\"chart-bar\" role=\"img\" xmlns=\"http:\/\/www.w3.org\/2000\/svg\" viewBox=\"0 0 512 512\" class=\"svg-inline--fa fa-chart-bar fa-w-16 fa-2x\"><path fill=\"currentColor\" d=\"M396.8 352h22.4c6.4 0 12.8-6.4 12.8-12.8V108.8c0-6.4-6.4-12.8-12.8-12.8h-22.4c-6.4 0-12.8 6.4-12.8 12.8v230.4c0 6.4 6.4 12.8 12.8 12.8zm-192 0h22.4c6.4 0 12.8-6.4 12.8-12.8V140.8c0-6.4-6.4-12.8-12.8-12.8h-22.4c-6.4 0-12.8 6.4-12.8 12.8v198.4c0 6.4 6.4 12.8 12.8 12.8zm96 0h22.4c6.4 0 12.8-6.4 12.8-12.8V204.8c0-6.4-6.4-12.8-12.8-12.8h-22.4c-6.4 0-12.8 6.4-12.8 12.8v134.4c0 6.4 6.4 12.8 12.8 12.8zM496 400H48V80c0-8.84-7.16-16-16-16H16C7.16 64 0 71.16 0 80v336c0 17.67 14.33 32 32 32h464c8.84 0 16-7.16 16-16v-16c0-8.84-7.16-16-16-16zm-387.2-48h22.4c6.4 0 12.8-6.4 12.8-12.8v-70.4c0-6.4-6.4-12.8-12.8-12.8h-22.4c-6.4 0-12.8 6.4-12.8 12.8v70.4c0 6.4 6.4 12.8 12.8 12.8z\" class=\"\"><\/path><\/svg><\/i> <img loading=\"lazy\" decoding=\"async\" width=\"16\" height=\"16\" alt=\"Loading\" src=\"https:\/\/temucotelevision.cl\/web\/wp-content\/plugins\/page-views-count\/ajax-loader-2x.gif\" border=0 \/><\/p><div class=\"pvc_clear\"><\/div>\n<p>_En horas de la madrugada de este martes, personal policial de la 8\u00aa Comisar\u00eda de Temuco detuvo a los sujetos, tres chilenos (uno menor de edad) y un ciudadano de nacionalidad venezolana indocumentado mientras merodeaban el sector de Avenida Los Pablos con armamento de fantas\u00eda y especies para cometer delitos, siendo uno de ellos detectado de forma flagrante mientras escalaba la reja de una casa y los otros entre unos arbustos que usaron para esconderse de las patrullas policiales_<\/p>\n\n\n\n<p>Pasada la medianoche y en el marco de los peri\u00f3dicos servicios preventivos realizados por Carabineros de la 8\u00aa Comisar\u00eda en el sector, lograron la detenci\u00f3n de los individuos quienes, seg\u00fan lo se\u00f1alado por la Central de Comunicaciones Caut\u00edn, merodeaban la intersecci\u00f3n de Avenida Los Pablos con calle La Lecher\u00eda de forma sospechosa.<\/p>\n\n\n\n<p>Seg\u00fan lo descrito en el llamado, 4 sujetos (todos hombres), se encontraban con vestimentas oscuras y pasamonta\u00f1as \u201crondando\u201d los domicilios, por lo que r\u00e1pidamente se activ\u00f3 un operativo policial por parte de Carabineros.<\/p>\n\n\n\n<p>Seg\u00fan lo se\u00f1alado por el Prefecto de Caut\u00edn, Coronel \u00c1lvaro Mart\u00ednez, \u201cal llegar Carabineros de la 8\u00aa Comisar\u00eda al lugar, detectaron a 3 que se encontraban ocultos entre los arbustos y un cuarto hombre que estaba escalando la reja de un domicilio que fue sorprendido por personal policial infraganti, procediendo a fiscalizarlos y, al revisar sus vestimentas, estos manten\u00edan distintas especies para cometer delitos, entre ellas un destornillador\u201d, destac\u00f3 el Coronel Mart\u00ednez.<\/p>\n\n\n\n<p>En el procedimiento se incaut\u00f3 adem\u00e1s dos pistolas de fantas\u00eda y pasamonta\u00f1as, mientras que los cuatro detenidos, entre ellos un menor de 16 a\u00f1os y un ciudadano de nacionalidad venezolana y en calidad de indocumentado, pasaron a control de detenci\u00f3n el d\u00eda de hoy quedando 3 de ellos con la medida cautelar de prisi\u00f3n preventiva, mientras que el adolescente fue trasladado a un centro de internaci\u00f3n provisoria, seg\u00fan lo dispuesto por el Juzgado de Garant\u00eda de Temuco.<\/p>\n","protected":false},"excerpt":{"rendered":"<div class=\"pvc_clear\"><\/div>\n<p id=\"pvc_stats_43108\" class=\"pvc_stats total_only  \" data-element-id=\"43108\" style=\"\"><i class=\"pvc-stats-icon large\" aria-hidden=\"true\"><svg aria-hidden=\"true\" focusable=\"false\" data-prefix=\"far\" data-icon=\"chart-bar\" role=\"img\" xmlns=\"http:\/\/www.w3.org\/2000\/svg\" viewBox=\"0 0 512 512\" class=\"svg-inline--fa fa-chart-bar fa-w-16 fa-2x\"><path fill=\"currentColor\" d=\"M396.8 352h22.4c6.4 0 12.8-6.4 12.8-12.8V108.8c0-6.4-6.4-12.8-12.8-12.8h-22.4c-6.4 0-12.8 6.4-12.8 12.8v230.4c0 6.4 6.4 12.8 12.8 12.8zm-192 0h22.4c6.4 0 12.8-6.4 12.8-12.8V140.8c0-6.4-6.4-12.8-12.8-12.8h-22.4c-6.4 0-12.8 6.4-12.8 12.8v198.4c0 6.4 6.4 12.8 12.8 12.8zm96 0h22.4c6.4 0 12.8-6.4 12.8-12.8V204.8c0-6.4-6.4-12.8-12.8-12.8h-22.4c-6.4 0-12.8 6.4-12.8 12.8v134.4c0 6.4 6.4 12.8 12.8 12.8zM496 400H48V80c0-8.84-7.16-16-16-16H16C7.16 64 0 71.16 0 80v336c0 17.67 14.33 32 32 32h464c8.84 0 16-7.16 16-16v-16c0-8.84-7.16-16-16-16zm-387.2-48h22.4c6.4 0 12.8-6.4 12.8-12.8v-70.4c0-6.4-6.4-12.8-12.8-12.8h-22.4c-6.4 0-12.8 6.4-12.8 12.8v70.4c0 6.4 6.4 12.8 12.8 12.8z\" class=\"\"><\/path><\/svg><\/i> <img loading=\"lazy\" decoding=\"async\" width=\"16\" height=\"16\" alt=\"Loading\" src=\"https:\/\/temucotelevision.cl\/web\/wp-content\/plugins\/page-views-count\/ajax-loader-2x.gif\" border=0 \/><\/p>\n<div class=\"pvc_clear\"><\/div>\n<p>_En horas de la madrugada de este martes, personal policial de la 8\u00aa Comisar\u00eda de Temuco detuvo a los sujetos,<\/p>\n","protected":false},"author":1,"featured_media":43107,"comment_status":"open","ping_status":"open","sticky":false,"template":"","format":"standard","meta":{"colormag_page_container_layout":"default_layout","colormag_page_sidebar_layout":"default_layout","footnotes":""},"categories":[16],"tags":[],"class_list":["post-43108","post","type-post","status-publish","format-standard","has-post-thumbnail","hentry","category-policial"],"a3_pvc":{"activated":true,"total_views":173,"today_views":0},"_links":{"self":[{"href":"https:\/\/temucotelevision.cl\/web\/wp-json\/wp\/v2\/posts\/43108","targetHints":{"allow":["GET"]}}],"collection":[{"href":"https:\/\/temucotelevision.cl\/web\/wp-json\/wp\/v2\/posts"}],"about":[{"href":"https:\/\/temucotelevision.cl\/web\/wp-json\/wp\/v2\/types\/post"}],"author":[{"embeddable":true,"href":"https:\/\/temucotelevision.cl\/web\/wp-json\/wp\/v2\/users\/1"}],"replies":[{"embeddable":true,"href":"https:\/\/temucotelevision.cl\/web\/wp-json\/wp\/v2\/comments?post=43108"}],"version-history":[{"count":1,"href":"https:\/\/temucotelevision.cl\/web\/wp-json\/wp\/v2\/posts\/43108\/revisions"}],"predecessor-version":[{"id":43109,"href":"https:\/\/temucotelevision.cl\/web\/wp-json\/wp\/v2\/posts\/43108\/revisions\/43109"}],"wp:featuredmedia":[{"embeddable":true,"href":"https:\/\/temucotelevision.cl\/web\/wp-json\/wp\/v2\/media\/43107"}],"wp:attachment":[{"href":"https:\/\/temucotelevision.cl\/web\/wp-json\/wp\/v2\/media?parent=43108"}],"wp:term":[{"taxonomy":"category","embeddable":true,"href":"https:\/\/temucotelevision.cl\/web\/wp-json\/wp\/v2\/categories?post=43108"},{"taxonomy":"post_tag","embeddable":true,"href":"https:\/\/temucotelevision.cl\/web\/wp-json\/wp\/v2\/tags?post=43108"}],"curies":[{"name":"wp","href":"https:\/\/api.w.org\/{rel}","templated":true}]}}