{"id":42876,"date":"2023-07-10T15:22:07","date_gmt":"2023-07-10T18:22:07","guid":{"rendered":"https:\/\/temucotelevision.cl\/web\/?p=42876"},"modified":"2023-07-10T15:30:31","modified_gmt":"2023-07-10T18:30:31","slug":"fiscalia-de-la-araucania-investiga-presuntas-irregularidades-en-el-uso-de-recursos-publicos-por-fundaciones","status":"publish","type":"post","link":"https:\/\/temucotelevision.cl\/web\/2023\/07\/10\/fiscalia-de-la-araucania-investiga-presuntas-irregularidades-en-el-uso-de-recursos-publicos-por-fundaciones\/","title":{"rendered":"Fiscal\u00eda de La Araucan\u00eda investiga presuntas irregularidades en el uso de recursos p\u00fablicos asignados a fundaciones"},"content":{"rendered":"<div class=\"pvc_clear\"><\/div><p id=\"pvc_stats_42876\" class=\"pvc_stats total_only  \" data-element-id=\"42876\" style=\"\"><i class=\"pvc-stats-icon large\" aria-hidden=\"true\"><svg aria-hidden=\"true\" focusable=\"false\" data-prefix=\"far\" data-icon=\"chart-bar\" role=\"img\" xmlns=\"http:\/\/www.w3.org\/2000\/svg\" viewBox=\"0 0 512 512\" class=\"svg-inline--fa fa-chart-bar fa-w-16 fa-2x\"><path fill=\"currentColor\" d=\"M396.8 352h22.4c6.4 0 12.8-6.4 12.8-12.8V108.8c0-6.4-6.4-12.8-12.8-12.8h-22.4c-6.4 0-12.8 6.4-12.8 12.8v230.4c0 6.4 6.4 12.8 12.8 12.8zm-192 0h22.4c6.4 0 12.8-6.4 12.8-12.8V140.8c0-6.4-6.4-12.8-12.8-12.8h-22.4c-6.4 0-12.8 6.4-12.8 12.8v198.4c0 6.4 6.4 12.8 12.8 12.8zm96 0h22.4c6.4 0 12.8-6.4 12.8-12.8V204.8c0-6.4-6.4-12.8-12.8-12.8h-22.4c-6.4 0-12.8 6.4-12.8 12.8v134.4c0 6.4 6.4 12.8 12.8 12.8zM496 400H48V80c0-8.84-7.16-16-16-16H16C7.16 64 0 71.16 0 80v336c0 17.67 14.33 32 32 32h464c8.84 0 16-7.16 16-16v-16c0-8.84-7.16-16-16-16zm-387.2-48h22.4c6.4 0 12.8-6.4 12.8-12.8v-70.4c0-6.4-6.4-12.8-12.8-12.8h-22.4c-6.4 0-12.8 6.4-12.8 12.8v70.4c0 6.4 6.4 12.8 12.8 12.8z\" class=\"\"><\/path><\/svg><\/i> <img loading=\"lazy\" decoding=\"async\" width=\"16\" height=\"16\" alt=\"Loading\" src=\"https:\/\/temucotelevision.cl\/web\/wp-content\/plugins\/page-views-count\/ajax-loader-2x.gif\" border=0 \/><\/p><div class=\"pvc_clear\"><\/div>\n<p>El Fiscal Regional de La Araucan\u00eda, Roberto Garrido, revela que la Fiscal\u00eda de Alta Complejidad est\u00e1 llevando a cabo tres investigaciones relacionadas con el manejo de recursos p\u00fablicos asignados a fundaciones en la regi\u00f3n.<\/p>\n\n\n\n<p>En una conferencia de prensa, el fiscal Garrido inform\u00f3 que la primera investigaci\u00f3n se abri\u00f3 la semana pasada a ra\u00edz de una denuncia de un particular sobre el traspaso de fondos desde el Gobierno Regional hacia fundaciones. La diputada Ericka \u00d1anco tambi\u00e9n proporcion\u00f3 antecedentes relevantes, los cuales se incorporaron a la causa.<\/p>\n\n\n\n<p>La segunda investigaci\u00f3n se inici\u00f3 a partir de una denuncia del diputado Mauricio Ojeda. Esta se centra en una fundaci\u00f3n que recibi\u00f3 fondos del Ministerio de Desarrollo Social el a\u00f1o pasado y cuyo lugar de operaciones se encuentra en el mismo terreno donde reside la Delegada Presidencial Provincial de Malleco, en Angol.<\/p>\n\n\n\n<p>La tercera investigaci\u00f3n, anunciada recientemente por el fiscal Garrido, se basa en los antecedentes entregados por el diputado Andr\u00e9s Jouannet. Este \u00faltimo denunci\u00f3 presuntas irregularidades en el traspaso de $442 millones desde la Corporaci\u00f3n Nacional de Desarrollo Ind\u00edgena (CONADI) hacia una sociedad de profesionales con responsabilidad limitada.<\/p>\n\n\n\n<p>Estas investigaciones demuestran la voluntad de la Fiscal\u00eda de La Araucan\u00eda de investigar y esclarecer cualquier posible mal uso de los recursos p\u00fablicos asignados a fundaciones en la regi\u00f3n.<\/p>\n\n\n\n<div class=\"wp-block-media-text alignwide is-stacked-on-mobile\"><figure class=\"wp-block-media-text__media\"><video controls src=\"https:\/\/temucotelevision.cl\/web\/wp-content\/uploads\/2023\/07\/WhatsApp-Video-2023-07-10-at-12.29.56.mp4\"><\/video><\/figure><div class=\"wp-block-media-text__content\">\n<p>Fiscal Regional de La Araucan\u00eda, Roberto Garrido, revela que la Fiscal\u00eda de Alta Complejidad est\u00e1 llevando a cabo tres investigaciones relacionadas con el manejo de recursos p\u00fablicos asignados a fundaciones en la regi\u00f3n.<\/p>\n<\/div><\/div>\n","protected":false},"excerpt":{"rendered":"<div class=\"pvc_clear\"><\/div>\n<p id=\"pvc_stats_42876\" class=\"pvc_stats total_only  \" data-element-id=\"42876\" style=\"\"><i class=\"pvc-stats-icon large\" aria-hidden=\"true\"><svg aria-hidden=\"true\" focusable=\"false\" data-prefix=\"far\" data-icon=\"chart-bar\" role=\"img\" xmlns=\"http:\/\/www.w3.org\/2000\/svg\" viewBox=\"0 0 512 512\" class=\"svg-inline--fa fa-chart-bar fa-w-16 fa-2x\"><path fill=\"currentColor\" d=\"M396.8 352h22.4c6.4 0 12.8-6.4 12.8-12.8V108.8c0-6.4-6.4-12.8-12.8-12.8h-22.4c-6.4 0-12.8 6.4-12.8 12.8v230.4c0 6.4 6.4 12.8 12.8 12.8zm-192 0h22.4c6.4 0 12.8-6.4 12.8-12.8V140.8c0-6.4-6.4-12.8-12.8-12.8h-22.4c-6.4 0-12.8 6.4-12.8 12.8v198.4c0 6.4 6.4 12.8 12.8 12.8zm96 0h22.4c6.4 0 12.8-6.4 12.8-12.8V204.8c0-6.4-6.4-12.8-12.8-12.8h-22.4c-6.4 0-12.8 6.4-12.8 12.8v134.4c0 6.4 6.4 12.8 12.8 12.8zM496 400H48V80c0-8.84-7.16-16-16-16H16C7.16 64 0 71.16 0 80v336c0 17.67 14.33 32 32 32h464c8.84 0 16-7.16 16-16v-16c0-8.84-7.16-16-16-16zm-387.2-48h22.4c6.4 0 12.8-6.4 12.8-12.8v-70.4c0-6.4-6.4-12.8-12.8-12.8h-22.4c-6.4 0-12.8 6.4-12.8 12.8v70.4c0 6.4 6.4 12.8 12.8 12.8z\" class=\"\"><\/path><\/svg><\/i> <img loading=\"lazy\" decoding=\"async\" width=\"16\" height=\"16\" alt=\"Loading\" src=\"https:\/\/temucotelevision.cl\/web\/wp-content\/plugins\/page-views-count\/ajax-loader-2x.gif\" border=0 \/><\/p>\n<div class=\"pvc_clear\"><\/div>\n<p>El Fiscal Regional de La Araucan\u00eda, Roberto Garrido, revela que la Fiscal\u00eda de Alta Complejidad est\u00e1 llevando a cabo tres<\/p>\n","protected":false},"author":1,"featured_media":42877,"comment_status":"open","ping_status":"open","sticky":false,"template":"","format":"standard","meta":{"colormag_page_container_layout":"default_layout","colormag_page_sidebar_layout":"default_layout","footnotes":""},"categories":[15],"tags":[448,6561,3996,210],"class_list":["post-42876","post","type-post","status-publish","format-standard","has-post-thumbnail","hentry","category-la-araucania","tag-fiscalia","tag-fundaciones","tag-publicos","tag-recursos"],"a3_pvc":{"activated":true,"total_views":2907,"today_views":0},"_links":{"self":[{"href":"https:\/\/temucotelevision.cl\/web\/wp-json\/wp\/v2\/posts\/42876","targetHints":{"allow":["GET"]}}],"collection":[{"href":"https:\/\/temucotelevision.cl\/web\/wp-json\/wp\/v2\/posts"}],"about":[{"href":"https:\/\/temucotelevision.cl\/web\/wp-json\/wp\/v2\/types\/post"}],"author":[{"embeddable":true,"href":"https:\/\/temucotelevision.cl\/web\/wp-json\/wp\/v2\/users\/1"}],"replies":[{"embeddable":true,"href":"https:\/\/temucotelevision.cl\/web\/wp-json\/wp\/v2\/comments?post=42876"}],"version-history":[{"count":5,"href":"https:\/\/temucotelevision.cl\/web\/wp-json\/wp\/v2\/posts\/42876\/revisions"}],"predecessor-version":[{"id":42886,"href":"https:\/\/temucotelevision.cl\/web\/wp-json\/wp\/v2\/posts\/42876\/revisions\/42886"}],"wp:featuredmedia":[{"embeddable":true,"href":"https:\/\/temucotelevision.cl\/web\/wp-json\/wp\/v2\/media\/42877"}],"wp:attachment":[{"href":"https:\/\/temucotelevision.cl\/web\/wp-json\/wp\/v2\/media?parent=42876"}],"wp:term":[{"taxonomy":"category","embeddable":true,"href":"https:\/\/temucotelevision.cl\/web\/wp-json\/wp\/v2\/categories?post=42876"},{"taxonomy":"post_tag","embeddable":true,"href":"https:\/\/temucotelevision.cl\/web\/wp-json\/wp\/v2\/tags?post=42876"}],"curies":[{"name":"wp","href":"https:\/\/api.w.org\/{rel}","templated":true}]}}