{"id":42873,"date":"2023-07-10T14:59:14","date_gmt":"2023-07-10T17:59:14","guid":{"rendered":"https:\/\/temucotelevision.cl\/web\/?p=42873"},"modified":"2023-07-10T14:59:14","modified_gmt":"2023-07-10T17:59:14","slug":"temuco-fue-sede-de-conclave-regional-de-partidos-oficialistas-este-fin-de-semana","status":"publish","type":"post","link":"https:\/\/temucotelevision.cl\/web\/2023\/07\/10\/temuco-fue-sede-de-conclave-regional-de-partidos-oficialistas-este-fin-de-semana\/","title":{"rendered":"Temuco fue sede de c\u00f3nclave regional de partidos oficialistas este fin de semana"},"content":{"rendered":"<div class=\"pvc_clear\"><\/div><p id=\"pvc_stats_42873\" class=\"pvc_stats total_only  \" data-element-id=\"42873\" style=\"\"><i class=\"pvc-stats-icon large\" aria-hidden=\"true\"><svg aria-hidden=\"true\" focusable=\"false\" data-prefix=\"far\" data-icon=\"chart-bar\" role=\"img\" xmlns=\"http:\/\/www.w3.org\/2000\/svg\" viewBox=\"0 0 512 512\" class=\"svg-inline--fa fa-chart-bar fa-w-16 fa-2x\"><path fill=\"currentColor\" d=\"M396.8 352h22.4c6.4 0 12.8-6.4 12.8-12.8V108.8c0-6.4-6.4-12.8-12.8-12.8h-22.4c-6.4 0-12.8 6.4-12.8 12.8v230.4c0 6.4 6.4 12.8 12.8 12.8zm-192 0h22.4c6.4 0 12.8-6.4 12.8-12.8V140.8c0-6.4-6.4-12.8-12.8-12.8h-22.4c-6.4 0-12.8 6.4-12.8 12.8v198.4c0 6.4 6.4 12.8 12.8 12.8zm96 0h22.4c6.4 0 12.8-6.4 12.8-12.8V204.8c0-6.4-6.4-12.8-12.8-12.8h-22.4c-6.4 0-12.8 6.4-12.8 12.8v134.4c0 6.4 6.4 12.8 12.8 12.8zM496 400H48V80c0-8.84-7.16-16-16-16H16C7.16 64 0 71.16 0 80v336c0 17.67 14.33 32 32 32h464c8.84 0 16-7.16 16-16v-16c0-8.84-7.16-16-16-16zm-387.2-48h22.4c6.4 0 12.8-6.4 12.8-12.8v-70.4c0-6.4-6.4-12.8-12.8-12.8h-22.4c-6.4 0-12.8 6.4-12.8 12.8v70.4c0 6.4 6.4 12.8 12.8 12.8z\" class=\"\"><\/path><\/svg><\/i> <img loading=\"lazy\" decoding=\"async\" width=\"16\" height=\"16\" alt=\"Loading\" src=\"https:\/\/temucotelevision.cl\/web\/wp-content\/plugins\/page-views-count\/ajax-loader-2x.gif\" border=0 \/><\/p><div class=\"pvc_clear\"><\/div>\n<p>Este fin se semana se realiz\u00f3 en Temuco, el segundo c\u00f3nclave de partidos oficialistas, donde se analiz\u00f3 la contingencia pol\u00edtica de la Regi\u00f3n de La Araucan\u00eda y del pa\u00eds.<\/p>\n\n\n\n<p>A la cita asistieron representantes de partidos y movimientos pol\u00edticos, quienes dialogaron con autoridades de Gobierno en torno la unidad de la alianza, analizando los principales nodos cr\u00edticos y proyecci\u00f3n hacia el pr\u00f3ximo proceso electoral.<\/p>\n\n\n\n<p>En el encuentro tambi\u00e9n se debati\u00f3 sobre el contexto pol\u00edtico coyuntural, abord\u00e1ndose propuestas de acci\u00f3n para fortalecer, por ejemplo, el principio de transparencia en el ejercicio p\u00fablico.<\/p>\n\n\n\n<p>Asimismo, las fuerzas pol\u00edticas presentes en la instancia, destacaron la importancia de la defensa f\u00e9rrea de los principios democr\u00e1ticos en el pa\u00eds y en el impulso de las transformaciones sociales en favor del bien com\u00fan.<\/p>\n\n\n\n<p>La consejera regional y presidenta del PPD, Ana Mar\u00eda Soto, quien fue una de las expositoras en el encuentro, efectu\u00f3 un positivo balance del encuentro, informando que \u201cprimero debemos trabajar en la m\u00e1s fraterna unidad como coalici\u00f3n de partidos de Gobierno de La Araucan\u00eda en el trabajo con la ciudadan\u00eda y en la definici\u00f3n de candidaturas para las municipales 2024, y segundo, debemos ser en\u00e9rgicos contra la corrupci\u00f3n y exigir transparencia\u201d.<\/p>\n\n\n\n<p>Ana Mar\u00eda Soto, a\u00f1adi\u00f3 que \u201cla Regi\u00f3n de La Araucan\u00eda y sus habitantes, necesitan seguir avanzando en t\u00e9rminos de mayor seguridad, como ha quedado demostrado al cabo de una a\u00f1o con la disminuci\u00f3n de hechos delictuales, seguir avanzando en t\u00e9rminos de disminuci\u00f3n de brechas de infraestructura en salud, acceso vial y digital , proceso que est\u00e1 comenzando con el plan Buen Vivir, as\u00ed como en una visi\u00f3n de futuro, con innovaci\u00f3n en el \u00e1mbito productivo, necesidad de seguir procurando ambientes menos contaminados tanto urbanos como rurales y sistemas de energ\u00edas limpias y renovables , de forma de avanzar en mejorar la calidad de vida de cada uno de nuestros habitantes\u201d.<\/p>\n\n\n\n<p>En tanto, Andrea Soto, paritaria de la directiva de Convergencia Social, manifest\u00f3 que \u201choy m\u00e1s que nunca la tarea se centra en unirnos para defender el proyecto pol\u00edtico y la democracia. No permitirnos retroceder en los derechos que tanto ha costado conquistar, sobre todo las mujeres; por ello el llamado es a la unidad en la construcci\u00f3n del tejido social, movilizar a nuestros militantes, a nuestros simpatizantes y a todas las personas que creen en los principios democr\u00e1ticos a que participen activamente en sus territorios, comunic\u00e1ndonos con las personas en los barrios, en las poblaciones, en el campo, porque es primordial que la ciudadan\u00eda siga confiando y para ello necesitamos empujar y fortalecer en el Estado los principios de probidad y transparencia\u201d.<\/p>\n\n\n\n<p><strong>DENUNCIA<\/strong><\/p>\n\n\n\n<p>La presidenta del PPD, Ana Mar\u00eda Soto, tambi\u00e9n se refiri\u00f3 a una denuncia del diputado Mauricio Ojeda, quien vincula el robo ocurrido en la vivienda de la delegada presidencial de Malleco, Andrea Parra, con una fundaci\u00f3n que funciona en Angol, respondiendo que \u201ccon respecto a la declaraci\u00f3n del diputado Ojeda, manifestamos nuestro m\u00e1s en\u00e9rgico rechazo, si bien reconocemos de su calidad de diputado, la facultad de fiscalizar la \u00f3ptima ejecuci\u00f3n de los recursos p\u00fablicos, rechazamos en\u00e9rgicamente el hecho de pretender vincular a la delegada provincial de Malleco , Andrea Parra, con una fundaci\u00f3n, por el solo hecho de que las oficinas se emplazan al lado de su residencia. Estas denuncias infundadas solo contribuyen a generar un manto de dudas en el buen funcionamiento del Estado y sobre la honorabilidad de los servidores p\u00fablicos\u201d.<\/p>\n\n\n\n<p>Al respecto, Leonardo Barr\u00eda, presidente regional del Partido Radical, declar\u00f3 que \u201csi bien una de las funciones del Diputado Ojeda es sin duda la fiscalizaci\u00f3n, en este aspecto se le solicita un m\u00ednimo de rigurosidad, debido a que al publicar sus `sospechas\u00b4 deja instalada a su vez la duda en la ciudadan\u00eda, que al parecer es su objetivo \u00faltimo, rozando aquel cl\u00e1sico dicho: miente, miente que algo queda\u201d, dichos a los que se sum\u00f3 el presidente regional del Partido Socialista, Alfonso Sagredo.<\/p>\n\n\n\n<p>Finalmente, en este c\u00f3nclave se defini\u00f3 realizar un nuevo encuentro de an\u00e1lisis, esta vez junto a alcaldes y concejales, adem\u00e1s de autoridades del oficialismo.<\/p>\n","protected":false},"excerpt":{"rendered":"<div class=\"pvc_clear\"><\/div>\n<p id=\"pvc_stats_42873\" class=\"pvc_stats total_only  \" data-element-id=\"42873\" style=\"\"><i class=\"pvc-stats-icon large\" aria-hidden=\"true\"><svg aria-hidden=\"true\" focusable=\"false\" data-prefix=\"far\" data-icon=\"chart-bar\" role=\"img\" xmlns=\"http:\/\/www.w3.org\/2000\/svg\" viewBox=\"0 0 512 512\" class=\"svg-inline--fa fa-chart-bar fa-w-16 fa-2x\"><path fill=\"currentColor\" d=\"M396.8 352h22.4c6.4 0 12.8-6.4 12.8-12.8V108.8c0-6.4-6.4-12.8-12.8-12.8h-22.4c-6.4 0-12.8 6.4-12.8 12.8v230.4c0 6.4 6.4 12.8 12.8 12.8zm-192 0h22.4c6.4 0 12.8-6.4 12.8-12.8V140.8c0-6.4-6.4-12.8-12.8-12.8h-22.4c-6.4 0-12.8 6.4-12.8 12.8v198.4c0 6.4 6.4 12.8 12.8 12.8zm96 0h22.4c6.4 0 12.8-6.4 12.8-12.8V204.8c0-6.4-6.4-12.8-12.8-12.8h-22.4c-6.4 0-12.8 6.4-12.8 12.8v134.4c0 6.4 6.4 12.8 12.8 12.8zM496 400H48V80c0-8.84-7.16-16-16-16H16C7.16 64 0 71.16 0 80v336c0 17.67 14.33 32 32 32h464c8.84 0 16-7.16 16-16v-16c0-8.84-7.16-16-16-16zm-387.2-48h22.4c6.4 0 12.8-6.4 12.8-12.8v-70.4c0-6.4-6.4-12.8-12.8-12.8h-22.4c-6.4 0-12.8 6.4-12.8 12.8v70.4c0 6.4 6.4 12.8 12.8 12.8z\" class=\"\"><\/path><\/svg><\/i> <img loading=\"lazy\" decoding=\"async\" width=\"16\" height=\"16\" alt=\"Loading\" src=\"https:\/\/temucotelevision.cl\/web\/wp-content\/plugins\/page-views-count\/ajax-loader-2x.gif\" border=0 \/><\/p>\n<div class=\"pvc_clear\"><\/div>\n<p>Este fin se semana se realiz\u00f3 en Temuco, el segundo c\u00f3nclave de partidos oficialistas, donde se analiz\u00f3 la contingencia pol\u00edtica<\/p>\n","protected":false},"author":1,"featured_media":42874,"comment_status":"open","ping_status":"open","sticky":false,"template":"","format":"standard","meta":{"colormag_page_container_layout":"default_layout","colormag_page_sidebar_layout":"default_layout","footnotes":""},"categories":[84],"tags":[6583,6582,3464,2502],"class_list":["post-42873","post","type-post","status-publish","format-standard","has-post-thumbnail","hentry","category-politica","tag-conclave","tag-oficialistas","tag-partidos","tag-politica"],"a3_pvc":{"activated":true,"total_views":654,"today_views":0},"_links":{"self":[{"href":"https:\/\/temucotelevision.cl\/web\/wp-json\/wp\/v2\/posts\/42873","targetHints":{"allow":["GET"]}}],"collection":[{"href":"https:\/\/temucotelevision.cl\/web\/wp-json\/wp\/v2\/posts"}],"about":[{"href":"https:\/\/temucotelevision.cl\/web\/wp-json\/wp\/v2\/types\/post"}],"author":[{"embeddable":true,"href":"https:\/\/temucotelevision.cl\/web\/wp-json\/wp\/v2\/users\/1"}],"replies":[{"embeddable":true,"href":"https:\/\/temucotelevision.cl\/web\/wp-json\/wp\/v2\/comments?post=42873"}],"version-history":[{"count":1,"href":"https:\/\/temucotelevision.cl\/web\/wp-json\/wp\/v2\/posts\/42873\/revisions"}],"predecessor-version":[{"id":42875,"href":"https:\/\/temucotelevision.cl\/web\/wp-json\/wp\/v2\/posts\/42873\/revisions\/42875"}],"wp:featuredmedia":[{"embeddable":true,"href":"https:\/\/temucotelevision.cl\/web\/wp-json\/wp\/v2\/media\/42874"}],"wp:attachment":[{"href":"https:\/\/temucotelevision.cl\/web\/wp-json\/wp\/v2\/media?parent=42873"}],"wp:term":[{"taxonomy":"category","embeddable":true,"href":"https:\/\/temucotelevision.cl\/web\/wp-json\/wp\/v2\/categories?post=42873"},{"taxonomy":"post_tag","embeddable":true,"href":"https:\/\/temucotelevision.cl\/web\/wp-json\/wp\/v2\/tags?post=42873"}],"curies":[{"name":"wp","href":"https:\/\/api.w.org\/{rel}","templated":true}]}}