{"id":42869,"date":"2023-07-10T14:53:53","date_gmt":"2023-07-10T17:53:53","guid":{"rendered":"https:\/\/temucotelevision.cl\/web\/?p=42869"},"modified":"2023-07-10T14:53:53","modified_gmt":"2023-07-10T17:53:53","slug":"prision-preventiva-queda-hombre-que-agredio-y-robo-a-comerciante-en-lonquimay","status":"publish","type":"post","link":"https:\/\/temucotelevision.cl\/web\/2023\/07\/10\/prision-preventiva-queda-hombre-que-agredio-y-robo-a-comerciante-en-lonquimay\/","title":{"rendered":"Prisi\u00f3n preventiva queda hombre que agredi\u00f3 y rob\u00f3 a comerciante en Lonquimay"},"content":{"rendered":"<div class=\"pvc_clear\"><\/div><p id=\"pvc_stats_42869\" class=\"pvc_stats total_only  \" data-element-id=\"42869\" style=\"\"><i class=\"pvc-stats-icon large\" aria-hidden=\"true\"><svg aria-hidden=\"true\" focusable=\"false\" data-prefix=\"far\" data-icon=\"chart-bar\" role=\"img\" xmlns=\"http:\/\/www.w3.org\/2000\/svg\" viewBox=\"0 0 512 512\" class=\"svg-inline--fa fa-chart-bar fa-w-16 fa-2x\"><path fill=\"currentColor\" d=\"M396.8 352h22.4c6.4 0 12.8-6.4 12.8-12.8V108.8c0-6.4-6.4-12.8-12.8-12.8h-22.4c-6.4 0-12.8 6.4-12.8 12.8v230.4c0 6.4 6.4 12.8 12.8 12.8zm-192 0h22.4c6.4 0 12.8-6.4 12.8-12.8V140.8c0-6.4-6.4-12.8-12.8-12.8h-22.4c-6.4 0-12.8 6.4-12.8 12.8v198.4c0 6.4 6.4 12.8 12.8 12.8zm96 0h22.4c6.4 0 12.8-6.4 12.8-12.8V204.8c0-6.4-6.4-12.8-12.8-12.8h-22.4c-6.4 0-12.8 6.4-12.8 12.8v134.4c0 6.4 6.4 12.8 12.8 12.8zM496 400H48V80c0-8.84-7.16-16-16-16H16C7.16 64 0 71.16 0 80v336c0 17.67 14.33 32 32 32h464c8.84 0 16-7.16 16-16v-16c0-8.84-7.16-16-16-16zm-387.2-48h22.4c6.4 0 12.8-6.4 12.8-12.8v-70.4c0-6.4-6.4-12.8-12.8-12.8h-22.4c-6.4 0-12.8 6.4-12.8 12.8v70.4c0 6.4 6.4 12.8 12.8 12.8z\" class=\"\"><\/path><\/svg><\/i> <img loading=\"lazy\" decoding=\"async\" width=\"16\" height=\"16\" alt=\"Loading\" src=\"https:\/\/temucotelevision.cl\/web\/wp-content\/plugins\/page-views-count\/ajax-loader-2x.gif\" border=0 \/><\/p><div class=\"pvc_clear\"><\/div>\n<p>El Juzgado de Garant\u00eda de Curaucat\u00edn acogi\u00f3 la solicitud de prisi\u00f3n preventiva que formul\u00f3 la Fiscal\u00eda para un hombre identificado como Jonathan Carrasco, de 33 a\u00f1os, investigado por participar en un violento robo que afect\u00f3 a una comerciante el a\u00f1o pasado en Lonquimay, quien tras lo ocurrido qued\u00f3 con lesiones graves.<\/p>\n\n\n\n<p>En la audiencia el fiscal Iv\u00e1n Isla inform\u00f3 que los hechos ocurrieron el 22 de junio del 2022, pasada a la medianoche, cuando la v\u00edctima proced\u00eda a cerrar su local comercial. En ese momento fue interceptada por el imputado, quien golpe\u00f3 a la cabeza con la empu\u00f1adora de un rev\u00f3lver, para obligarla a subir a un veh\u00edculo Volkswagen que era conducido por una mujer.<\/p>\n\n\n\n<p>De acuerdo al fiscal, Iv\u00e1n Isla \u201cen el trayecto la v\u00edctima fue maniatada y se les sustrajo las joyas que aportaba, siendo luego abandonada en el sector Mall\u00edn de Treile de Lonquimay. La v\u00edctima logra zafarse, pidi\u00f3 ayuda y luego se percata que igualmente su local comercial hab\u00eda sido objeto de sustracci\u00f3n de especies y dinero\u201d.<\/p>\n\n\n\n<p>Por estos hechos la Fiscal\u00eda formaliz\u00f3 por robo con violencia. El tribunal decret\u00f3 la prisi\u00f3n preventiva solicitada por el fiscal y solicit\u00f3 un plazo de investigaci\u00f3n de 45 d\u00edas.<\/p>\n","protected":false},"excerpt":{"rendered":"<div class=\"pvc_clear\"><\/div>\n<p id=\"pvc_stats_42869\" class=\"pvc_stats total_only  \" data-element-id=\"42869\" style=\"\"><i class=\"pvc-stats-icon large\" aria-hidden=\"true\"><svg aria-hidden=\"true\" focusable=\"false\" data-prefix=\"far\" data-icon=\"chart-bar\" role=\"img\" xmlns=\"http:\/\/www.w3.org\/2000\/svg\" viewBox=\"0 0 512 512\" class=\"svg-inline--fa fa-chart-bar fa-w-16 fa-2x\"><path fill=\"currentColor\" d=\"M396.8 352h22.4c6.4 0 12.8-6.4 12.8-12.8V108.8c0-6.4-6.4-12.8-12.8-12.8h-22.4c-6.4 0-12.8 6.4-12.8 12.8v230.4c0 6.4 6.4 12.8 12.8 12.8zm-192 0h22.4c6.4 0 12.8-6.4 12.8-12.8V140.8c0-6.4-6.4-12.8-12.8-12.8h-22.4c-6.4 0-12.8 6.4-12.8 12.8v198.4c0 6.4 6.4 12.8 12.8 12.8zm96 0h22.4c6.4 0 12.8-6.4 12.8-12.8V204.8c0-6.4-6.4-12.8-12.8-12.8h-22.4c-6.4 0-12.8 6.4-12.8 12.8v134.4c0 6.4 6.4 12.8 12.8 12.8zM496 400H48V80c0-8.84-7.16-16-16-16H16C7.16 64 0 71.16 0 80v336c0 17.67 14.33 32 32 32h464c8.84 0 16-7.16 16-16v-16c0-8.84-7.16-16-16-16zm-387.2-48h22.4c6.4 0 12.8-6.4 12.8-12.8v-70.4c0-6.4-6.4-12.8-12.8-12.8h-22.4c-6.4 0-12.8 6.4-12.8 12.8v70.4c0 6.4 6.4 12.8 12.8 12.8z\" class=\"\"><\/path><\/svg><\/i> <img loading=\"lazy\" decoding=\"async\" width=\"16\" height=\"16\" alt=\"Loading\" src=\"https:\/\/temucotelevision.cl\/web\/wp-content\/plugins\/page-views-count\/ajax-loader-2x.gif\" border=0 \/><\/p>\n<div class=\"pvc_clear\"><\/div>\n<p>El Juzgado de Garant\u00eda de Curaucat\u00edn acogi\u00f3 la solicitud de prisi\u00f3n preventiva que formul\u00f3 la Fiscal\u00eda para un hombre identificado<\/p>\n","protected":false},"author":1,"featured_media":17199,"comment_status":"open","ping_status":"open","sticky":false,"template":"","format":"standard","meta":{"colormag_page_container_layout":"default_layout","colormag_page_sidebar_layout":"default_layout","footnotes":""},"categories":[15],"tags":[3421,172,138,338],"class_list":["post-42869","post","type-post","status-publish","format-standard","has-post-thumbnail","hentry","category-la-araucania","tag-comerciante","tag-lonquimay","tag-robo","tag-sujeto"],"a3_pvc":{"activated":true,"total_views":1352,"today_views":0},"_links":{"self":[{"href":"https:\/\/temucotelevision.cl\/web\/wp-json\/wp\/v2\/posts\/42869","targetHints":{"allow":["GET"]}}],"collection":[{"href":"https:\/\/temucotelevision.cl\/web\/wp-json\/wp\/v2\/posts"}],"about":[{"href":"https:\/\/temucotelevision.cl\/web\/wp-json\/wp\/v2\/types\/post"}],"author":[{"embeddable":true,"href":"https:\/\/temucotelevision.cl\/web\/wp-json\/wp\/v2\/users\/1"}],"replies":[{"embeddable":true,"href":"https:\/\/temucotelevision.cl\/web\/wp-json\/wp\/v2\/comments?post=42869"}],"version-history":[{"count":1,"href":"https:\/\/temucotelevision.cl\/web\/wp-json\/wp\/v2\/posts\/42869\/revisions"}],"predecessor-version":[{"id":42870,"href":"https:\/\/temucotelevision.cl\/web\/wp-json\/wp\/v2\/posts\/42869\/revisions\/42870"}],"wp:featuredmedia":[{"embeddable":true,"href":"https:\/\/temucotelevision.cl\/web\/wp-json\/wp\/v2\/media\/17199"}],"wp:attachment":[{"href":"https:\/\/temucotelevision.cl\/web\/wp-json\/wp\/v2\/media?parent=42869"}],"wp:term":[{"taxonomy":"category","embeddable":true,"href":"https:\/\/temucotelevision.cl\/web\/wp-json\/wp\/v2\/categories?post=42869"},{"taxonomy":"post_tag","embeddable":true,"href":"https:\/\/temucotelevision.cl\/web\/wp-json\/wp\/v2\/tags?post=42869"}],"curies":[{"name":"wp","href":"https:\/\/api.w.org\/{rel}","templated":true}]}}