{"id":42865,"date":"2023-07-10T14:35:39","date_gmt":"2023-07-10T17:35:39","guid":{"rendered":"https:\/\/temucotelevision.cl\/web\/?p=42865"},"modified":"2023-07-10T14:35:40","modified_gmt":"2023-07-10T17:35:40","slug":"diputado-jorge-rathgeb-espera-que-autoridades-consideren-resultados-de-consulta-araucania-y-presenten-proyectos-de-reparacion-a-victimas","status":"publish","type":"post","link":"https:\/\/temucotelevision.cl\/web\/2023\/07\/10\/diputado-jorge-rathgeb-espera-que-autoridades-consideren-resultados-de-consulta-araucania-y-presenten-proyectos-de-reparacion-a-victimas\/","title":{"rendered":"Diputado Jorge Rathgeb espera que autoridades consideren resultados de \u201cConsulta Araucan\u00eda\u201d y presenten proyectos de reparaci\u00f3n a v\u00edctimas"},"content":{"rendered":"<div class=\"pvc_clear\"><\/div><p id=\"pvc_stats_42865\" class=\"pvc_stats total_only  \" data-element-id=\"42865\" style=\"\"><i class=\"pvc-stats-icon large\" aria-hidden=\"true\"><svg aria-hidden=\"true\" focusable=\"false\" data-prefix=\"far\" data-icon=\"chart-bar\" role=\"img\" xmlns=\"http:\/\/www.w3.org\/2000\/svg\" viewBox=\"0 0 512 512\" class=\"svg-inline--fa fa-chart-bar fa-w-16 fa-2x\"><path fill=\"currentColor\" d=\"M396.8 352h22.4c6.4 0 12.8-6.4 12.8-12.8V108.8c0-6.4-6.4-12.8-12.8-12.8h-22.4c-6.4 0-12.8 6.4-12.8 12.8v230.4c0 6.4 6.4 12.8 12.8 12.8zm-192 0h22.4c6.4 0 12.8-6.4 12.8-12.8V140.8c0-6.4-6.4-12.8-12.8-12.8h-22.4c-6.4 0-12.8 6.4-12.8 12.8v198.4c0 6.4 6.4 12.8 12.8 12.8zm96 0h22.4c6.4 0 12.8-6.4 12.8-12.8V204.8c0-6.4-6.4-12.8-12.8-12.8h-22.4c-6.4 0-12.8 6.4-12.8 12.8v134.4c0 6.4 6.4 12.8 12.8 12.8zM496 400H48V80c0-8.84-7.16-16-16-16H16C7.16 64 0 71.16 0 80v336c0 17.67 14.33 32 32 32h464c8.84 0 16-7.16 16-16v-16c0-8.84-7.16-16-16-16zm-387.2-48h22.4c6.4 0 12.8-6.4 12.8-12.8v-70.4c0-6.4-6.4-12.8-12.8-12.8h-22.4c-6.4 0-12.8 6.4-12.8 12.8v70.4c0 6.4 6.4 12.8 12.8 12.8z\" class=\"\"><\/path><\/svg><\/i> <img loading=\"lazy\" decoding=\"async\" width=\"16\" height=\"16\" alt=\"Loading\" src=\"https:\/\/temucotelevision.cl\/web\/wp-content\/plugins\/page-views-count\/ajax-loader-2x.gif\" border=0 \/><\/p><div class=\"pvc_clear\"><\/div>\n<p><strong>Con un 96% la opci\u00f3n de que se entreguen planes de reparaci\u00f3n a quienes han sufrido episodios de violencia o ataques incendiarios se impuso en esta consulta, por lo cual el parlamentario espera que el Gobierno considere los resultados y presente una agenda de compensaci\u00f3n a v\u00edctimas.<\/strong><\/p>\n\n\n\n<p>Durante el reciente fin de semana el Gobierno Regional realiz\u00f3 una consulta ciudadana la que contempl\u00f3 la pregunta: \u00bfEst\u00e1 de acuerdo en que el gobierno debe presentar una ley de reparaci\u00f3n de v\u00edctimas del terrorismo y la violencia rural en Chile?<\/p>\n\n\n\n<p>Los resultados fueron categ\u00f3ricos y el 96% de los votantes se inclinaron por la opci\u00f3n del s\u00ed y que se debe contemplar un plan que vaya en pos de entregar medidas compensatorias para quienes han sufrido esta clase de hechos.<\/p>\n\n\n\n<p>El diputado de Renovaci\u00f3n Nacional por La Araucan\u00eda y presidente regional de la colectividad, Jorge Rathgeb, indic\u00f3 que es ahora cuando el Gobierno y las autoridades, tomando en cuenta la opini\u00f3n de los habitantes, deben presentar una bater\u00eda de proyectos y as\u00ed no se deje sola a las v\u00edctimas.<\/p>\n\n\n\n<p>Rathgeb, espera que con n\u00fameros en mano, con una opini\u00f3n concreta, no se posponga como ha ocurrido hasta el momento, el tema de las compensaciones y que se pueda hacer un trabajo con aquellas personas que han perdido el esfuerzo y el trabajo de a\u00f1os.<\/p>\n\n\n\n<p>\u201cEl resultado de la consulta fue categ\u00f3rico, sobre un 90% y cercano a un 100%, la gente considera que se debe reparar a las v\u00edctimas de violencia, a trabajadores, mujeres, campesinos, habitantes de la ciudad. Esperamos que el Gobierno escuche las respuestas de los habitantes y entregue el patrocinio o presente una ley para que se repare econ\u00f3micamente a las personas que lo han perdido todo por la violencia y el terrorismo en La Araucan\u00eda\u201d, indic\u00f3 el diputado Jorge Rathgeb.<\/p>\n\n\n\n<p>El legislador tambi\u00e9n dej\u00f3 como tarea y petici\u00f3n especial a las autoridades a que puedan reunirse con las v\u00edctimas, que se establezcan m\u00e1s instancias de participaci\u00f3n ciudadana para tratar estos temas y as\u00ed realizar un trabajo en conjunto con todos los actores.<\/p>\n\n\n\n<p>Para finalizar el diputado Rathgeb enfatiz\u00f3 que hoy m\u00e1s que nunca se debe tomar como referencia la opini\u00f3n ciudadana tomando en consideraci\u00f3n lo ocurrido en materia de ataques y hechos de violencia en La Araucan\u00eda.<\/p>\n","protected":false},"excerpt":{"rendered":"<div class=\"pvc_clear\"><\/div>\n<p id=\"pvc_stats_42865\" class=\"pvc_stats total_only  \" data-element-id=\"42865\" style=\"\"><i class=\"pvc-stats-icon large\" aria-hidden=\"true\"><svg aria-hidden=\"true\" focusable=\"false\" data-prefix=\"far\" data-icon=\"chart-bar\" role=\"img\" xmlns=\"http:\/\/www.w3.org\/2000\/svg\" viewBox=\"0 0 512 512\" class=\"svg-inline--fa fa-chart-bar fa-w-16 fa-2x\"><path fill=\"currentColor\" d=\"M396.8 352h22.4c6.4 0 12.8-6.4 12.8-12.8V108.8c0-6.4-6.4-12.8-12.8-12.8h-22.4c-6.4 0-12.8 6.4-12.8 12.8v230.4c0 6.4 6.4 12.8 12.8 12.8zm-192 0h22.4c6.4 0 12.8-6.4 12.8-12.8V140.8c0-6.4-6.4-12.8-12.8-12.8h-22.4c-6.4 0-12.8 6.4-12.8 12.8v198.4c0 6.4 6.4 12.8 12.8 12.8zm96 0h22.4c6.4 0 12.8-6.4 12.8-12.8V204.8c0-6.4-6.4-12.8-12.8-12.8h-22.4c-6.4 0-12.8 6.4-12.8 12.8v134.4c0 6.4 6.4 12.8 12.8 12.8zM496 400H48V80c0-8.84-7.16-16-16-16H16C7.16 64 0 71.16 0 80v336c0 17.67 14.33 32 32 32h464c8.84 0 16-7.16 16-16v-16c0-8.84-7.16-16-16-16zm-387.2-48h22.4c6.4 0 12.8-6.4 12.8-12.8v-70.4c0-6.4-6.4-12.8-12.8-12.8h-22.4c-6.4 0-12.8 6.4-12.8 12.8v70.4c0 6.4 6.4 12.8 12.8 12.8z\" class=\"\"><\/path><\/svg><\/i> <img loading=\"lazy\" decoding=\"async\" width=\"16\" height=\"16\" alt=\"Loading\" src=\"https:\/\/temucotelevision.cl\/web\/wp-content\/plugins\/page-views-count\/ajax-loader-2x.gif\" border=0 \/><\/p>\n<div class=\"pvc_clear\"><\/div>\n<p>Con un 96% la opci\u00f3n de que se entreguen planes de reparaci\u00f3n a quienes han sufrido episodios de violencia o<\/p>\n","protected":false},"author":1,"featured_media":42781,"comment_status":"open","ping_status":"open","sticky":false,"template":"","format":"standard","meta":{"colormag_page_container_layout":"default_layout","colormag_page_sidebar_layout":"default_layout","footnotes":""},"categories":[84],"tags":[4698,154,651,3807],"class_list":["post-42865","post","type-post","status-publish","format-standard","has-post-thumbnail","hentry","category-politica","tag-consulta-ciudadana","tag-diputado","tag-proyectos","tag-resultados"],"a3_pvc":{"activated":true,"total_views":1025,"today_views":0},"_links":{"self":[{"href":"https:\/\/temucotelevision.cl\/web\/wp-json\/wp\/v2\/posts\/42865","targetHints":{"allow":["GET"]}}],"collection":[{"href":"https:\/\/temucotelevision.cl\/web\/wp-json\/wp\/v2\/posts"}],"about":[{"href":"https:\/\/temucotelevision.cl\/web\/wp-json\/wp\/v2\/types\/post"}],"author":[{"embeddable":true,"href":"https:\/\/temucotelevision.cl\/web\/wp-json\/wp\/v2\/users\/1"}],"replies":[{"embeddable":true,"href":"https:\/\/temucotelevision.cl\/web\/wp-json\/wp\/v2\/comments?post=42865"}],"version-history":[{"count":1,"href":"https:\/\/temucotelevision.cl\/web\/wp-json\/wp\/v2\/posts\/42865\/revisions"}],"predecessor-version":[{"id":42866,"href":"https:\/\/temucotelevision.cl\/web\/wp-json\/wp\/v2\/posts\/42865\/revisions\/42866"}],"wp:featuredmedia":[{"embeddable":true,"href":"https:\/\/temucotelevision.cl\/web\/wp-json\/wp\/v2\/media\/42781"}],"wp:attachment":[{"href":"https:\/\/temucotelevision.cl\/web\/wp-json\/wp\/v2\/media?parent=42865"}],"wp:term":[{"taxonomy":"category","embeddable":true,"href":"https:\/\/temucotelevision.cl\/web\/wp-json\/wp\/v2\/categories?post=42865"},{"taxonomy":"post_tag","embeddable":true,"href":"https:\/\/temucotelevision.cl\/web\/wp-json\/wp\/v2\/tags?post=42865"}],"curies":[{"name":"wp","href":"https:\/\/api.w.org\/{rel}","templated":true}]}}