{"id":42839,"date":"2023-07-09T21:10:13","date_gmt":"2023-07-10T00:10:13","guid":{"rendered":"https:\/\/temucotelevision.cl\/web\/?p=42839"},"modified":"2023-07-09T21:14:09","modified_gmt":"2023-07-10T00:14:09","slug":"resultados-de-consulta-ciudadana-revelan-que-el-963-demanda-una-ley-de-reparacion-para-victimas-del-terrorismo-y-violencia-rural","status":"publish","type":"post","link":"https:\/\/temucotelevision.cl\/web\/2023\/07\/09\/resultados-de-consulta-ciudadana-revelan-que-el-963-demanda-una-ley-de-reparacion-para-victimas-del-terrorismo-y-violencia-rural\/","title":{"rendered":"Resultados de consulta ciudadana revelan que el 96,3% demanda una ley de reparaci\u00f3n para v\u00edctimas del terrorismo y violencia rural"},"content":{"rendered":"<div class=\"pvc_clear\"><\/div><p id=\"pvc_stats_42839\" class=\"pvc_stats total_only  \" data-element-id=\"42839\" style=\"\"><i class=\"pvc-stats-icon large\" aria-hidden=\"true\"><svg aria-hidden=\"true\" focusable=\"false\" data-prefix=\"far\" data-icon=\"chart-bar\" role=\"img\" xmlns=\"http:\/\/www.w3.org\/2000\/svg\" viewBox=\"0 0 512 512\" class=\"svg-inline--fa fa-chart-bar fa-w-16 fa-2x\"><path fill=\"currentColor\" d=\"M396.8 352h22.4c6.4 0 12.8-6.4 12.8-12.8V108.8c0-6.4-6.4-12.8-12.8-12.8h-22.4c-6.4 0-12.8 6.4-12.8 12.8v230.4c0 6.4 6.4 12.8 12.8 12.8zm-192 0h22.4c6.4 0 12.8-6.4 12.8-12.8V140.8c0-6.4-6.4-12.8-12.8-12.8h-22.4c-6.4 0-12.8 6.4-12.8 12.8v198.4c0 6.4 6.4 12.8 12.8 12.8zm96 0h22.4c6.4 0 12.8-6.4 12.8-12.8V204.8c0-6.4-6.4-12.8-12.8-12.8h-22.4c-6.4 0-12.8 6.4-12.8 12.8v134.4c0 6.4 6.4 12.8 12.8 12.8zM496 400H48V80c0-8.84-7.16-16-16-16H16C7.16 64 0 71.16 0 80v336c0 17.67 14.33 32 32 32h464c8.84 0 16-7.16 16-16v-16c0-8.84-7.16-16-16-16zm-387.2-48h22.4c6.4 0 12.8-6.4 12.8-12.8v-70.4c0-6.4-6.4-12.8-12.8-12.8h-22.4c-6.4 0-12.8 6.4-12.8 12.8v70.4c0 6.4 6.4 12.8 12.8 12.8z\" class=\"\"><\/path><\/svg><\/i> <img loading=\"lazy\" decoding=\"async\" width=\"16\" height=\"16\" alt=\"Loading\" src=\"https:\/\/temucotelevision.cl\/web\/wp-content\/plugins\/page-views-count\/ajax-loader-2x.gif\" border=0 \/><\/p><div class=\"pvc_clear\"><\/div>\n<p><em>Las comunas con mayor participaci\u00f3n fueron Lumaco, Victoria, Los Sauces, Collipulli y Ercilla; todas de la provincia de Malleco, donde se concentra hist\u00f3ricamente la mayor cantidad de atentados.<\/em><\/p>\n\n\n\n<p>La Consulta Araucan\u00eda 2023 concluy\u00f3 con resultados categ\u00f3ricos: un 96,3% vot\u00f3 por la opci\u00f3n SI, confirmando que para la regi\u00f3n la reparaci\u00f3n a las v\u00edctimas del terrorismo es prioridad.<\/p>\n\n\n\n<p>En total participaron 18.620 personas de toda La Araucan\u00eda, en este tercer proceso eleccionario promovido por el gobernador regional Luciano Rivas, con el apoyo de los consejeros, parlamentarios y alcaldes, entre otros representantes regionales, y que se enmarca en uno de sus sellos de gesti\u00f3n de la autoridad, como lo es el realizar acciones concretas de participaci\u00f3n ciudadana en que se traten temas de inter\u00e9s para los habitantes de la regi\u00f3n, con foco en la descentralizaci\u00f3n.<\/p>\n\n\n\n<p>Tras conocerse los resultados, el gobernador Luciano Rivas valor\u00f3 la participaci\u00f3n y dijo que, &#8220;de un universo de casi 19 mil personas que participaron de nuestra consulta, un 96,3% se expresaron a favor de esto. Lo que nosotros haremos con estos resultados que son contundentes, que son importantes, tanto en participaci\u00f3n como tambi\u00e9n en el porcentaje de personas que est\u00e1 a favor de esta ley, es entregarlo al Presidente de la Rep\u00fablica, a la primera autoridad de nuestro pa\u00eds, que tiene que promulgar una ley como esta y priorizarla; a nuestros parlamentarios que tienen que obviamente discutirla, a los medios de comunicaci\u00f3n por supuesto, a la ciudadan\u00eda en general y principalmente hoy, a aquellos que est\u00e1n escribiendo la nueva Constituci\u00f3n, as\u00ed como tambi\u00e9n a la Comisi\u00f3n por la Paz y el Entendimiento. Creo que estamos en varias instancias hoy d\u00eda, donde vemos temas relevantes que tenemos que socializar para tener una buena ley de reparaci\u00f3n de v\u00edctimas\u201d.&nbsp;<\/p>\n\n\n\n<p>Adem\u00e1s, Luciano Rivas afirm\u00f3 que, \u201cquienes creemos que en la regi\u00f3n de La Araucan\u00eda hay terrorismo, necesitamos esta ley y hoy d\u00eda estamos avanzando con las diversas instancias como es la Consulta, y con un presidente que reconoce esta situaci\u00f3n, con una ministra del interior que tambi\u00e9n lo reconoce, y creo que estamos en el momento propicio para avanzar en una ley de reparaci\u00f3n\u201d.<\/p>\n\n\n\n<p>Las comunas con mayor participaci\u00f3n porcentual de habitantes fueron Lumaco, Victoria, Los Sauces, Collipulli y Ercilla; todas de la provincia de Malleco, donde se concentra hist\u00f3ricamente la mayor cantidad de atentados. \u201cporcentualmente 7 de las 10 comunas que m\u00e1s votaron en esta encuesta fueron de la provincia de Malleco, datos que son bien relevantes con una participaci\u00f3n importante, la que esperamos sea un insumo interesante para que las autoridades del nivel central puedan tomar una buena decisi\u00f3n y podamos avanzar en una ley de reparaci\u00f3n de v\u00edctimas\u201d, afirm\u00f3 Luciano Rivas.<\/p>\n\n\n\n<p>El proceso se realiz\u00f3 a trav\u00e9s de la web&nbsp;<a href=\"http:\/\/www.consultaaraucania.cl\/\" target=\"_blank\" rel=\"noreferrer noopener\">www.consultaaraucania.cl<\/a>&nbsp;y estuvo a cargo de la empresa especialista en elecciones remotas, Evoting.&nbsp;<\/p>\n\n\n\n<p><strong>Urnas virtuales<\/strong><\/p>\n\n\n\n<p>La ceremonia de apertura de las urnas virtuales se llev\u00f3 a cabo en el Pabell\u00f3n Araucan\u00eda, y cont\u00f3 con la participaci\u00f3n del presidente de la Asociaci\u00f3n de Municipios de La Araucan\u00eda (AMRA) y alcalde de Cunco, Alfonso Coke; los consejeros regionales Jorge Luchsinger y Marita Guti\u00e9rrez; adem\u00e1s de las v\u00edctimas: la viuda del cabo Na\u00edn, Dahianna Pereira, y la madre de Benjam\u00edn Bustos, Ingrid Manr\u00edquez. Todos ellos, junto al gobernador, formaron parte de la comisi\u00f3n electoral que, a trav\u00e9s de una llave, ten\u00edan la facultad de desencriptar los datos de la votaci\u00f3n al finalizar el proceso.&nbsp;<\/p>\n\n\n\n<p>Sobre este proceso de consulta, Alfonso Coke sostuvo que, \u201ccreo que toda consulta que vaya en la reparaci\u00f3n de v\u00edctimas de la violencia y el terrorismo en La Araucan\u00eda la vamos a apoyar. Creo que la gente se pronunci\u00f3, m\u00e1s de 18 mil personas votaron y hac\u00eda un an\u00e1lisis de que van 26 a\u00f1os que ning\u00fan gobierno ha hecho un gesto pol\u00edtico de reparaci\u00f3n de v\u00edctimas o sacar leyes con herramientas para atacar el terrorismo, qu\u00e9 lo que ha pasado en estos 26 a\u00f1os, han aumentado las v\u00edctimas, hay menos desarrollo, hay m\u00e1s pobreza y por lo tanto, creo que esto es un insumo para entregarlo al Gobierno de turno para poder sacar una ley, porque sin ley no podemos hacer nada y vamos a seguir con la violencia en La Araucan\u00eda\u201d.<\/p>\n\n\n\n<p><strong>Lo que viene luego de la Consulta Araucan\u00eda<\/strong><\/p>\n\n\n\n<p>El gobernador Rivas se refiri\u00f3 a los pasos a seguir a partir de esta consulta. \u201cEn nuestra primera consulta, sobre el Estado de Excepci\u00f3n, logramos dar a conocer nuestra mirada como habitantes de La Araucan\u00eda; fue un insumo importante para la toma de decisiones de los parlamentarios. Hoy esto tambi\u00e9n debe ser considerado para la toma de decisiones en los distintos niveles. El Ejecutivo ha reconocido abiertamente que en La Araucan\u00eda hay terrorismo, convicci\u00f3n que tenemos desde hace mucho; y si hay terrorismo, hay v\u00edctimas\u201d, puntualiz\u00f3.<\/p>\n\n\n\n<p>\u201cSolo anoche hubo tres atentados en la regi\u00f3n y en el \u00faltimo per\u00edodo esto se ha mantenido en uno diario promedio. Es una situaci\u00f3n insostenible, todos los d\u00edas surgen nuevas v\u00edctimas\u201d, dijo, y agreg\u00f3 Rivas, \u201cno podemos seguir esperando medidas que sabemos son necesarias para luchar contra el terrorismo, es por eso que promover una ley de reparaci\u00f3n de v\u00edctimas, como se hizo en Colombia y a prop\u00f3sito de la ETA en Espa\u00f1a. No podemos dejar solas a las v\u00edctimas\u201d.<\/p>\n","protected":false},"excerpt":{"rendered":"<div class=\"pvc_clear\"><\/div>\n<p id=\"pvc_stats_42839\" class=\"pvc_stats total_only  \" data-element-id=\"42839\" style=\"\"><i class=\"pvc-stats-icon large\" aria-hidden=\"true\"><svg aria-hidden=\"true\" focusable=\"false\" data-prefix=\"far\" data-icon=\"chart-bar\" role=\"img\" xmlns=\"http:\/\/www.w3.org\/2000\/svg\" viewBox=\"0 0 512 512\" class=\"svg-inline--fa fa-chart-bar fa-w-16 fa-2x\"><path fill=\"currentColor\" d=\"M396.8 352h22.4c6.4 0 12.8-6.4 12.8-12.8V108.8c0-6.4-6.4-12.8-12.8-12.8h-22.4c-6.4 0-12.8 6.4-12.8 12.8v230.4c0 6.4 6.4 12.8 12.8 12.8zm-192 0h22.4c6.4 0 12.8-6.4 12.8-12.8V140.8c0-6.4-6.4-12.8-12.8-12.8h-22.4c-6.4 0-12.8 6.4-12.8 12.8v198.4c0 6.4 6.4 12.8 12.8 12.8zm96 0h22.4c6.4 0 12.8-6.4 12.8-12.8V204.8c0-6.4-6.4-12.8-12.8-12.8h-22.4c-6.4 0-12.8 6.4-12.8 12.8v134.4c0 6.4 6.4 12.8 12.8 12.8zM496 400H48V80c0-8.84-7.16-16-16-16H16C7.16 64 0 71.16 0 80v336c0 17.67 14.33 32 32 32h464c8.84 0 16-7.16 16-16v-16c0-8.84-7.16-16-16-16zm-387.2-48h22.4c6.4 0 12.8-6.4 12.8-12.8v-70.4c0-6.4-6.4-12.8-12.8-12.8h-22.4c-6.4 0-12.8 6.4-12.8 12.8v70.4c0 6.4 6.4 12.8 12.8 12.8z\" class=\"\"><\/path><\/svg><\/i> <img loading=\"lazy\" decoding=\"async\" width=\"16\" height=\"16\" alt=\"Loading\" src=\"https:\/\/temucotelevision.cl\/web\/wp-content\/plugins\/page-views-count\/ajax-loader-2x.gif\" border=0 \/><\/p>\n<div class=\"pvc_clear\"><\/div>\n<p>Las comunas con mayor participaci\u00f3n fueron Lumaco, Victoria, Los Sauces, Collipulli y Ercilla; todas de la provincia de Malleco, donde<\/p>\n","protected":false},"author":1,"featured_media":42840,"comment_status":"open","ping_status":"open","sticky":false,"template":"","format":"standard","meta":{"colormag_page_container_layout":"default_layout","colormag_page_sidebar_layout":"default_layout","footnotes":""},"categories":[15,84],"tags":[4698,829,506,4425,1405,6581],"class_list":["post-42839","post","type-post","status-publish","format-standard","has-post-thumbnail","hentry","category-la-araucania","category-politica","tag-consulta-ciudadana","tag-gobernador","tag-ley","tag-reparacion","tag-victimas","tag-violencia-rural"],"a3_pvc":{"activated":true,"total_views":1114,"today_views":0},"_links":{"self":[{"href":"https:\/\/temucotelevision.cl\/web\/wp-json\/wp\/v2\/posts\/42839","targetHints":{"allow":["GET"]}}],"collection":[{"href":"https:\/\/temucotelevision.cl\/web\/wp-json\/wp\/v2\/posts"}],"about":[{"href":"https:\/\/temucotelevision.cl\/web\/wp-json\/wp\/v2\/types\/post"}],"author":[{"embeddable":true,"href":"https:\/\/temucotelevision.cl\/web\/wp-json\/wp\/v2\/users\/1"}],"replies":[{"embeddable":true,"href":"https:\/\/temucotelevision.cl\/web\/wp-json\/wp\/v2\/comments?post=42839"}],"version-history":[{"count":1,"href":"https:\/\/temucotelevision.cl\/web\/wp-json\/wp\/v2\/posts\/42839\/revisions"}],"predecessor-version":[{"id":42841,"href":"https:\/\/temucotelevision.cl\/web\/wp-json\/wp\/v2\/posts\/42839\/revisions\/42841"}],"wp:featuredmedia":[{"embeddable":true,"href":"https:\/\/temucotelevision.cl\/web\/wp-json\/wp\/v2\/media\/42840"}],"wp:attachment":[{"href":"https:\/\/temucotelevision.cl\/web\/wp-json\/wp\/v2\/media?parent=42839"}],"wp:term":[{"taxonomy":"category","embeddable":true,"href":"https:\/\/temucotelevision.cl\/web\/wp-json\/wp\/v2\/categories?post=42839"},{"taxonomy":"post_tag","embeddable":true,"href":"https:\/\/temucotelevision.cl\/web\/wp-json\/wp\/v2\/tags?post=42839"}],"curies":[{"name":"wp","href":"https:\/\/api.w.org\/{rel}","templated":true}]}}