{"id":42823,"date":"2023-07-09T14:44:02","date_gmt":"2023-07-09T17:44:02","guid":{"rendered":"https:\/\/temucotelevision.cl\/web\/?p=42823"},"modified":"2023-07-09T20:32:33","modified_gmt":"2023-07-09T23:32:33","slug":"fiscalia-de-alta-complejidad-asume-investigaciones-de-ataques-incendiarios-en-pillanlelbun-y-perquenco","status":"publish","type":"post","link":"https:\/\/temucotelevision.cl\/web\/2023\/07\/09\/fiscalia-de-alta-complejidad-asume-investigaciones-de-ataques-incendiarios-en-pillanlelbun-y-perquenco\/","title":{"rendered":"Fiscal\u00eda de Alta Complejidad asume investigaciones de ataques incendiarios en Pillanlelb\u00fan y Perquenco"},"content":{"rendered":"<div class=\"pvc_clear\"><\/div><p id=\"pvc_stats_42823\" class=\"pvc_stats total_only  \" data-element-id=\"42823\" style=\"\"><i class=\"pvc-stats-icon large\" aria-hidden=\"true\"><svg aria-hidden=\"true\" focusable=\"false\" data-prefix=\"far\" data-icon=\"chart-bar\" role=\"img\" xmlns=\"http:\/\/www.w3.org\/2000\/svg\" viewBox=\"0 0 512 512\" class=\"svg-inline--fa fa-chart-bar fa-w-16 fa-2x\"><path fill=\"currentColor\" d=\"M396.8 352h22.4c6.4 0 12.8-6.4 12.8-12.8V108.8c0-6.4-6.4-12.8-12.8-12.8h-22.4c-6.4 0-12.8 6.4-12.8 12.8v230.4c0 6.4 6.4 12.8 12.8 12.8zm-192 0h22.4c6.4 0 12.8-6.4 12.8-12.8V140.8c0-6.4-6.4-12.8-12.8-12.8h-22.4c-6.4 0-12.8 6.4-12.8 12.8v198.4c0 6.4 6.4 12.8 12.8 12.8zm96 0h22.4c6.4 0 12.8-6.4 12.8-12.8V204.8c0-6.4-6.4-12.8-12.8-12.8h-22.4c-6.4 0-12.8 6.4-12.8 12.8v134.4c0 6.4 6.4 12.8 12.8 12.8zM496 400H48V80c0-8.84-7.16-16-16-16H16C7.16 64 0 71.16 0 80v336c0 17.67 14.33 32 32 32h464c8.84 0 16-7.16 16-16v-16c0-8.84-7.16-16-16-16zm-387.2-48h22.4c6.4 0 12.8-6.4 12.8-12.8v-70.4c0-6.4-6.4-12.8-12.8-12.8h-22.4c-6.4 0-12.8 6.4-12.8 12.8v70.4c0 6.4 6.4 12.8 12.8 12.8z\" class=\"\"><\/path><\/svg><\/i> <img loading=\"lazy\" decoding=\"async\" width=\"16\" height=\"16\" alt=\"Loading\" src=\"https:\/\/temucotelevision.cl\/web\/wp-content\/plugins\/page-views-count\/ajax-loader-2x.gif\" border=0 \/><\/p><div class=\"pvc_clear\"><\/div>\n<p>La Fiscal\u00eda de Alta Complejidad ha tomado a su cargo las investigaciones de dos ataques incendiarios ocurridos durante la madrugada en la localidad de Pillanlelb\u00fan, en Lautaro, y en la comuna de Perquenco. Debido al modus operandi similar y la cercan\u00eda geogr\u00e1fica y horaria de los hechos, se presume que fueron llevados a cabo por el mismo grupo de individuos.<\/p>\n\n\n\n<p>El primer incidente tuvo lugar alrededor de la 01:30 en el fundo Quintrilpe de Pillanlelb\u00fan. Seg\u00fan el testimonio de una de las v\u00edctimas, mientras cenaba con un amigo, escuch\u00f3 ruidos en el patio. Al abrir la puerta, siete personas con el rostro cubierto ingresaron al lugar, portando escopetas, rev\u00f3lveres y un rifle. Los individuos ordenaron a las v\u00edctimas arrodillarse y no mirar mientras registraban la casa en busca de armas. Posteriormente, robaron una escopeta y un celular, tras lo cual trasladaron a las v\u00edctimas a la casa patronal del fundo, la cual incendiaron. Tambi\u00e9n intentaron prender fuego a un tractor, aunque las v\u00edctimas lograron apagar el incendio antes de que se propagara. Antes de escapar, los atacantes dejaron un lienzo firmado por LNM (Liberaci\u00f3n Nacional Mapuche), en el cual exig\u00edan la liberaci\u00f3n de comuneros que se encuentran detenidos en distintas causas, incluyendo a Luis Tranamil, acusado del homicidio del suboficial Eugenio Na\u00edn. El lienzo tambi\u00e9n hac\u00eda referencia a &#8220;To\u00f1o Marchant&#8221;, en memoria de Pablo Marchat, miembro de la CAM, quien falleci\u00f3 en un enfrentamiento con Carabineros el 9 de julio de 2021 durante un ataque a un campamento de la empresa forestal Mininco en Carahue.<\/p>\n\n\n\n<p>El segundo atentado ocurri\u00f3 en el Fundo Do\u00f1a Nena, ubicado en la Ruta S-328, Km. 6.5 de la comuna de Perquenco, aproximadamente a las 02:15 horas. Carabineros recibi\u00f3 una llamada del administrador del lugar, quien inform\u00f3 que hab\u00eda sido intimidado por siete individuos encapuchados y armados. Los atacantes obligaron al administrador a ingresar a su vivienda y luego incendiaron todas las bodegas y maquinarias del predio.<\/p>\n\n\n\n<p>La Fiscal\u00eda de Primeras Diligencias orden\u00f3 la concurrencia del Laboratorio de Criminal\u00edstica y del personal de la Secci\u00f3n OS-9 de Carabineros para ambos casos. El fiscal de alta complejidad H\u00e9ctor Leiva se constituy\u00f3 en el lugar del primer ataque, donde se entrevist\u00f3 con las v\u00edctimas y supervis\u00f3 las labores de investigaci\u00f3n. Adem\u00e1s, coordin\u00f3 medidas de protecci\u00f3n y la derivaci\u00f3n de todos los afectados a la Unidad de Atenci\u00f3n a V\u00edctimas de la Fiscal\u00eda.<\/p>\n\n\n\n<p>Estos incidentes refuerzan la preocupaci\u00f3n existente en la regi\u00f3n de La Araucan\u00eda debido al aumento de los ataques incendiarios en los \u00faltimos a\u00f1os, relacionados con conflictos territoriales y demandas de autonom\u00eda y reconocimiento de los derechos de las comunidades mapuches. Las autoridades contin\u00faan trabajando en la resoluci\u00f3n de esta problem\u00e1tica y en la identificaci\u00f3n y persecuci\u00f3n de los responsables de estos actos violentos.<\/p>\n\n\n\n<div class=\"wp-block-media-text alignwide is-stacked-on-mobile\"><figure class=\"wp-block-media-text__media\"><video controls src=\"https:\/\/temucotelevision.cl\/web\/wp-content\/uploads\/2023\/07\/Fiscal-Hector-Leiva.mp4\"><\/video><\/figure><div class=\"wp-block-media-text__content\">\n<p>Fiscal de Alta Complejidad H\u00e9ctor Leiva<\/p>\n<\/div><\/div>\n","protected":false},"excerpt":{"rendered":"<div class=\"pvc_clear\"><\/div>\n<p id=\"pvc_stats_42823\" class=\"pvc_stats total_only  \" data-element-id=\"42823\" style=\"\"><i class=\"pvc-stats-icon large\" aria-hidden=\"true\"><svg aria-hidden=\"true\" focusable=\"false\" data-prefix=\"far\" data-icon=\"chart-bar\" role=\"img\" xmlns=\"http:\/\/www.w3.org\/2000\/svg\" viewBox=\"0 0 512 512\" class=\"svg-inline--fa fa-chart-bar fa-w-16 fa-2x\"><path fill=\"currentColor\" d=\"M396.8 352h22.4c6.4 0 12.8-6.4 12.8-12.8V108.8c0-6.4-6.4-12.8-12.8-12.8h-22.4c-6.4 0-12.8 6.4-12.8 12.8v230.4c0 6.4 6.4 12.8 12.8 12.8zm-192 0h22.4c6.4 0 12.8-6.4 12.8-12.8V140.8c0-6.4-6.4-12.8-12.8-12.8h-22.4c-6.4 0-12.8 6.4-12.8 12.8v198.4c0 6.4 6.4 12.8 12.8 12.8zm96 0h22.4c6.4 0 12.8-6.4 12.8-12.8V204.8c0-6.4-6.4-12.8-12.8-12.8h-22.4c-6.4 0-12.8 6.4-12.8 12.8v134.4c0 6.4 6.4 12.8 12.8 12.8zM496 400H48V80c0-8.84-7.16-16-16-16H16C7.16 64 0 71.16 0 80v336c0 17.67 14.33 32 32 32h464c8.84 0 16-7.16 16-16v-16c0-8.84-7.16-16-16-16zm-387.2-48h22.4c6.4 0 12.8-6.4 12.8-12.8v-70.4c0-6.4-6.4-12.8-12.8-12.8h-22.4c-6.4 0-12.8 6.4-12.8 12.8v70.4c0 6.4 6.4 12.8 12.8 12.8z\" class=\"\"><\/path><\/svg><\/i> <img loading=\"lazy\" decoding=\"async\" width=\"16\" height=\"16\" alt=\"Loading\" src=\"https:\/\/temucotelevision.cl\/web\/wp-content\/plugins\/page-views-count\/ajax-loader-2x.gif\" border=0 \/><\/p>\n<div class=\"pvc_clear\"><\/div>\n<p>La Fiscal\u00eda de Alta Complejidad ha tomado a su cargo las investigaciones de dos ataques incendiarios ocurridos durante la madrugada<\/p>\n","protected":false},"author":1,"featured_media":42825,"comment_status":"open","ping_status":"open","sticky":false,"template":"","format":"standard","meta":{"colormag_page_container_layout":"default_layout","colormag_page_sidebar_layout":"default_layout","footnotes":""},"categories":[15,18],"tags":[1236,1235,6579,448],"class_list":["post-42823","post","type-post","status-publish","format-standard","has-post-thumbnail","hentry","category-la-araucania","category-nacional","tag-ataques","tag-atentados","tag-casa-patronal","tag-fiscalia"],"a3_pvc":{"activated":true,"total_views":1721,"today_views":0},"_links":{"self":[{"href":"https:\/\/temucotelevision.cl\/web\/wp-json\/wp\/v2\/posts\/42823","targetHints":{"allow":["GET"]}}],"collection":[{"href":"https:\/\/temucotelevision.cl\/web\/wp-json\/wp\/v2\/posts"}],"about":[{"href":"https:\/\/temucotelevision.cl\/web\/wp-json\/wp\/v2\/types\/post"}],"author":[{"embeddable":true,"href":"https:\/\/temucotelevision.cl\/web\/wp-json\/wp\/v2\/users\/1"}],"replies":[{"embeddable":true,"href":"https:\/\/temucotelevision.cl\/web\/wp-json\/wp\/v2\/comments?post=42823"}],"version-history":[{"count":2,"href":"https:\/\/temucotelevision.cl\/web\/wp-json\/wp\/v2\/posts\/42823\/revisions"}],"predecessor-version":[{"id":42829,"href":"https:\/\/temucotelevision.cl\/web\/wp-json\/wp\/v2\/posts\/42823\/revisions\/42829"}],"wp:featuredmedia":[{"embeddable":true,"href":"https:\/\/temucotelevision.cl\/web\/wp-json\/wp\/v2\/media\/42825"}],"wp:attachment":[{"href":"https:\/\/temucotelevision.cl\/web\/wp-json\/wp\/v2\/media?parent=42823"}],"wp:term":[{"taxonomy":"category","embeddable":true,"href":"https:\/\/temucotelevision.cl\/web\/wp-json\/wp\/v2\/categories?post=42823"},{"taxonomy":"post_tag","embeddable":true,"href":"https:\/\/temucotelevision.cl\/web\/wp-json\/wp\/v2\/tags?post=42823"}],"curies":[{"name":"wp","href":"https:\/\/api.w.org\/{rel}","templated":true}]}}