{"id":42820,"date":"2023-07-09T14:38:04","date_gmt":"2023-07-09T17:38:04","guid":{"rendered":"https:\/\/temucotelevision.cl\/web\/?p=42820"},"modified":"2023-07-09T14:38:04","modified_gmt":"2023-07-09T17:38:04","slug":"clasico-de-tiro-de-gracia-cobra-nueva-vida-con-el-remix-de-dj-ale-medina","status":"publish","type":"post","link":"https:\/\/temucotelevision.cl\/web\/2023\/07\/09\/clasico-de-tiro-de-gracia-cobra-nueva-vida-con-el-remix-de-dj-ale-medina\/","title":{"rendered":"Cl\u00e1sico de Tiro de Gracia cobra nueva vida con\u00a0el remix\u00a0de DJ Ale Medina"},"content":{"rendered":"<div class=\"pvc_clear\"><\/div><p id=\"pvc_stats_42820\" class=\"pvc_stats total_only  \" data-element-id=\"42820\" style=\"\"><i class=\"pvc-stats-icon large\" aria-hidden=\"true\"><svg aria-hidden=\"true\" focusable=\"false\" data-prefix=\"far\" data-icon=\"chart-bar\" role=\"img\" xmlns=\"http:\/\/www.w3.org\/2000\/svg\" viewBox=\"0 0 512 512\" class=\"svg-inline--fa fa-chart-bar fa-w-16 fa-2x\"><path fill=\"currentColor\" d=\"M396.8 352h22.4c6.4 0 12.8-6.4 12.8-12.8V108.8c0-6.4-6.4-12.8-12.8-12.8h-22.4c-6.4 0-12.8 6.4-12.8 12.8v230.4c0 6.4 6.4 12.8 12.8 12.8zm-192 0h22.4c6.4 0 12.8-6.4 12.8-12.8V140.8c0-6.4-6.4-12.8-12.8-12.8h-22.4c-6.4 0-12.8 6.4-12.8 12.8v198.4c0 6.4 6.4 12.8 12.8 12.8zm96 0h22.4c6.4 0 12.8-6.4 12.8-12.8V204.8c0-6.4-6.4-12.8-12.8-12.8h-22.4c-6.4 0-12.8 6.4-12.8 12.8v134.4c0 6.4 6.4 12.8 12.8 12.8zM496 400H48V80c0-8.84-7.16-16-16-16H16C7.16 64 0 71.16 0 80v336c0 17.67 14.33 32 32 32h464c8.84 0 16-7.16 16-16v-16c0-8.84-7.16-16-16-16zm-387.2-48h22.4c6.4 0 12.8-6.4 12.8-12.8v-70.4c0-6.4-6.4-12.8-12.8-12.8h-22.4c-6.4 0-12.8 6.4-12.8 12.8v70.4c0 6.4 6.4 12.8 12.8 12.8z\" class=\"\"><\/path><\/svg><\/i> <img loading=\"lazy\" decoding=\"async\" width=\"16\" height=\"16\" alt=\"Loading\" src=\"https:\/\/temucotelevision.cl\/web\/wp-content\/plugins\/page-views-count\/ajax-loader-2x.gif\" border=0 \/><\/p><div class=\"pvc_clear\"><\/div>\n<p><strong>El Dj y productor nacional radicado en Nueva York estrena el remix para\u00a0&#8220;<a href=\"https:\/\/open.spotify.com\/album\/4dIc1buW7ClFSTl7qaJ850?si=4EGR9OMMRJ6PlYHZQLyDEA\" target=\"_blank\" rel=\"noreferrer noopener\">Sue\u00f1os<\/a>&#8221; de Tiro de Gracia,\u00a0como adelanto de\u00a0su EP que contar\u00e1 con m\u00e1s remezclas y colaboraciones.<\/strong><\/p>\n\n\n\n<p>El m\u00fasico y productor nacional radicado en Estados Unidos,&nbsp;<strong>V\u00edctor Vild\u00f3sola, libera a su alter ego DJ Ale Medina<\/strong>, faceta que ha desarrollado hace m\u00e1s de tres d\u00e9cadas y que ahora oficializa con la publicaci\u00f3n de su&nbsp;<strong>primer EP \u201cGroovebox\u201d, cuyo adelanto es la versi\u00f3n que realiz\u00f3 para \u201cSue\u00f1os\u201d de Tiro de Gracia.<\/strong><\/p>\n\n\n\n<p><em>\u201cLo que me motiv\u00f3 a grabar bajo el nombre de DJ Ale Medina fueron varios factores. Sent\u00ed la necesidad de explorar nuevas formas de expresi\u00f3n y libertad creativa. As\u00ed como tambi\u00e9n, la facilidad de movimiento y versatilidad que ofrece ser DJ, junto con establecerme como productor de m\u00fasica electr\u00f3nica, lo que me permite experimentar con sonidos, texturas y emociones\u201d,<\/em>&nbsp;destaca el m\u00fasico.<\/p>\n\n\n\n<p>Este primer single cont\u00f3 con la colaboraci\u00f3n del mismo&nbsp;<strong>Juan Sativo<\/strong>&nbsp;(Ex Tiro de Gracia) y el m\u00fasico estadounidense&nbsp;<strong>James Hershey<\/strong>, quien agreg\u00f3 su talento en las congas para darle a la pista una sonoridad m\u00e1s disco de los a\u00f1os 70.<\/p>\n\n\n\n<p><em>\u201cMe emocionaba la idea de reinventar la canci\u00f3n y ofrecer una nueva perspectiva sonora que pudiera atraer tanto a los fan\u00e1ticos existentes como a nuevos oyentes.&nbsp;Es una de mis canciones favoritas de Tiro de Gracia, es ic\u00f3nica, emblem\u00e1tica y tiene la energ\u00eda contagiosa del funk y un groove poderoso que reson\u00f3 a nivel personal tanto en m\u00ed, como en gran parte de una generaci\u00f3n\u201d,<\/em>&nbsp;comenta el Dj.<\/p>\n\n\n\n<p>El EP&nbsp;<strong>\u201cGroovebox\u201d<\/strong>, que se liberar\u00e1 a principios de agosto, contar\u00e1 tambi\u00e9n con&nbsp;<strong>colaboraciones de Ni\u00f1a Dioz (MEX), Torreblanca (MEX), Mariel Mariel (CHI), MC Billeta (CHI) y Andrea Velasco (CHI),&nbsp;<\/strong><strong>entre otros.<\/strong><\/p>\n\n\n\n<p>El productor, bajo su rol de Dj Ale Medina ha sido parte de emblem\u00e1ticos escenarios, entre ellos: discotheque Blondie, ciclos de Hip Hop y Funk en La Batuta y clubes como Subterr\u00e1neo, Candelaria y Moloko. En su paso por Ciudad de M\u00e9xico, pinch\u00f3 en Foro Condesa, Caradura, Pata Negra, Aurora y en una gran variedad de&nbsp;eventos privados.<\/p>\n\n\n\n<p>Mientras que en Nueva York, fue residente en &#8220;Boogie Mics&#8221; en South Bronx y realiz\u00f3&nbsp;sesiones semanales y residencias en Hidden Lane, Bizarre y L\u2019Adresse. Adem\u00e1s, este a\u00f1o fue&nbsp;<strong>el representante chileno en el evento Make Music Day que se celebra en el d\u00eda de la m\u00fasica en la gran manzana.<\/strong><\/p>\n","protected":false},"excerpt":{"rendered":"<div class=\"pvc_clear\"><\/div>\n<p id=\"pvc_stats_42820\" class=\"pvc_stats total_only  \" data-element-id=\"42820\" style=\"\"><i class=\"pvc-stats-icon large\" aria-hidden=\"true\"><svg aria-hidden=\"true\" focusable=\"false\" data-prefix=\"far\" data-icon=\"chart-bar\" role=\"img\" xmlns=\"http:\/\/www.w3.org\/2000\/svg\" viewBox=\"0 0 512 512\" class=\"svg-inline--fa fa-chart-bar fa-w-16 fa-2x\"><path fill=\"currentColor\" d=\"M396.8 352h22.4c6.4 0 12.8-6.4 12.8-12.8V108.8c0-6.4-6.4-12.8-12.8-12.8h-22.4c-6.4 0-12.8 6.4-12.8 12.8v230.4c0 6.4 6.4 12.8 12.8 12.8zm-192 0h22.4c6.4 0 12.8-6.4 12.8-12.8V140.8c0-6.4-6.4-12.8-12.8-12.8h-22.4c-6.4 0-12.8 6.4-12.8 12.8v198.4c0 6.4 6.4 12.8 12.8 12.8zm96 0h22.4c6.4 0 12.8-6.4 12.8-12.8V204.8c0-6.4-6.4-12.8-12.8-12.8h-22.4c-6.4 0-12.8 6.4-12.8 12.8v134.4c0 6.4 6.4 12.8 12.8 12.8zM496 400H48V80c0-8.84-7.16-16-16-16H16C7.16 64 0 71.16 0 80v336c0 17.67 14.33 32 32 32h464c8.84 0 16-7.16 16-16v-16c0-8.84-7.16-16-16-16zm-387.2-48h22.4c6.4 0 12.8-6.4 12.8-12.8v-70.4c0-6.4-6.4-12.8-12.8-12.8h-22.4c-6.4 0-12.8 6.4-12.8 12.8v70.4c0 6.4 6.4 12.8 12.8 12.8z\" class=\"\"><\/path><\/svg><\/i> <img loading=\"lazy\" decoding=\"async\" width=\"16\" height=\"16\" alt=\"Loading\" src=\"https:\/\/temucotelevision.cl\/web\/wp-content\/plugins\/page-views-count\/ajax-loader-2x.gif\" border=0 \/><\/p>\n<div class=\"pvc_clear\"><\/div>\n<p>El Dj y productor nacional radicado en Nueva York estrena el remix para\u00a0&#8220;Sue\u00f1os&#8221; de Tiro de Gracia,\u00a0como adelanto de\u00a0su EP<\/p>\n","protected":false},"author":1,"featured_media":42821,"comment_status":"open","ping_status":"open","sticky":false,"template":"","format":"standard","meta":{"colormag_page_container_layout":"default_layout","colormag_page_sidebar_layout":"default_layout","footnotes":""},"categories":[369],"tags":[1928,2678,4806],"class_list":["post-42820","post","type-post","status-publish","format-standard","has-post-thumbnail","hentry","category-musica","tag-dj","tag-remix","tag-tiro-de-gracia"],"a3_pvc":{"activated":true,"total_views":782,"today_views":0},"_links":{"self":[{"href":"https:\/\/temucotelevision.cl\/web\/wp-json\/wp\/v2\/posts\/42820","targetHints":{"allow":["GET"]}}],"collection":[{"href":"https:\/\/temucotelevision.cl\/web\/wp-json\/wp\/v2\/posts"}],"about":[{"href":"https:\/\/temucotelevision.cl\/web\/wp-json\/wp\/v2\/types\/post"}],"author":[{"embeddable":true,"href":"https:\/\/temucotelevision.cl\/web\/wp-json\/wp\/v2\/users\/1"}],"replies":[{"embeddable":true,"href":"https:\/\/temucotelevision.cl\/web\/wp-json\/wp\/v2\/comments?post=42820"}],"version-history":[{"count":1,"href":"https:\/\/temucotelevision.cl\/web\/wp-json\/wp\/v2\/posts\/42820\/revisions"}],"predecessor-version":[{"id":42822,"href":"https:\/\/temucotelevision.cl\/web\/wp-json\/wp\/v2\/posts\/42820\/revisions\/42822"}],"wp:featuredmedia":[{"embeddable":true,"href":"https:\/\/temucotelevision.cl\/web\/wp-json\/wp\/v2\/media\/42821"}],"wp:attachment":[{"href":"https:\/\/temucotelevision.cl\/web\/wp-json\/wp\/v2\/media?parent=42820"}],"wp:term":[{"taxonomy":"category","embeddable":true,"href":"https:\/\/temucotelevision.cl\/web\/wp-json\/wp\/v2\/categories?post=42820"},{"taxonomy":"post_tag","embeddable":true,"href":"https:\/\/temucotelevision.cl\/web\/wp-json\/wp\/v2\/tags?post=42820"}],"curies":[{"name":"wp","href":"https:\/\/api.w.org\/{rel}","templated":true}]}}