{"id":42814,"date":"2023-07-09T12:59:42","date_gmt":"2023-07-09T15:59:42","guid":{"rendered":"https:\/\/temucotelevision.cl\/web\/?p=42814"},"modified":"2023-07-09T12:59:42","modified_gmt":"2023-07-09T15:59:42","slug":"dos-ataques-incendiarios-se-registraron-en-predios-rurales-en-la-araucania","status":"publish","type":"post","link":"https:\/\/temucotelevision.cl\/web\/2023\/07\/09\/dos-ataques-incendiarios-se-registraron-en-predios-rurales-en-la-araucania\/","title":{"rendered":"Dos ataques incendiarios se registraron en predios rurales en La Araucan\u00eda"},"content":{"rendered":"<div class=\"pvc_clear\"><\/div><p id=\"pvc_stats_42814\" class=\"pvc_stats total_only  \" data-element-id=\"42814\" style=\"\"><i class=\"pvc-stats-icon large\" aria-hidden=\"true\"><svg aria-hidden=\"true\" focusable=\"false\" data-prefix=\"far\" data-icon=\"chart-bar\" role=\"img\" xmlns=\"http:\/\/www.w3.org\/2000\/svg\" viewBox=\"0 0 512 512\" class=\"svg-inline--fa fa-chart-bar fa-w-16 fa-2x\"><path fill=\"currentColor\" d=\"M396.8 352h22.4c6.4 0 12.8-6.4 12.8-12.8V108.8c0-6.4-6.4-12.8-12.8-12.8h-22.4c-6.4 0-12.8 6.4-12.8 12.8v230.4c0 6.4 6.4 12.8 12.8 12.8zm-192 0h22.4c6.4 0 12.8-6.4 12.8-12.8V140.8c0-6.4-6.4-12.8-12.8-12.8h-22.4c-6.4 0-12.8 6.4-12.8 12.8v198.4c0 6.4 6.4 12.8 12.8 12.8zm96 0h22.4c6.4 0 12.8-6.4 12.8-12.8V204.8c0-6.4-6.4-12.8-12.8-12.8h-22.4c-6.4 0-12.8 6.4-12.8 12.8v134.4c0 6.4 6.4 12.8 12.8 12.8zM496 400H48V80c0-8.84-7.16-16-16-16H16C7.16 64 0 71.16 0 80v336c0 17.67 14.33 32 32 32h464c8.84 0 16-7.16 16-16v-16c0-8.84-7.16-16-16-16zm-387.2-48h22.4c6.4 0 12.8-6.4 12.8-12.8v-70.4c0-6.4-6.4-12.8-12.8-12.8h-22.4c-6.4 0-12.8 6.4-12.8 12.8v70.4c0 6.4 6.4 12.8 12.8 12.8z\" class=\"\"><\/path><\/svg><\/i> <img loading=\"lazy\" decoding=\"async\" width=\"16\" height=\"16\" alt=\"Loading\" src=\"https:\/\/temucotelevision.cl\/web\/wp-content\/plugins\/page-views-count\/ajax-loader-2x.gif\" border=0 \/><\/p><div class=\"pvc_clear\"><\/div>\n<p>Dos ataques incendiarios se produjeron en la madrugada del domingo en las localidades de Perquenco y Lautaro, ubicadas en la regi\u00f3n de La Araucan\u00eda, generando da\u00f1os a predios rurales. Hasta el momento no se han reportado personas heridas.<\/p>\n\n\n\n<p>El primer atentado ocurri\u00f3 en el Sector La Paz de Perquenco, donde las llamas consumieron maquinarias, galpones y casas. Paralelamente, en Pillanlelbun, Quintrilpe, se llev\u00f3 a cabo el segundo ataque incendiario, esta vez contra una casa patronal.<\/p>\n\n\n\n<p>Ante estos sucesos, bomberos de las localidades de Perquenco, Lautaro y Victoria se movilizaron para controlar y extinguir los incendios, mientras que Carabineros brind\u00f3 apoyo en las labores de control y seguridad.<\/p>\n\n\n\n<p>Las autoridades se encuentran investigando los hechos para determinar las circunstancias y responsables de estos actos de violencia.<\/p>\n\n\n\n<p>La regi\u00f3n de La Araucan\u00eda ha experimentado un incremento en la incidencia de ataques incendiarios en los \u00faltimos a\u00f1os, en el contexto de conflictos relacionados con la reivindicaci\u00f3n de tierras por parte de comunidades ind\u00edgenas y la demanda de mayor autonom\u00eda y reconocimiento de los derechos de los pueblos originarios. Las autoridades contin\u00faan trabajando para abordar y resolver esta problem\u00e1tica en la zona.<\/p>\n\n\n\n<figure class=\"wp-block-image size-full\"><img loading=\"lazy\" decoding=\"async\" width=\"800\" height=\"455\" src=\"https:\/\/temucotelevision.cl\/web\/wp-content\/uploads\/2023\/07\/Casa-PAtronal3.jpg\" alt=\"\" class=\"wp-image-42816\" srcset=\"https:\/\/temucotelevision.cl\/web\/wp-content\/uploads\/2023\/07\/Casa-PAtronal3.jpg 800w, https:\/\/temucotelevision.cl\/web\/wp-content\/uploads\/2023\/07\/Casa-PAtronal3-768x437.jpg 768w\" sizes=\"auto, (max-width: 800px) 100vw, 800px\" \/><\/figure>\n","protected":false},"excerpt":{"rendered":"<div class=\"pvc_clear\"><\/div>\n<p id=\"pvc_stats_42814\" class=\"pvc_stats total_only  \" data-element-id=\"42814\" style=\"\"><i class=\"pvc-stats-icon large\" aria-hidden=\"true\"><svg aria-hidden=\"true\" focusable=\"false\" data-prefix=\"far\" data-icon=\"chart-bar\" role=\"img\" xmlns=\"http:\/\/www.w3.org\/2000\/svg\" viewBox=\"0 0 512 512\" class=\"svg-inline--fa fa-chart-bar fa-w-16 fa-2x\"><path fill=\"currentColor\" d=\"M396.8 352h22.4c6.4 0 12.8-6.4 12.8-12.8V108.8c0-6.4-6.4-12.8-12.8-12.8h-22.4c-6.4 0-12.8 6.4-12.8 12.8v230.4c0 6.4 6.4 12.8 12.8 12.8zm-192 0h22.4c6.4 0 12.8-6.4 12.8-12.8V140.8c0-6.4-6.4-12.8-12.8-12.8h-22.4c-6.4 0-12.8 6.4-12.8 12.8v198.4c0 6.4 6.4 12.8 12.8 12.8zm96 0h22.4c6.4 0 12.8-6.4 12.8-12.8V204.8c0-6.4-6.4-12.8-12.8-12.8h-22.4c-6.4 0-12.8 6.4-12.8 12.8v134.4c0 6.4 6.4 12.8 12.8 12.8zM496 400H48V80c0-8.84-7.16-16-16-16H16C7.16 64 0 71.16 0 80v336c0 17.67 14.33 32 32 32h464c8.84 0 16-7.16 16-16v-16c0-8.84-7.16-16-16-16zm-387.2-48h22.4c6.4 0 12.8-6.4 12.8-12.8v-70.4c0-6.4-6.4-12.8-12.8-12.8h-22.4c-6.4 0-12.8 6.4-12.8 12.8v70.4c0 6.4 6.4 12.8 12.8 12.8z\" class=\"\"><\/path><\/svg><\/i> <img loading=\"lazy\" decoding=\"async\" width=\"16\" height=\"16\" alt=\"Loading\" src=\"https:\/\/temucotelevision.cl\/web\/wp-content\/plugins\/page-views-count\/ajax-loader-2x.gif\" border=0 \/><\/p>\n<div class=\"pvc_clear\"><\/div>\n<p>Dos ataques incendiarios se produjeron en la madrugada del domingo en las localidades de Perquenco y Lautaro, ubicadas en la<\/p>\n","protected":false},"author":1,"featured_media":42815,"comment_status":"open","ping_status":"open","sticky":false,"template":"","format":"standard","meta":{"colormag_page_container_layout":"default_layout","colormag_page_sidebar_layout":"default_layout","footnotes":""},"categories":[15],"tags":[1236,1235,304,6579],"class_list":["post-42814","post","type-post","status-publish","format-standard","has-post-thumbnail","hentry","category-la-araucania","tag-ataques","tag-atentados","tag-bomberos","tag-casa-patronal"],"a3_pvc":{"activated":true,"total_views":2231,"today_views":0},"_links":{"self":[{"href":"https:\/\/temucotelevision.cl\/web\/wp-json\/wp\/v2\/posts\/42814","targetHints":{"allow":["GET"]}}],"collection":[{"href":"https:\/\/temucotelevision.cl\/web\/wp-json\/wp\/v2\/posts"}],"about":[{"href":"https:\/\/temucotelevision.cl\/web\/wp-json\/wp\/v2\/types\/post"}],"author":[{"embeddable":true,"href":"https:\/\/temucotelevision.cl\/web\/wp-json\/wp\/v2\/users\/1"}],"replies":[{"embeddable":true,"href":"https:\/\/temucotelevision.cl\/web\/wp-json\/wp\/v2\/comments?post=42814"}],"version-history":[{"count":1,"href":"https:\/\/temucotelevision.cl\/web\/wp-json\/wp\/v2\/posts\/42814\/revisions"}],"predecessor-version":[{"id":42817,"href":"https:\/\/temucotelevision.cl\/web\/wp-json\/wp\/v2\/posts\/42814\/revisions\/42817"}],"wp:featuredmedia":[{"embeddable":true,"href":"https:\/\/temucotelevision.cl\/web\/wp-json\/wp\/v2\/media\/42815"}],"wp:attachment":[{"href":"https:\/\/temucotelevision.cl\/web\/wp-json\/wp\/v2\/media?parent=42814"}],"wp:term":[{"taxonomy":"category","embeddable":true,"href":"https:\/\/temucotelevision.cl\/web\/wp-json\/wp\/v2\/categories?post=42814"},{"taxonomy":"post_tag","embeddable":true,"href":"https:\/\/temucotelevision.cl\/web\/wp-json\/wp\/v2\/tags?post=42814"}],"curies":[{"name":"wp","href":"https:\/\/api.w.org\/{rel}","templated":true}]}}