{"id":42809,"date":"2023-07-09T00:14:24","date_gmt":"2023-07-09T03:14:24","guid":{"rendered":"https:\/\/temucotelevision.cl\/web\/?p=42809"},"modified":"2023-07-09T00:34:08","modified_gmt":"2023-07-09T03:34:08","slug":"sence-abre-cursos-para-personas-con-discapacidad-en-temuco-y-pitrufquen","status":"publish","type":"post","link":"https:\/\/temucotelevision.cl\/web\/2023\/07\/09\/sence-abre-cursos-para-personas-con-discapacidad-en-temuco-y-pitrufquen\/","title":{"rendered":"Sence abre cursos para personas con discapacidad en Temuco y Pitrufqu\u00e9n"},"content":{"rendered":"<div class=\"pvc_clear\"><\/div><p id=\"pvc_stats_42809\" class=\"pvc_stats total_only  \" data-element-id=\"42809\" style=\"\"><i class=\"pvc-stats-icon large\" aria-hidden=\"true\"><svg aria-hidden=\"true\" focusable=\"false\" data-prefix=\"far\" data-icon=\"chart-bar\" role=\"img\" xmlns=\"http:\/\/www.w3.org\/2000\/svg\" viewBox=\"0 0 512 512\" class=\"svg-inline--fa fa-chart-bar fa-w-16 fa-2x\"><path fill=\"currentColor\" d=\"M396.8 352h22.4c6.4 0 12.8-6.4 12.8-12.8V108.8c0-6.4-6.4-12.8-12.8-12.8h-22.4c-6.4 0-12.8 6.4-12.8 12.8v230.4c0 6.4 6.4 12.8 12.8 12.8zm-192 0h22.4c6.4 0 12.8-6.4 12.8-12.8V140.8c0-6.4-6.4-12.8-12.8-12.8h-22.4c-6.4 0-12.8 6.4-12.8 12.8v198.4c0 6.4 6.4 12.8 12.8 12.8zm96 0h22.4c6.4 0 12.8-6.4 12.8-12.8V204.8c0-6.4-6.4-12.8-12.8-12.8h-22.4c-6.4 0-12.8 6.4-12.8 12.8v134.4c0 6.4 6.4 12.8 12.8 12.8zM496 400H48V80c0-8.84-7.16-16-16-16H16C7.16 64 0 71.16 0 80v336c0 17.67 14.33 32 32 32h464c8.84 0 16-7.16 16-16v-16c0-8.84-7.16-16-16-16zm-387.2-48h22.4c6.4 0 12.8-6.4 12.8-12.8v-70.4c0-6.4-6.4-12.8-12.8-12.8h-22.4c-6.4 0-12.8 6.4-12.8 12.8v70.4c0 6.4 6.4 12.8 12.8 12.8z\" class=\"\"><\/path><\/svg><\/i> <img loading=\"lazy\" decoding=\"async\" width=\"16\" height=\"16\" alt=\"Loading\" src=\"https:\/\/temucotelevision.cl\/web\/wp-content\/plugins\/page-views-count\/ajax-loader-2x.gif\" border=0 \/><\/p><div class=\"pvc_clear\"><\/div>\n<p><br>Para entregar nuevas oportunidades en materia de inclusi\u00f3n laboral, el Sence abri\u00f3 en la regi\u00f3n una serie de cursos de capacitaci\u00f3n dirigidos a personas en situaci\u00f3n de discapacidad en la regi\u00f3n.<\/p>\n\n\n\n<p>As\u00ed lo dio a conocer el director regional (S) del Sence, Alex Redel, quien invit\u00f3 a las personas interesadas a inscribirse: \u201cConocemos que las personas con discapacidad tienen mayores dificultades para insertarse en un puesto de trabajo y por ello dispusimos de capacitaci\u00f3n gratuita en oficios requeridos actualmente por las empresas. La idea es mejorar las competencias de las personas y apoyar su ingreso al mercado laboral\u201d, indic\u00f3 Redel.<\/p>\n\n\n\n<p>Los cursos son los de Vendedor en tiendas por departamento, que se impartir\u00e1 en Pitrufqu\u00e9n, Atenci\u00f3n a clientes con ingl\u00e9s b\u00e1sico, Estrategias para la comercializaci\u00f3n y atenci\u00f3n de clientes en sector comercio, y Gestor de comercio electr\u00f3nico en Mypes a realizarse en Temuco. Estos son de car\u00e1cter presencial y no tienen ning\u00fan costo econ\u00f3mico para cada participante.<\/p>\n\n\n\n<p>Los mismos incluyen un proceso formativo que entregar\u00e1 conocimientos t\u00e9cnicos y competencias pr\u00e1cticas relacionadas con distintos oficios, junto con promover habilidades personales para el mundo del trabajo. Adem\u00e1s, se considera una pr\u00e1ctica laboral y un proceso de intermediaci\u00f3n.<\/p>\n\n\n\n<p>Pueden postular personas entre 18 y 50 a\u00f1os y que cuenten con menos de 6 cotizaciones previsionales en el \u00faltimo a\u00f1o. Se necesita acreditar su condici\u00f3n de discapacidad a trav\u00e9s de uno de los siguientes documentos: Inscripci\u00f3n en el Registro Nacional de Discapacidad; &nbsp;Certificado M\u00e9dico; Resoluci\u00f3n de discapacidad emitida por la Compin; Acta de emisi\u00f3n de certificado de discapacidad del Registro Civil; o bien Comprobante de pago de pensi\u00f3n de invalidez o de pensi\u00f3n b\u00e1sica solidaria de invalidez.<\/p>\n\n\n\n<p>Las postulaciones se realizan directamente en&nbsp;<a href=\"http:\/\/www.sence.cl\/\" target=\"_blank\" rel=\"noreferrer noopener\">www.sence.cl<\/a>, con la clave \u00fanica de cada persona, contando con cupos limitados.<\/p>\n\n\n\n<p><\/p>\n","protected":false},"excerpt":{"rendered":"<div class=\"pvc_clear\"><\/div>\n<p id=\"pvc_stats_42809\" class=\"pvc_stats total_only  \" data-element-id=\"42809\" style=\"\"><i class=\"pvc-stats-icon large\" aria-hidden=\"true\"><svg aria-hidden=\"true\" focusable=\"false\" data-prefix=\"far\" data-icon=\"chart-bar\" role=\"img\" xmlns=\"http:\/\/www.w3.org\/2000\/svg\" viewBox=\"0 0 512 512\" class=\"svg-inline--fa fa-chart-bar fa-w-16 fa-2x\"><path fill=\"currentColor\" d=\"M396.8 352h22.4c6.4 0 12.8-6.4 12.8-12.8V108.8c0-6.4-6.4-12.8-12.8-12.8h-22.4c-6.4 0-12.8 6.4-12.8 12.8v230.4c0 6.4 6.4 12.8 12.8 12.8zm-192 0h22.4c6.4 0 12.8-6.4 12.8-12.8V140.8c0-6.4-6.4-12.8-12.8-12.8h-22.4c-6.4 0-12.8 6.4-12.8 12.8v198.4c0 6.4 6.4 12.8 12.8 12.8zm96 0h22.4c6.4 0 12.8-6.4 12.8-12.8V204.8c0-6.4-6.4-12.8-12.8-12.8h-22.4c-6.4 0-12.8 6.4-12.8 12.8v134.4c0 6.4 6.4 12.8 12.8 12.8zM496 400H48V80c0-8.84-7.16-16-16-16H16C7.16 64 0 71.16 0 80v336c0 17.67 14.33 32 32 32h464c8.84 0 16-7.16 16-16v-16c0-8.84-7.16-16-16-16zm-387.2-48h22.4c6.4 0 12.8-6.4 12.8-12.8v-70.4c0-6.4-6.4-12.8-12.8-12.8h-22.4c-6.4 0-12.8 6.4-12.8 12.8v70.4c0 6.4 6.4 12.8 12.8 12.8z\" class=\"\"><\/path><\/svg><\/i> <img loading=\"lazy\" decoding=\"async\" width=\"16\" height=\"16\" alt=\"Loading\" src=\"https:\/\/temucotelevision.cl\/web\/wp-content\/plugins\/page-views-count\/ajax-loader-2x.gif\" border=0 \/><\/p>\n<div class=\"pvc_clear\"><\/div>\n<p>Para entregar nuevas oportunidades en materia de inclusi\u00f3n laboral, el Sence abri\u00f3 en la regi\u00f3n una serie de cursos de<\/p>\n","protected":false},"author":1,"featured_media":42810,"comment_status":"open","ping_status":"open","sticky":false,"template":"","format":"standard","meta":{"colormag_page_container_layout":"default_layout","colormag_page_sidebar_layout":"default_layout","footnotes":""},"categories":[14],"tags":[2355,1131,766,2551],"class_list":["post-42809","post","type-post","status-publish","format-standard","has-post-thumbnail","hentry","category-temuco","tag-cursos","tag-discapacidad","tag-personas","tag-sence"],"a3_pvc":{"activated":true,"total_views":534,"today_views":0},"_links":{"self":[{"href":"https:\/\/temucotelevision.cl\/web\/wp-json\/wp\/v2\/posts\/42809","targetHints":{"allow":["GET"]}}],"collection":[{"href":"https:\/\/temucotelevision.cl\/web\/wp-json\/wp\/v2\/posts"}],"about":[{"href":"https:\/\/temucotelevision.cl\/web\/wp-json\/wp\/v2\/types\/post"}],"author":[{"embeddable":true,"href":"https:\/\/temucotelevision.cl\/web\/wp-json\/wp\/v2\/users\/1"}],"replies":[{"embeddable":true,"href":"https:\/\/temucotelevision.cl\/web\/wp-json\/wp\/v2\/comments?post=42809"}],"version-history":[{"count":2,"href":"https:\/\/temucotelevision.cl\/web\/wp-json\/wp\/v2\/posts\/42809\/revisions"}],"predecessor-version":[{"id":42813,"href":"https:\/\/temucotelevision.cl\/web\/wp-json\/wp\/v2\/posts\/42809\/revisions\/42813"}],"wp:featuredmedia":[{"embeddable":true,"href":"https:\/\/temucotelevision.cl\/web\/wp-json\/wp\/v2\/media\/42810"}],"wp:attachment":[{"href":"https:\/\/temucotelevision.cl\/web\/wp-json\/wp\/v2\/media?parent=42809"}],"wp:term":[{"taxonomy":"category","embeddable":true,"href":"https:\/\/temucotelevision.cl\/web\/wp-json\/wp\/v2\/categories?post=42809"},{"taxonomy":"post_tag","embeddable":true,"href":"https:\/\/temucotelevision.cl\/web\/wp-json\/wp\/v2\/tags?post=42809"}],"curies":[{"name":"wp","href":"https:\/\/api.w.org\/{rel}","templated":true}]}}