{"id":42806,"date":"2023-07-08T18:31:29","date_gmt":"2023-07-08T21:31:29","guid":{"rendered":"https:\/\/temucotelevision.cl\/web\/?p=42806"},"modified":"2023-07-08T18:31:30","modified_gmt":"2023-07-08T21:31:30","slug":"cultura-activa-ciclo-de-actividades-culturales-en-temuco-culmina-con-gran-exito-en-el-museo-pablo-neruda","status":"publish","type":"post","link":"https:\/\/temucotelevision.cl\/web\/2023\/07\/08\/cultura-activa-ciclo-de-actividades-culturales-en-temuco-culmina-con-gran-exito-en-el-museo-pablo-neruda\/","title":{"rendered":"\u201cCultura Activa\u201d: Ciclo de actividades culturales en Temuco culmina con gran \u00e9xito en el Museo Pablo Neruda"},"content":{"rendered":"<div class=\"pvc_clear\"><\/div><p id=\"pvc_stats_42806\" class=\"pvc_stats total_only  \" data-element-id=\"42806\" style=\"\"><i class=\"pvc-stats-icon large\" aria-hidden=\"true\"><svg aria-hidden=\"true\" focusable=\"false\" data-prefix=\"far\" data-icon=\"chart-bar\" role=\"img\" xmlns=\"http:\/\/www.w3.org\/2000\/svg\" viewBox=\"0 0 512 512\" class=\"svg-inline--fa fa-chart-bar fa-w-16 fa-2x\"><path fill=\"currentColor\" d=\"M396.8 352h22.4c6.4 0 12.8-6.4 12.8-12.8V108.8c0-6.4-6.4-12.8-12.8-12.8h-22.4c-6.4 0-12.8 6.4-12.8 12.8v230.4c0 6.4 6.4 12.8 12.8 12.8zm-192 0h22.4c6.4 0 12.8-6.4 12.8-12.8V140.8c0-6.4-6.4-12.8-12.8-12.8h-22.4c-6.4 0-12.8 6.4-12.8 12.8v198.4c0 6.4 6.4 12.8 12.8 12.8zm96 0h22.4c6.4 0 12.8-6.4 12.8-12.8V204.8c0-6.4-6.4-12.8-12.8-12.8h-22.4c-6.4 0-12.8 6.4-12.8 12.8v134.4c0 6.4 6.4 12.8 12.8 12.8zM496 400H48V80c0-8.84-7.16-16-16-16H16C7.16 64 0 71.16 0 80v336c0 17.67 14.33 32 32 32h464c8.84 0 16-7.16 16-16v-16c0-8.84-7.16-16-16-16zm-387.2-48h22.4c6.4 0 12.8-6.4 12.8-12.8v-70.4c0-6.4-6.4-12.8-12.8-12.8h-22.4c-6.4 0-12.8 6.4-12.8 12.8v70.4c0 6.4 6.4 12.8 12.8 12.8z\" class=\"\"><\/path><\/svg><\/i> <img loading=\"lazy\" decoding=\"async\" width=\"16\" height=\"16\" alt=\"Loading\" src=\"https:\/\/temucotelevision.cl\/web\/wp-content\/plugins\/page-views-count\/ajax-loader-2x.gif\" border=0 \/><\/p><div class=\"pvc_clear\"><\/div>\n<p>M\u00e1s de 5 mil personas fueron parte de las iniciativas culturales financiada por la Convocatoria P\u00fablica 2022 para la Gesti\u00f3n Cultural Local que ejecut\u00f3 la municipalidad de Temuco durante el primer semestre de este a\u00f1o.<strong><\/strong><\/p>\n\n\n\n<p>La Direcci\u00f3n de Turismo, Patrimonio y Cultura realiz\u00f3 una evaluaci\u00f3n positiva de las actividades del programa &#8220;Cultura Activa&#8221; llevadas a cabo en el Museo Nacional Ferroviario Pablo Neruda durante el primer semestre de este a\u00f1o. Estas actividades permitieron la participaci\u00f3n de m\u00e1s de 5 mil personas, incluyendo a m\u00e1s de 60 artistas de la escena y trabajadores de las artes.<\/p>\n\n\n\n<p>En ese sentido, el alcalde de Temuco, Roberto Neira, dijo que, \u201cque nuestro compromiso con el arte y la cultura se ha materializado a trav\u00e9s de una amplia variedad de eventos. Hemos ofrecido espect\u00e1culos que abarcaron diversos g\u00e9neros, como m\u00fasica, teatro, circo y danza, los cuales han sido recibidos con entusiasmo por parte de los asistentes. En particular, el museo se ha convertido en un espacio de expresi\u00f3n art\u00edstica donde distintas compa\u00f1\u00edas pueden aprovechar su carga hist\u00f3rica y cultural para brindar experiencias \u00fanicas. Seguiremos trabajando incansablemente junto a nuestros equipos municipales para potenciar a\u00fan m\u00e1s las propuestas art\u00edsticas y garantizar que podamos continuar trayendo iniciativas culturales de esta magnitud a Temuco\u201d.<\/p>\n\n\n\n<p>Este proyecto, financiado por la Convocatoria P\u00fablica 2022 para la Gesti\u00f3n Cultural Local del Ministerio de Cultura, las Artes y el Patrimonio, hizo posible la realizaci\u00f3n de actividades de primer nivel. Entre las destacadas se encuentran espect\u00e1culos de m\u00fasica en vivo, como la actuaci\u00f3n de la artista nacional Pascuala Ilabaca y la banda regional de blues Coolcats. Asimismo, se llevaron a cabo obras teatrales como &#8220;Kim y el \u00daltimo Para\u00edso al Fin del Mundo&#8221; de Teatro en Tr\u00e1nsito y &#8220;60 A\u00f1os sin Gabriela&#8221; de la compa\u00f1\u00eda de Teatro La Libertad, las cuales dejaron encantados a quienes pudieron presenciar estas puestas en escena.<\/p>\n\n\n\n<p>Mirta Calder\u00f3n, asistente a la obra 60 A\u00f1os sin Gabriela, coment\u00f3: &#8216;Una obra espectacular con una fuerza incre\u00edble, vers\u00e1til total. No solo actuaron, cantaron y mostraron todo lo que ellos saben hacer, sino que lo hicieron de forma grandiosa'&#8221;.<\/p>\n\n\n\n<p>Karina Quezada, asistente a la actividad, expres\u00f3 que, \u201cme parece fant\u00e1stico que se abrieran tantas actividades culturales en Temuco. Este espacio es tan maravilloso que espero que se repitan iniciativas de este tipo\u201d, se\u00f1al\u00f3.<\/p>\n\n\n\n<p>Este ciclo art\u00edstico tambi\u00e9n incluy\u00f3 propuestas circenses como &#8220;El Mensaje del Colibr\u00ed&#8221; de la Compa\u00f1\u00eda Barbarie, &#8220;Volar\u00e9&#8221; de la Compa\u00f1\u00eda Soluto, &#8220;El circo con Ursaris, el \u00faltimo encantador de osos&#8221; de la Compa\u00f1\u00eda Cirkoqoshka y &#8220;Corazones de Pista&#8221; de la compa\u00f1\u00eda C\u00edrculo Ridiculus. El ciclo de actividades culmin\u00f3 el pasado mes de junio con el Proyecto de Investigaci\u00f3n y Creaci\u00f3n de danza &#8220;Trasplantadxs&#8221; de la agrupaci\u00f3n Insistencia Colektiva.<\/p>\n","protected":false},"excerpt":{"rendered":"<div class=\"pvc_clear\"><\/div>\n<p id=\"pvc_stats_42806\" class=\"pvc_stats total_only  \" data-element-id=\"42806\" style=\"\"><i class=\"pvc-stats-icon large\" aria-hidden=\"true\"><svg aria-hidden=\"true\" focusable=\"false\" data-prefix=\"far\" data-icon=\"chart-bar\" role=\"img\" xmlns=\"http:\/\/www.w3.org\/2000\/svg\" viewBox=\"0 0 512 512\" class=\"svg-inline--fa fa-chart-bar fa-w-16 fa-2x\"><path fill=\"currentColor\" d=\"M396.8 352h22.4c6.4 0 12.8-6.4 12.8-12.8V108.8c0-6.4-6.4-12.8-12.8-12.8h-22.4c-6.4 0-12.8 6.4-12.8 12.8v230.4c0 6.4 6.4 12.8 12.8 12.8zm-192 0h22.4c6.4 0 12.8-6.4 12.8-12.8V140.8c0-6.4-6.4-12.8-12.8-12.8h-22.4c-6.4 0-12.8 6.4-12.8 12.8v198.4c0 6.4 6.4 12.8 12.8 12.8zm96 0h22.4c6.4 0 12.8-6.4 12.8-12.8V204.8c0-6.4-6.4-12.8-12.8-12.8h-22.4c-6.4 0-12.8 6.4-12.8 12.8v134.4c0 6.4 6.4 12.8 12.8 12.8zM496 400H48V80c0-8.84-7.16-16-16-16H16C7.16 64 0 71.16 0 80v336c0 17.67 14.33 32 32 32h464c8.84 0 16-7.16 16-16v-16c0-8.84-7.16-16-16-16zm-387.2-48h22.4c6.4 0 12.8-6.4 12.8-12.8v-70.4c0-6.4-6.4-12.8-12.8-12.8h-22.4c-6.4 0-12.8 6.4-12.8 12.8v70.4c0 6.4 6.4 12.8 12.8 12.8z\" class=\"\"><\/path><\/svg><\/i> <img loading=\"lazy\" decoding=\"async\" width=\"16\" height=\"16\" alt=\"Loading\" src=\"https:\/\/temucotelevision.cl\/web\/wp-content\/plugins\/page-views-count\/ajax-loader-2x.gif\" border=0 \/><\/p>\n<div class=\"pvc_clear\"><\/div>\n<p>M\u00e1s de 5 mil personas fueron parte de las iniciativas culturales financiada por la Convocatoria P\u00fablica 2022 para la Gesti\u00f3n<\/p>\n","protected":false},"author":1,"featured_media":42807,"comment_status":"open","ping_status":"open","sticky":false,"template":"","format":"standard","meta":{"colormag_page_container_layout":"default_layout","colormag_page_sidebar_layout":"default_layout","footnotes":""},"categories":[86,14],"tags":[488,875,529],"class_list":["post-42806","post","type-post","status-publish","format-standard","has-post-thumbnail","hentry","category-panoramas","category-temuco","tag-cultura","tag-ferroviario","tag-museo"],"a3_pvc":{"activated":true,"total_views":1084,"today_views":0},"_links":{"self":[{"href":"https:\/\/temucotelevision.cl\/web\/wp-json\/wp\/v2\/posts\/42806","targetHints":{"allow":["GET"]}}],"collection":[{"href":"https:\/\/temucotelevision.cl\/web\/wp-json\/wp\/v2\/posts"}],"about":[{"href":"https:\/\/temucotelevision.cl\/web\/wp-json\/wp\/v2\/types\/post"}],"author":[{"embeddable":true,"href":"https:\/\/temucotelevision.cl\/web\/wp-json\/wp\/v2\/users\/1"}],"replies":[{"embeddable":true,"href":"https:\/\/temucotelevision.cl\/web\/wp-json\/wp\/v2\/comments?post=42806"}],"version-history":[{"count":1,"href":"https:\/\/temucotelevision.cl\/web\/wp-json\/wp\/v2\/posts\/42806\/revisions"}],"predecessor-version":[{"id":42808,"href":"https:\/\/temucotelevision.cl\/web\/wp-json\/wp\/v2\/posts\/42806\/revisions\/42808"}],"wp:featuredmedia":[{"embeddable":true,"href":"https:\/\/temucotelevision.cl\/web\/wp-json\/wp\/v2\/media\/42807"}],"wp:attachment":[{"href":"https:\/\/temucotelevision.cl\/web\/wp-json\/wp\/v2\/media?parent=42806"}],"wp:term":[{"taxonomy":"category","embeddable":true,"href":"https:\/\/temucotelevision.cl\/web\/wp-json\/wp\/v2\/categories?post=42806"},{"taxonomy":"post_tag","embeddable":true,"href":"https:\/\/temucotelevision.cl\/web\/wp-json\/wp\/v2\/tags?post=42806"}],"curies":[{"name":"wp","href":"https:\/\/api.w.org\/{rel}","templated":true}]}}