{"id":42796,"date":"2023-07-08T17:45:30","date_gmt":"2023-07-08T20:45:30","guid":{"rendered":"https:\/\/temucotelevision.cl\/web\/?p=42796"},"modified":"2023-07-08T18:14:27","modified_gmt":"2023-07-08T21:14:27","slug":"alcalde-neira-y-el-trabajo-con-fundaciones-en-temuco-no-se-puede-meter-a-todas-en-un-saco-aqui-las-experiencias-han-sido-exitosas","status":"publish","type":"post","link":"https:\/\/temucotelevision.cl\/web\/2023\/07\/08\/alcalde-neira-y-el-trabajo-con-fundaciones-en-temuco-no-se-puede-meter-a-todas-en-un-saco-aqui-las-experiencias-han-sido-exitosas\/","title":{"rendered":"Alcalde Neira y el trabajo con fundaciones en Temuco: \u201cno se puede meter a todas en un saco; aqu\u00ed, las experiencias han sido exitosas\u201d"},"content":{"rendered":"<div class=\"pvc_clear\"><\/div><p id=\"pvc_stats_42796\" class=\"pvc_stats total_only  \" data-element-id=\"42796\" style=\"\"><i class=\"pvc-stats-icon large\" aria-hidden=\"true\"><svg aria-hidden=\"true\" focusable=\"false\" data-prefix=\"far\" data-icon=\"chart-bar\" role=\"img\" xmlns=\"http:\/\/www.w3.org\/2000\/svg\" viewBox=\"0 0 512 512\" class=\"svg-inline--fa fa-chart-bar fa-w-16 fa-2x\"><path fill=\"currentColor\" d=\"M396.8 352h22.4c6.4 0 12.8-6.4 12.8-12.8V108.8c0-6.4-6.4-12.8-12.8-12.8h-22.4c-6.4 0-12.8 6.4-12.8 12.8v230.4c0 6.4 6.4 12.8 12.8 12.8zm-192 0h22.4c6.4 0 12.8-6.4 12.8-12.8V140.8c0-6.4-6.4-12.8-12.8-12.8h-22.4c-6.4 0-12.8 6.4-12.8 12.8v198.4c0 6.4 6.4 12.8 12.8 12.8zm96 0h22.4c6.4 0 12.8-6.4 12.8-12.8V204.8c0-6.4-6.4-12.8-12.8-12.8h-22.4c-6.4 0-12.8 6.4-12.8 12.8v134.4c0 6.4 6.4 12.8 12.8 12.8zM496 400H48V80c0-8.84-7.16-16-16-16H16C7.16 64 0 71.16 0 80v336c0 17.67 14.33 32 32 32h464c8.84 0 16-7.16 16-16v-16c0-8.84-7.16-16-16-16zm-387.2-48h22.4c6.4 0 12.8-6.4 12.8-12.8v-70.4c0-6.4-6.4-12.8-12.8-12.8h-22.4c-6.4 0-12.8 6.4-12.8 12.8v70.4c0 6.4 6.4 12.8 12.8 12.8z\" class=\"\"><\/path><\/svg><\/i> <img loading=\"lazy\" decoding=\"async\" width=\"16\" height=\"16\" alt=\"Loading\" src=\"https:\/\/temucotelevision.cl\/web\/wp-content\/plugins\/page-views-count\/ajax-loader-2x.gif\" border=0 \/><\/p><div class=\"pvc_clear\"><\/div>\n<p>Los asistentes al sal\u00f3n del Concejo Municipal estaban expectantes a las palabras del alcalde Roberto Neira, respecto de la participaci\u00f3n de la Fundaci\u00f3n Urbanismo Social en la comuna de Temuco. No obstante, para la plana de concejales no fue una novedad la intervenci\u00f3n de la autoridad local, ya que desde que parti\u00f3 la idea innovadora de trabajar con Locales Conectados, toda informaci\u00f3n fue transparentada por las autoridades a la comunidad.<\/p>\n\n\n\n<p>En su intervenci\u00f3n, el alcalde se refiri\u00f3 a los costos de inversi\u00f3n, por un total de $138.925.000, pesos, beneficiando a m\u00e1s de 5 mil personas. Del mismo modo, Neira se refiri\u00f3 a las compras realizadas en el comercio territorial, de los cuales 274 negocios recibieron ingresos a trav\u00e9s de este sistema.<\/p>\n\n\n\n<p>Al respecto, el alcalde Roberto Neira dijo que&nbsp;Urbanismo Social cumpli\u00f3 las expectativas planteadas en el plan piloto, agregando que la iniciativa, por lo exitosa, iba a continuar con un aumento de inversi\u00f3n, de 150 a 200 millones, para llegar a m\u00e1s personas. La autoridad agreg\u00f3 que \u201choy tenemos que suspenderla, cuando ten\u00edamos pensado usarla para 18 septiembre y Navidad, donde m\u00e1s se necesita, por meter a todas las fundaciones en un saco. No se la experiencia en otras regiones; pero aqu\u00ed, s\u00ed fue exitosa.<\/p>\n\n\n\n<p>Neira se refiri\u00f3 a la percepci\u00f3n ciudadana y del comercio, a\u00f1adiendo que \u201chicimos una evaluaci\u00f3n del servicio y a todos le preguntamos si les gustar\u00eda que este beneficio, volviese a ser fomentado por la Municipalidad; y el 100% dijo que s\u00ed a esta f\u00f3rmula nueva de entregar ayuda social\u201d.<\/p>\n\n\n\n<p>Las opiniones de los concejales, en la sesi\u00f3n, no se hicieron esperar.<\/p>\n\n\n\n<p>Esteban Barriga, dijo que independientemente de lo que, a modo personal se crea, \u201chay que esperar qu\u00e9 es lo que dice lo legal, para poder renovar contrataciones; yo, en realidad, esperar\u00eda, lo empecemos a desarrollar, porque me parece una tremenda oportunidad\u201d.&nbsp;<\/p>\n\n\n\n<p>Por su parte, Marco Antonio V\u00e1squez invit\u00f3 a seguir apoyando a vecinos y vecinas \u201cah\u00ed donde m\u00e1s le duele y m\u00e1s lo necesitan; siempre y cuando, avanzando con probidad, con transparencia, de tal manera que las cosas se hagan bien\u201d.<\/p>\n\n\n\n<p>Freddy Cartes coment\u00f3 que todos los concejales decidieron trabajar con la fundaci\u00f3n y realizar la inversi\u00f3n, agradeciendo la transparente rendici\u00f3n realizada por el alcalde Neira. Indic\u00f3 que \u201ces un sistema que ha gustado, tanto en los negocios como a los vecinos; entonces, no por una cacer\u00eda de brujas, que empiezan en temporadas, no vamos a matar una buena idea o un buen proyecto\u201d.&nbsp;<\/p>\n\n\n\n<p>La concejala Claudia Pe\u00f1ailillo dijo que hay fundaciones serias que llevan a\u00f1os haciendo un excelente trabajo, por lo que pudieran pagar \u201cjustos por pecadores\u201d. La autoridad a\u00f1adi\u00f3 \u201ccuando se llegue a una investigaci\u00f3n, quedar\u00e1n los justos y los pecadores tendr\u00e1n que responder ante la justicia. Pero para que eso ocurra hay que investigar y el informe que dio el alcalde da tranquilidad.\u201d&nbsp;<\/p>\n\n\n\n<p><strong><em>Otras fundaciones con trabajo serio en Temuco<\/em><\/strong><\/p>\n\n\n\n<p>Cabe mencionar que la Municipalidad est\u00e1 trabajando con fundaciones de trayectoria y que, seg\u00fan la informaci\u00f3n entregada por la Unidad de Control Municipal,&nbsp;los fondos entregados son auditados por funcionarios que durante a\u00f1os realizan exhaustivas revisiones a organizaciones, emitiendo informes regularmente para su revisi\u00f3n.&nbsp;<\/p>\n\n\n\n<p>Ejemplo de esto, es el realizado por la fundaci\u00f3n Cumplido Circular, cuyo trabajo ha permitido que&nbsp;diariamente se reciclen 2.8 toneladas de pl\u00e1stico para ser reutilizados en infraestructura p\u00fablica, contemplando construir al menos cinco&nbsp;eco plazas durante lo que resta del a\u00f1o. Y tambi\u00e9n resalta la labor con Caritas Chile, con quien el municipio est\u00e1 trabajando en una casa de acogida para ayudar a personas que viven en situaci\u00f3n de calle, emergencias, migrantes o que sean v\u00edctimas de violencia intrafamiliar.<\/p>\n","protected":false},"excerpt":{"rendered":"<div class=\"pvc_clear\"><\/div>\n<p id=\"pvc_stats_42796\" class=\"pvc_stats total_only  \" data-element-id=\"42796\" style=\"\"><i class=\"pvc-stats-icon large\" aria-hidden=\"true\"><svg aria-hidden=\"true\" focusable=\"false\" data-prefix=\"far\" data-icon=\"chart-bar\" role=\"img\" xmlns=\"http:\/\/www.w3.org\/2000\/svg\" viewBox=\"0 0 512 512\" class=\"svg-inline--fa fa-chart-bar fa-w-16 fa-2x\"><path fill=\"currentColor\" d=\"M396.8 352h22.4c6.4 0 12.8-6.4 12.8-12.8V108.8c0-6.4-6.4-12.8-12.8-12.8h-22.4c-6.4 0-12.8 6.4-12.8 12.8v230.4c0 6.4 6.4 12.8 12.8 12.8zm-192 0h22.4c6.4 0 12.8-6.4 12.8-12.8V140.8c0-6.4-6.4-12.8-12.8-12.8h-22.4c-6.4 0-12.8 6.4-12.8 12.8v198.4c0 6.4 6.4 12.8 12.8 12.8zm96 0h22.4c6.4 0 12.8-6.4 12.8-12.8V204.8c0-6.4-6.4-12.8-12.8-12.8h-22.4c-6.4 0-12.8 6.4-12.8 12.8v134.4c0 6.4 6.4 12.8 12.8 12.8zM496 400H48V80c0-8.84-7.16-16-16-16H16C7.16 64 0 71.16 0 80v336c0 17.67 14.33 32 32 32h464c8.84 0 16-7.16 16-16v-16c0-8.84-7.16-16-16-16zm-387.2-48h22.4c6.4 0 12.8-6.4 12.8-12.8v-70.4c0-6.4-6.4-12.8-12.8-12.8h-22.4c-6.4 0-12.8 6.4-12.8 12.8v70.4c0 6.4 6.4 12.8 12.8 12.8z\" class=\"\"><\/path><\/svg><\/i> <img loading=\"lazy\" decoding=\"async\" width=\"16\" height=\"16\" alt=\"Loading\" src=\"https:\/\/temucotelevision.cl\/web\/wp-content\/plugins\/page-views-count\/ajax-loader-2x.gif\" border=0 \/><\/p>\n<div class=\"pvc_clear\"><\/div>\n<p>Los asistentes al sal\u00f3n del Concejo Municipal estaban expectantes a las palabras del alcalde Roberto Neira, respecto de la participaci\u00f3n<\/p>\n","protected":false},"author":1,"featured_media":42797,"comment_status":"open","ping_status":"open","sticky":false,"template":"","format":"standard","meta":{"colormag_page_container_layout":"default_layout","colormag_page_sidebar_layout":"default_layout","footnotes":""},"categories":[15],"tags":[202,6561,1954,342],"class_list":["post-42796","post","type-post","status-publish","format-standard","has-post-thumbnail","hentry","category-la-araucania","tag-alcalde","tag-fundaciones","tag-neira","tag-trabajo"],"a3_pvc":{"activated":true,"total_views":2770,"today_views":0},"_links":{"self":[{"href":"https:\/\/temucotelevision.cl\/web\/wp-json\/wp\/v2\/posts\/42796","targetHints":{"allow":["GET"]}}],"collection":[{"href":"https:\/\/temucotelevision.cl\/web\/wp-json\/wp\/v2\/posts"}],"about":[{"href":"https:\/\/temucotelevision.cl\/web\/wp-json\/wp\/v2\/types\/post"}],"author":[{"embeddable":true,"href":"https:\/\/temucotelevision.cl\/web\/wp-json\/wp\/v2\/users\/1"}],"replies":[{"embeddable":true,"href":"https:\/\/temucotelevision.cl\/web\/wp-json\/wp\/v2\/comments?post=42796"}],"version-history":[{"count":1,"href":"https:\/\/temucotelevision.cl\/web\/wp-json\/wp\/v2\/posts\/42796\/revisions"}],"predecessor-version":[{"id":42798,"href":"https:\/\/temucotelevision.cl\/web\/wp-json\/wp\/v2\/posts\/42796\/revisions\/42798"}],"wp:featuredmedia":[{"embeddable":true,"href":"https:\/\/temucotelevision.cl\/web\/wp-json\/wp\/v2\/media\/42797"}],"wp:attachment":[{"href":"https:\/\/temucotelevision.cl\/web\/wp-json\/wp\/v2\/media?parent=42796"}],"wp:term":[{"taxonomy":"category","embeddable":true,"href":"https:\/\/temucotelevision.cl\/web\/wp-json\/wp\/v2\/categories?post=42796"},{"taxonomy":"post_tag","embeddable":true,"href":"https:\/\/temucotelevision.cl\/web\/wp-json\/wp\/v2\/tags?post=42796"}],"curies":[{"name":"wp","href":"https:\/\/api.w.org\/{rel}","templated":true}]}}